{"id":5627,"date":"2020-09-09T06:16:12","date_gmt":"2020-09-09T04:16:12","guid":{"rendered":"https:\/\/www.milosnicylasu.olsztyn.pl\/?p=5627"},"modified":"2020-09-09T06:16:12","modified_gmt":"2020-09-09T04:16:12","slug":"wyniki-konkursu-kwiaty-na-dzien-matki","status":"publish","type":"post","link":"https:\/\/www.milosnicylasu.olsztyn.pl\/?p=5627","title":{"rendered":"Wyniki konkursu \u201eKwiaty na Dzie\u0144 Matki"},"content":{"rendered":"<p><a href=\"https:\/\/www.milosnicylasu.olsztyn.pl\/wp-content\/uploads\/2020\/05\/g-www.jpg\" data-rel=\"lightbox-image-0\" data-magnific_type=\"image\" data-rl_title=\"\" data-rl_caption=\"\" title=\"\"><img loading=\"lazy\" decoding=\"async\" class=\"size-medium wp-image-5547 alignleft\" src=\"https:\/\/www.milosnicylasu.olsztyn.pl\/wp-content\/uploads\/2020\/05\/g-www-300x225.jpg\" alt=\"\" width=\"300\" height=\"225\" srcset=\"https:\/\/www.milosnicylasu.olsztyn.pl\/wp-content\/uploads\/2020\/05\/g-www-300x225.jpg 300w, https:\/\/www.milosnicylasu.olsztyn.pl\/wp-content\/uploads\/2020\/05\/g-www-768x576.jpg 768w, https:\/\/www.milosnicylasu.olsztyn.pl\/wp-content\/uploads\/2020\/05\/g-www.jpg 1024w\" sizes=\"auto, (max-width: 300px) 100vw, 300px\" \/><\/a><\/p>\n<p>W imieniu organizator\u00f3w serdeczne dzi\u0119kujemy \u00a0osobom, kt\u00f3re wzi\u0119\u0142y udzia\u0142\u00a0 i przes\u0142a\u0142y odpowiedzi konkursowe.<\/p>\n<p>Udzia\u0142 wzi\u0119\u0142o 27 os\u00f3b, prawid\u0142owe odpowiedzi nades\u0142a\u0142o 11\u00a0 w tym\u00a0 od jednej osoby otrzymali\u015bmy po regulaminowym terminie.<\/p>\n<p><strong>\u00a0\u00a0\u00a0\u00a0\u00a0\u00a0\u00a0\u00a0\u00a0\u00a0\u00a0\u00a0\u00a0 \u00a0<\/strong><\/p>\n<p>&nbsp;<\/p>\n<p>&nbsp;<\/p>\n<p>&nbsp;<\/p>\n<p><strong>\u00a0Zwyci\u0119zcy konkursu, kt\u00f3rzy spe\u0142nili wymogi regulaminu konkursowego.<\/strong><\/p>\n<ol>\n<li>Barbara Bruzgo<\/li>\n<li>Wies\u0142awa Filipek<\/li>\n<li>Stefania Jarczyk<\/li>\n<li>Micha\u0142 K\u0142\u0119bukowski<\/li>\n<li>Irena \u0141api\u0144ska<\/li>\n<li>Ela Rejniak<\/li>\n<li>Bo\u017cena Parzych<\/li>\n<li>Danuta Horszwald<\/li>\n<li>Jolanta Gazda<\/li>\n<li>J\u00f3zef Klucz<\/li>\n<\/ol>\n<p>Gratulujemy zwyci\u0119zcom konkursu, wr\u0119czenie nagr\u00f3d na najbli\u017cszym spotkaniu Ko\u0142a.<\/p>\n<p>W\u0142a\u015bciwe odpowiedzi konkursowe.<\/p>\n<ol>\n<li>Groszek wiosenny<\/li>\n<li>Przylaszczka pospolita<\/li>\n<li>Zawilec gajowy<\/li>\n<li>Konwalia majowa<\/li>\n<li>Mniszek lekarski<\/li>\n<li>Jab\u0142o\u0144 domowa<\/li>\n<li>Niezapominajka, niezabudka<\/li>\n<li>Zawilec \u017c\u00f3\u0142ty<\/li>\n<li>Fio\u0142ek le\u015bny<\/li>\n<li>Rogownica pospolita<\/li>\n<\/ol>\n<p><strong>Pomys\u0142odawc\u0105 konkursu i sponsorem nagr\u00f3d ksi\u0105\u017ckowych by\u0142 nasz Kolego Adam Siemakowicz. Dzi\u0119kujemy!<\/strong><\/p>\n<p>&nbsp;<\/p>\n","protected":false},"excerpt":{"rendered":"<p>W imieniu organizator\u00f3w serdeczne dzi\u0119kujemy \u00a0osobom, kt\u00f3re wzi\u0119\u0142y udzia\u0142\u00a0 i przes\u0142a\u0142y odpowiedzi konkursowe. Udzia\u0142 wzi\u0119\u0142o 27 os\u00f3b, prawid\u0142owe odpowiedzi nades\u0142a\u0142o 11\u00a0 w tym\u00a0 od jednej osoby otrzymali\u015bmy po regulaminowym terminie. \u00a0\u00a0\u00a0\u00a0\u00a0\u00a0\u00a0\u00a0\u00a0\u00a0\u00a0\u00a0\u00a0 \u00a0 &nbsp; &nbsp; &nbsp; \u00a0Zwyci\u0119zcy konkursu, kt\u00f3rzy spe\u0142nili wymogi regulaminu konkursowego. Barbara Bruzgo Wies\u0142awa Filipek Stefania Jarczyk Micha\u0142 K\u0142\u0119bukowski Irena \u0141api\u0144ska Ela Rejniak Bo\u017cena [&hellip;]<\/p>\n","protected":false},"author":2,"featured_media":0,"comment_status":"open","ping_status":"open","sticky":false,"template":"","format":"standard","meta":{"footnotes":""},"categories":[1,15],"tags":[],"class_list":["post-5627","post","type-post","status-publish","format-standard","hentry","category-bez-kategorii","category-komkurs"],"_links":{"self":[{"href":"https:\/\/www.milosnicylasu.olsztyn.pl\/index.php?rest_route=\/wp\/v2\/posts\/5627","targetHints":{"allow":["GET"]}}],"collection":[{"href":"https:\/\/www.milosnicylasu.olsztyn.pl\/index.php?rest_route=\/wp\/v2\/posts"}],"about":[{"href":"https:\/\/www.milosnicylasu.olsztyn.pl\/index.php?rest_route=\/wp\/v2\/types\/post"}],"author":[{"embeddable":true,"href":"https:\/\/www.milosnicylasu.olsztyn.pl\/index.php?rest_route=\/wp\/v2\/users\/2"}],"replies":[{"embeddable":true,"href":"https:\/\/www.milosnicylasu.olsztyn.pl\/index.php?rest_route=%2Fwp%2Fv2%2Fcomments&post=5627"}],"version-history":[{"count":1,"href":"https:\/\/www.milosnicylasu.olsztyn.pl\/index.php?rest_route=\/wp\/v2\/posts\/5627\/revisions"}],"predecessor-version":[{"id":5628,"href":"https:\/\/www.milosnicylasu.olsztyn.pl\/index.php?rest_route=\/wp\/v2\/posts\/5627\/revisions\/5628"}],"wp:attachment":[{"href":"https:\/\/www.milosnicylasu.olsztyn.pl\/index.php?rest_route=%2Fwp%2Fv2%2Fmedia&parent=5627"}],"wp:term":[{"taxonomy":"category","embeddable":true,"href":"https:\/\/www.milosnicylasu.olsztyn.pl\/index.php?rest_route=%2Fwp%2Fv2%2Fcategories&post=5627"},{"taxonomy":"post_tag","embeddable":true,"href":"https:\/\/www.milosnicylasu.olsztyn.pl\/index.php?rest_route=%2Fwp%2Fv2%2Ftags&post=5627"}],"curies":[{"name":"wp","href":"https:\/\/api.w.org\/{rel}","templated":true}]}}