{"id":5635,"date":"2020-09-17T18:32:27","date_gmt":"2020-09-17T16:32:27","guid":{"rendered":"https:\/\/www.milosnicylasu.olsztyn.pl\/?p=5635"},"modified":"2020-09-23T20:10:41","modified_gmt":"2020-09-23T18:10:41","slug":"lesnicy-na-medal","status":"publish","type":"post","link":"https:\/\/www.milosnicylasu.olsztyn.pl\/?p=5635","title":{"rendered":"Le\u015bnicy na medal"},"content":{"rendered":"<div class=\"journal-content-article\">\n<div id=\"article-39234133\" class=\"nfh-cp-article\">\n<p class=\"description\"><a href=\"https:\/\/www.milosnicylasu.olsztyn.pl\/wp-content\/uploads\/2020\/09\/IMG-20200917-WA0007-www.jpg\" data-rel=\"lightbox-image-0\" data-magnific_type=\"image\" data-rl_title=\"\" data-rl_caption=\"\" title=\"\"><img loading=\"lazy\" decoding=\"async\" class=\"size-medium wp-image-5637 alignleft\" src=\"https:\/\/www.milosnicylasu.olsztyn.pl\/wp-content\/uploads\/2020\/09\/IMG-20200917-WA0007-www-300x225.jpg\" alt=\"\" width=\"300\" height=\"225\" srcset=\"https:\/\/www.milosnicylasu.olsztyn.pl\/wp-content\/uploads\/2020\/09\/IMG-20200917-WA0007-www-300x225.jpg 300w, https:\/\/www.milosnicylasu.olsztyn.pl\/wp-content\/uploads\/2020\/09\/IMG-20200917-WA0007-www-768x576.jpg 768w, https:\/\/www.milosnicylasu.olsztyn.pl\/wp-content\/uploads\/2020\/09\/IMG-20200917-WA0007-www.jpg 1024w\" sizes=\"auto, (max-width: 300px) 100vw, 300px\" \/><\/a>Zapraszamy na stron\u0119 internetow\u0105 RDLP w Olsztynie, gdzie rzecznik Adam Pietrzak umie\u015bci\u0142 informacje o wyj\u0105tkowej uroczysto\u015bci, kt\u00f3ra mia\u0142a miejsce w siedzibie Dyrekcji 17 wrze\u015bnia 2020 roku.<\/p>\n<p class=\"description\"><strong><em>&#8222;Zas\u0142u\u017ceni dla Ligi Obrony Kraju le\u015bnicy \u2013 z Dyrektorem RDLP w Olsztynie Adamem Roczniakiem na czele \u2013 otrzymali honorowe odznaczenia i medale.<a href=\"https:\/\/www.milosnicylasu.olsztyn.pl\/wp-content\/uploads\/2020\/09\/DSC_0089-www.jpg\" data-rel=\"lightbox-image-1\" data-magnific_type=\"image\" data-rl_title=\"\" data-rl_caption=\"\" title=\"\"><img loading=\"lazy\" decoding=\"async\" class=\"size-medium wp-image-5646 alignright\" src=\"https:\/\/www.milosnicylasu.olsztyn.pl\/wp-content\/uploads\/2020\/09\/DSC_0089-www-300x199.jpg\" alt=\"\" width=\"300\" height=\"199\" srcset=\"https:\/\/www.milosnicylasu.olsztyn.pl\/wp-content\/uploads\/2020\/09\/DSC_0089-www-300x199.jpg 300w, https:\/\/www.milosnicylasu.olsztyn.pl\/wp-content\/uploads\/2020\/09\/DSC_0089-www-768x510.jpg 768w, https:\/\/www.milosnicylasu.olsztyn.pl\/wp-content\/uploads\/2020\/09\/DSC_0089-www.jpg 1024w\" sizes=\"auto, (max-width: 300px) 100vw, 300px\" \/><\/a><\/em><\/strong><\/p>\n<div class=\"content\">\n<p><strong><em>Korzystamy z waszej go\u015bcinno\u015bci i wiedzy. Ciesz\u0119 si\u0119, \u017ce mamy okazj\u0119 wam za to podzi\u0119kowa\u0107 \u2013 m\u00f3wi\u0142 wr\u0119czaj\u0105c odznaczenia i medale przyznawane przez Lig\u0119 Ochrony Kraju, Anatol Leszczy\u0144ski, prezes Ko\u0142a Mi\u0142o\u015bnik\u00f3w Lasu i Militari\u00f3w LOK przy Akademii Trzeciego Wieku w Olsztynie. Seniorzy skupieni wok\u00f3\u0142 ATW od kilku lat regularnie spotykaj\u0105 si\u0119 na wyk\u0142adach prowadzonych przez olszty\u0144skich le\u015bnik\u00f3w, czy te\u017c zwiedzaj\u0105 najciekawsze miejsca w nadle\u015bnictwach olszty\u0144skiej dyrekcji. \u2013 Jestem dumny ze wszystkich le\u015bnik\u00f3w, kt\u00f3rzy wspieraj\u0105 dzia\u0142alno\u015b\u0107 Ko\u0142o Mi\u0142o\u015bnik\u00f3w Lasu. Ze swojej strony deklaruj\u0119 dalsz\u0105, owocn\u0105 wsp\u00f3\u0142prac\u0119 \u2013 powiedzia\u0142 w imieniu wszystkich wyr\u00f3\u017cnionych Adam Roczniak, Dyrektor Regionalnej Dyrekcji Las\u00f3w Pa\u0144stwowych w Olsztynie.&#8221;<a href=\"https:\/\/www.milosnicylasu.olsztyn.pl\/wp-content\/uploads\/2020\/09\/image_gallery5-www.jpg\" data-rel=\"lightbox-image-2\" data-magnific_type=\"image\" data-rl_title=\"\" data-rl_caption=\"\" title=\"\"><img loading=\"lazy\" decoding=\"async\" class=\"size-medium wp-image-5648 alignleft\" src=\"https:\/\/www.milosnicylasu.olsztyn.pl\/wp-content\/uploads\/2020\/09\/image_gallery5-www-300x199.jpg\" alt=\"\" width=\"300\" height=\"199\" srcset=\"https:\/\/www.milosnicylasu.olsztyn.pl\/wp-content\/uploads\/2020\/09\/image_gallery5-www-300x199.jpg 300w, https:\/\/www.milosnicylasu.olsztyn.pl\/wp-content\/uploads\/2020\/09\/image_gallery5-www-768x510.jpg 768w, https:\/\/www.milosnicylasu.olsztyn.pl\/wp-content\/uploads\/2020\/09\/image_gallery5-www.jpg 1024w\" sizes=\"auto, (max-width: 300px) 100vw, 300px\" \/><\/a><\/em><\/strong><\/p>\n<p>Przypominamy, \u017ce w tym roku &#8211; 8 kwietnia min\u0119\u0142a 11 rocznica powstania naszego Ko\u0142a. Z tej okazji na wniosek prezesa Anatola Leszczy\u0144skiego organizacja LOK\u00a0 wyr\u00f3\u017cni\u0142a zas\u0142u\u017conych dla naszej organizacji przyjaci\u00f3\u0142, sponsor\u00f3w, cz\u0142onk\u00f3w Ko\u0142a. Dzi\u0119ki tym osobom i organizacjom mo\u017cemy realizowa\u0107 w kolejnych latach bardzo ambitne plany dzia\u0142ania.\u00a0 Wszystkim serdecznie dzi\u0119kujemy! Mimo trudnej sytuacji z powodu pandemii staramy si\u0119 z wyr\u00f3\u017cnieniami dotrze\u0107 do wszystkich zainteresowanych. I w\u0142a\u015bnie 17 wrze\u015bnia podzi\u0119kowali\u015bmy le\u015bnikom.\u00a0 Otrzymali :<\/p>\n<p>&nbsp;<\/p>\n<p><strong>Z\u0142oty medal \u201eZa Zas\u0142ugi Dla Ligi Obrony Kraju\u201d<\/strong><\/p>\n<ol>\n<li>Wojciech D\u0105browski \u2013 Nadle\u015bnictwo Kudypy<\/li>\n<li>Arkadiusz Mrozowski- RDLP Olsztyn<\/li>\n<\/ol>\n<p><strong>Br\u0105zowy Krzy\u017c Zas\u0142ugi<\/strong><\/p>\n<ol>\n<li>Zdzis\u0142aw Stoli\u0144ski \u2013 Nadle\u015bnictwo Kudypy<\/li>\n<\/ol>\n<p><strong>Srebrna Odznaka \u201d Zas\u0142u\u017cony Dzia\u0142acz LOK\u201d<\/strong><\/p>\n<ol>\n<li>Anna Paprocka \u2013 Nadle\u015bnictwo Stare Jab\u0142onki<\/li>\n<li>Ma\u0142gorzata B\u0142yskun \u2013 Nadle\u015bnictwo Wipsowo<\/li>\n<li>Justyna Ha\u0142adaj \u2013 RDLP Olsztyn<\/li>\n<li>Adam Roczniak \u2013 RDLP Olsztyn<\/li>\n<li>Jaros\u0142aw Naugebauer &#8211; Nadle\u015bnictwo Stare Jab\u0142onki<\/li>\n<li>Jacek Roman Schillin \u2013 Nadle\u015bnictwo Jagie\u0142ek<\/li>\n<li>Piotr Laska \u2013 Nadle\u015bnictwo Jagie\u0142ek<\/li>\n<li>Mariusz Szczawi\u0144ski \u2013 Nadle\u015bnictwo Lidzbark<\/li>\n<\/ol>\n<p>&nbsp;<\/p>\n<p><strong>\u00a0\u00a0\u00a0 Z\u0142otym Medalem pami\u0105tkowym z okazji\u00a0 \u201e100 Rocznicy Bitwy Warszawskiej \u201e wyr\u00f3\u017cniono nast\u0119puj\u0105ce osoby:<\/strong><\/p>\n<ol>\n<li>Adam Roczniak \u2013 RDLP Olsztyn<\/li>\n<li>Adam Siemakowicz \u2013 RDLP Olsztyn<\/li>\n<\/ol>\n<\/div>\n<\/div>\n<\/div>\n","protected":false},"excerpt":{"rendered":"<p>Zapraszamy na stron\u0119 internetow\u0105 RDLP w Olsztynie, gdzie rzecznik Adam Pietrzak umie\u015bci\u0142 informacje o wyj\u0105tkowej uroczysto\u015bci, kt\u00f3ra mia\u0142a miejsce w siedzibie Dyrekcji 17 wrze\u015bnia 2020 roku. &#8222;Zas\u0142u\u017ceni dla Ligi Obrony Kraju le\u015bnicy \u2013 z Dyrektorem RDLP w Olsztynie Adamem Roczniakiem na czele \u2013 otrzymali honorowe odznaczenia i medale. Korzystamy z waszej go\u015bcinno\u015bci i wiedzy. Ciesz\u0119 [&hellip;]<\/p>\n","protected":false},"author":2,"featured_media":0,"comment_status":"open","ping_status":"open","sticky":false,"template":"","format":"standard","meta":{"footnotes":""},"categories":[1,9,6],"tags":[],"class_list":["post-5635","post","type-post","status-publish","format-standard","hentry","category-bez-kategorii","category-ciekawostki","category-odznaczenia"],"_links":{"self":[{"href":"https:\/\/www.milosnicylasu.olsztyn.pl\/index.php?rest_route=\/wp\/v2\/posts\/5635","targetHints":{"allow":["GET"]}}],"collection":[{"href":"https:\/\/www.milosnicylasu.olsztyn.pl\/index.php?rest_route=\/wp\/v2\/posts"}],"about":[{"href":"https:\/\/www.milosnicylasu.olsztyn.pl\/index.php?rest_route=\/wp\/v2\/types\/post"}],"author":[{"embeddable":true,"href":"https:\/\/www.milosnicylasu.olsztyn.pl\/index.php?rest_route=\/wp\/v2\/users\/2"}],"replies":[{"embeddable":true,"href":"https:\/\/www.milosnicylasu.olsztyn.pl\/index.php?rest_route=%2Fwp%2Fv2%2Fcomments&post=5635"}],"version-history":[{"count":7,"href":"https:\/\/www.milosnicylasu.olsztyn.pl\/index.php?rest_route=\/wp\/v2\/posts\/5635\/revisions"}],"predecessor-version":[{"id":5650,"href":"https:\/\/www.milosnicylasu.olsztyn.pl\/index.php?rest_route=\/wp\/v2\/posts\/5635\/revisions\/5650"}],"wp:attachment":[{"href":"https:\/\/www.milosnicylasu.olsztyn.pl\/index.php?rest_route=%2Fwp%2Fv2%2Fmedia&parent=5635"}],"wp:term":[{"taxonomy":"category","embeddable":true,"href":"https:\/\/www.milosnicylasu.olsztyn.pl\/index.php?rest_route=%2Fwp%2Fv2%2Fcategories&post=5635"},{"taxonomy":"post_tag","embeddable":true,"href":"https:\/\/www.milosnicylasu.olsztyn.pl\/index.php?rest_route=%2Fwp%2Fv2%2Ftags&post=5635"}],"curies":[{"name":"wp","href":"https:\/\/api.w.org\/{rel}","templated":true}]}}