{"id":5641,"date":"2020-09-18T22:16:24","date_gmt":"2020-09-18T20:16:24","guid":{"rendered":"https:\/\/www.milosnicylasu.olsztyn.pl\/?p=5641"},"modified":"2020-09-18T22:18:02","modified_gmt":"2020-09-18T20:18:02","slug":"niedzielna-niespodzianka-a-moze-zagadka","status":"publish","type":"post","link":"https:\/\/www.milosnicylasu.olsztyn.pl\/?p=5641","title":{"rendered":"Niedzielna niespodzianka, a mo\u017ce zagadka ?"},"content":{"rendered":"<p>Otrzymali\u015bmy informacj\u0119 dotycz\u0105c\u0105 &#8230;. o w\u0142a\u015bnie :<\/p>\n<p>&nbsp;<\/p>\n<p><a href=\"https:\/\/www.milosnicylasu.olsztyn.pl\/wp-content\/uploads\/2020\/09\/P9130008-www.jpg\" data-rel=\"lightbox-image-0\" data-magnific_type=\"image\" data-rl_title=\"\" data-rl_caption=\"\" title=\"\"><img loading=\"lazy\" decoding=\"async\" class=\"size-medium wp-image-5631 alignleft\" src=\"https:\/\/www.milosnicylasu.olsztyn.pl\/wp-content\/uploads\/2020\/09\/P9130008-www-300x225.jpg\" alt=\"\" width=\"300\" height=\"225\" srcset=\"https:\/\/www.milosnicylasu.olsztyn.pl\/wp-content\/uploads\/2020\/09\/P9130008-www-300x225.jpg 300w, https:\/\/www.milosnicylasu.olsztyn.pl\/wp-content\/uploads\/2020\/09\/P9130008-www-768x576.jpg 768w, https:\/\/www.milosnicylasu.olsztyn.pl\/wp-content\/uploads\/2020\/09\/P9130008-www.jpg 1024w\" sizes=\"auto, (max-width: 300px) 100vw, 300px\" \/><\/a><\/p>\n<p><strong>W nawi\u0105zaniu do materia\u0142u na stronie pt. \u201eNiedzielna niespodzianka\u201d podaj\u0119 troch\u0119 informacji o zagadkowym motylu.<\/strong><\/p>\n<p>&nbsp;<\/p>\n<p><strong>Zawisak powojowiec &#8211; motyl z rodziny zawisakowatych. Motyl g\u0119sto pokryty szarymi w\u0142oskami. Na tu\u0142owiu u\u0142o\u017cone koncentryczne, podkowiaste plamy, najbardziej zewn\u0119trzna siwa, bardziej wewn\u0119trzna ciemna. Centralna plama barwy po\u015bredniej, w kszta\u0142cie dzwonu z pomara\u0144czow\u0105 plamk\u0105 na szczycie i dwoma siwo-niebiesko-czarnymi plamkami w podstawie. Dymorfizm p\u0142ciowy s\u0142abo zaznaczony, niemniej istnieje \u2013 samce zwykle s\u0105 nieco ciemniej ubarwione i mniejsze ni\u017c samice. Czu\u0142ki jednolicie jasnoszare, ob\u0142e, zako\u0144czone cienkim biczykiem. U samic maj\u0105 11-16 mm d\u0142., u samc\u00f3w 18-20 mm. Ponadto samiec po stronie brzusznej pierwszego segmentu odw\u0142oka ma gruczo\u0142y zapachowe i intensywnie pachnie pi\u017cmem. Ssawka zwini\u0119ta w tr\u0105bki o d\u0142ugo\u015bci przeci\u0119tnie 9-10 cm. Skrzyd\u0142a mog\u0105 by\u0107 o rozpi\u0119to\u015bci od 80 a\u017c do 130 mm, szare z ciemniejszymi powierzchniami i nieregularnymi, zygzakowatymi liniami. Tylna para ja\u015bniej i regularniej ubarwiona ni\u017c przednia. Odw\u0142ok gruby ze stopniowo trac\u0105cymi intensywno\u015b\u0107 r\u00f3\u017cowymi i czarnymi paskami, rozmieszczonymi po prawej i lewej stronie szerokiego, szarego pasa, ci\u0105gn\u0105cego si\u0119 \u015brodkiem, na ca\u0142ej d\u0142ugo\u015bci. Mi\u0119dzy pierwszymi czarnymi i r\u00f3\u017cowymi plamami wyra\u017ane, du\u017ce bia\u0142e plamy, dalej biel jest s\u0142abo zaznaczona.<\/strong><\/p>\n<p><strong>Postacie doros\u0142e dzie\u0144 sp\u0119dzaj\u0105 w ukryciu, w miejscach gdzie ich barwa nie kontrastuje z t\u0142em, na ziemi, na pniach, kamieniach itp. W nocy lataj\u0105 i najintensywniej od\u017cywiaj\u0105 si\u0119 do p\u00f3\u0142nocy, w locie ss\u0105c nektar z kielichowatych kwiat\u00f3w, na przyk\u0142ad powoju, powojnika, petunii, lilii, tytoniu, floks\u00f3w, dziwaczk\u00f3w itp.<\/strong><\/p>\n<p><strong>W Europie \u015arodkowej pierwsze pokolenie postaci doros\u0142ych pojawia si\u0119 od maja do czerwca. Samica sk\u0142ada oko\u0142o 1000 jaj. G\u0105sienice osi\u0105gaj\u0105 oko\u0142o 12 cm d\u0142ugo\u015bci i nale\u017c\u0105 do najwi\u0119kszych w Europie. Maj\u0105 zmienne ubarwienie, zielono, \u017c\u00f3\u0142to, pomara\u0144czowo, br\u0105zowe z ciemniejszymi sko\u015bnymi pasami na przek\u0105tnej segmentu, sp\u00f3d cia\u0142a bia\u0142awy a do tego z boku, na ka\u017cdym segmencie czarn\u0105 plam\u0119. Z ty\u0142u, na grzbiecie znajduje si\u0119 ciemno zabarwiony, odstraszaj\u0105cy lecz w rzeczywisto\u015bci niegro\u017any wyrostek. G\u0105sienice \u017cywi\u0105 si\u0119 li\u015b\u0107mi powoju polnego, kielisznika zaro\u015blowego i r\u00f3\u017cnych kwiat\u00f3w ozdobnych. Od po\u0142owy sierpnia do po\u0142owy pa\u017adziernika pojawiaj\u0105 si\u0119 osobniki drugiego pokolenia.<\/strong><\/p>\n<p>&nbsp;<\/p>\n<p><strong>Pozdrawiam<\/strong><\/p>\n<p><strong>Adam Siemakowicz<\/strong><\/p>\n","protected":false},"excerpt":{"rendered":"<p>Otrzymali\u015bmy informacj\u0119 dotycz\u0105c\u0105 &#8230;. o w\u0142a\u015bnie : &nbsp; W nawi\u0105zaniu do materia\u0142u na stronie pt. \u201eNiedzielna niespodzianka\u201d podaj\u0119 troch\u0119 informacji o zagadkowym motylu. &nbsp; Zawisak powojowiec &#8211; motyl z rodziny zawisakowatych. Motyl g\u0119sto pokryty szarymi w\u0142oskami. Na tu\u0142owiu u\u0142o\u017cone koncentryczne, podkowiaste plamy, najbardziej zewn\u0119trzna siwa, bardziej wewn\u0119trzna ciemna. Centralna plama barwy po\u015bredniej, w kszta\u0142cie dzwonu [&hellip;]<\/p>\n","protected":false},"author":2,"featured_media":0,"comment_status":"open","ping_status":"open","sticky":false,"template":"","format":"standard","meta":{"footnotes":""},"categories":[1,9,17],"tags":[],"class_list":["post-5641","post","type-post","status-publish","format-standard","hentry","category-bez-kategorii","category-ciekawostki","category-edukacja-w-terenie"],"_links":{"self":[{"href":"https:\/\/www.milosnicylasu.olsztyn.pl\/index.php?rest_route=\/wp\/v2\/posts\/5641","targetHints":{"allow":["GET"]}}],"collection":[{"href":"https:\/\/www.milosnicylasu.olsztyn.pl\/index.php?rest_route=\/wp\/v2\/posts"}],"about":[{"href":"https:\/\/www.milosnicylasu.olsztyn.pl\/index.php?rest_route=\/wp\/v2\/types\/post"}],"author":[{"embeddable":true,"href":"https:\/\/www.milosnicylasu.olsztyn.pl\/index.php?rest_route=\/wp\/v2\/users\/2"}],"replies":[{"embeddable":true,"href":"https:\/\/www.milosnicylasu.olsztyn.pl\/index.php?rest_route=%2Fwp%2Fv2%2Fcomments&post=5641"}],"version-history":[{"count":3,"href":"https:\/\/www.milosnicylasu.olsztyn.pl\/index.php?rest_route=\/wp\/v2\/posts\/5641\/revisions"}],"predecessor-version":[{"id":5644,"href":"https:\/\/www.milosnicylasu.olsztyn.pl\/index.php?rest_route=\/wp\/v2\/posts\/5641\/revisions\/5644"}],"wp:attachment":[{"href":"https:\/\/www.milosnicylasu.olsztyn.pl\/index.php?rest_route=%2Fwp%2Fv2%2Fmedia&parent=5641"}],"wp:term":[{"taxonomy":"category","embeddable":true,"href":"https:\/\/www.milosnicylasu.olsztyn.pl\/index.php?rest_route=%2Fwp%2Fv2%2Fcategories&post=5641"},{"taxonomy":"post_tag","embeddable":true,"href":"https:\/\/www.milosnicylasu.olsztyn.pl\/index.php?rest_route=%2Fwp%2Fv2%2Ftags&post=5641"}],"curies":[{"name":"wp","href":"https:\/\/api.w.org\/{rel}","templated":true}]}}