{"id":565,"date":"2013-07-16T10:37:50","date_gmt":"2013-07-16T08:37:50","guid":{"rendered":"http:\/\/www.milosnicylasu.olsztyn.pl\/?p=565"},"modified":"2013-07-16T10:51:26","modified_gmt":"2013-07-16T08:51:26","slug":"przystapilismy-do-fsc-polska","status":"publish","type":"post","link":"https:\/\/www.milosnicylasu.olsztyn.pl\/?p=565","title":{"rendered":"Przyst\u0105pili\u015bmy do FSC Polska"},"content":{"rendered":"<p>&nbsp;<\/p>\n<p>Forest Stewardship Council A.C. (FSC) \u2013 to mi\u0119dzynarodowa organizacja skupiaj\u0105ca instytucje zainteresowane promocj\u0105 gospodarki le\u015bnej zak\u0142adaj\u0105cej odpowiedzialno\u015b\u0107 przyrodnicz\u0105 i spo\u0142eczn\u0105. Zwi\u0105zek FSC Polska liczy obecnie 39 cz\u0142onk\u00f3w, skupionych w trzech izbach:<b> ekonomicznej<\/b>,<b> spo\u0142ecznej, przyrodniczej. <\/b>Struktura ta gwarantuje organizacjom spo\u0142ecznym zar\u00f3wno udzia\u0142 w decyzjach dotycz\u0105cych funkcjonowania systemu FSC na poziomie globalnym, jak i monitorowanie na poziomie lokalnym nadawanych certyfikat\u00f3w w zakresie zgodno\u015bci ze standardami Dobrej Gospodarki Le\u015bnej.<\/p>\n<p>Nasze Ko\u0142o przyst\u0105pi\u0142o do izby przyrodniczej, do \u00a0kt\u00f3rej nale\u017c\u0105 organizacje i instytucje zwi\u0105zane z ochron\u0105 \u015brodowiska naturalnego. <a href=\"http:\/\/www.milosnicylasu.olsztyn.pl\/wp-content\/uploads\/2013\/07\/P6270030-www.jpg\" data-rel=\"lightbox-image-0\" data-magnific_type=\"image\" data-rl_title=\"\" data-rl_caption=\"\" title=\"\"><img loading=\"lazy\" decoding=\"async\" class=\"size-medium wp-image-569 alignright\" alt=\"P6270030-www\" src=\"http:\/\/www.milosnicylasu.olsztyn.pl\/wp-content\/uploads\/2013\/07\/P6270030-www-300x168.jpg\" width=\"300\" height=\"168\" srcset=\"https:\/\/www.milosnicylasu.olsztyn.pl\/wp-content\/uploads\/2013\/07\/P6270030-www-300x168.jpg 300w, https:\/\/www.milosnicylasu.olsztyn.pl\/wp-content\/uploads\/2013\/07\/P6270030-www-500x281.jpg 500w, https:\/\/www.milosnicylasu.olsztyn.pl\/wp-content\/uploads\/2013\/07\/P6270030-www.jpg 1024w\" sizes=\"auto, (max-width: 300px) 100vw, 300px\" \/><\/a><\/p>\n<p>&nbsp;<\/p>\n<p>27 czerwca, podczas XII Zwyczajnego Walnego Zebrania Cz\u0142onk\u00f3w FSC Polska, prezes Ko\u0142a Anatol Leszczy\u0144ski, z r\u0105k Prezesa FSC Polska Romualda Romana otrzyma\u0142 odznak\u0119 organizacyjn\u0105 przynale\u017cno\u015bci do Zwi\u0105zku Stowarzysze\u0144 na rzecz Odpowiedzialnego Le\u015bnictwa.<\/p>\n<p>. \u00a0 \u00a0 \u00a0 \u00a0 \u00a0 \u00a0 \u00a0 \u00a0 \u00a0 \u00a0 \u00a0 \u00a0 \u00a0Logo FSC umieszczone na drewnie i produktach drzewnych, to znak dobrej gospodarki prowadzonej w lasach, z kt\u00f3rych pochodz\u0105.<\/p>\n<p>&nbsp;<\/p>\n","protected":false},"excerpt":{"rendered":"<p>&nbsp; Forest Stewardship Council A.C. (FSC) \u2013 to mi\u0119dzynarodowa organizacja skupiaj\u0105ca instytucje zainteresowane promocj\u0105 gospodarki le\u015bnej zak\u0142adaj\u0105cej odpowiedzialno\u015b\u0107 przyrodnicz\u0105 i spo\u0142eczn\u0105. Zwi\u0105zek FSC Polska liczy obecnie 39 cz\u0142onk\u00f3w, skupionych w trzech izbach: ekonomicznej, spo\u0142ecznej, przyrodniczej. Struktura ta gwarantuje organizacjom spo\u0142ecznym zar\u00f3wno udzia\u0142 w decyzjach dotycz\u0105cych funkcjonowania systemu FSC na poziomie globalnym, jak i monitorowanie na [&hellip;]<\/p>\n","protected":false},"author":1,"featured_media":0,"comment_status":"open","ping_status":"open","sticky":false,"template":"","format":"standard","meta":{"footnotes":""},"categories":[1,9],"tags":[],"class_list":["post-565","post","type-post","status-publish","format-standard","hentry","category-bez-kategorii","category-ciekawostki"],"_links":{"self":[{"href":"https:\/\/www.milosnicylasu.olsztyn.pl\/index.php?rest_route=\/wp\/v2\/posts\/565","targetHints":{"allow":["GET"]}}],"collection":[{"href":"https:\/\/www.milosnicylasu.olsztyn.pl\/index.php?rest_route=\/wp\/v2\/posts"}],"about":[{"href":"https:\/\/www.milosnicylasu.olsztyn.pl\/index.php?rest_route=\/wp\/v2\/types\/post"}],"author":[{"embeddable":true,"href":"https:\/\/www.milosnicylasu.olsztyn.pl\/index.php?rest_route=\/wp\/v2\/users\/1"}],"replies":[{"embeddable":true,"href":"https:\/\/www.milosnicylasu.olsztyn.pl\/index.php?rest_route=%2Fwp%2Fv2%2Fcomments&post=565"}],"version-history":[{"count":5,"href":"https:\/\/www.milosnicylasu.olsztyn.pl\/index.php?rest_route=\/wp\/v2\/posts\/565\/revisions"}],"predecessor-version":[{"id":571,"href":"https:\/\/www.milosnicylasu.olsztyn.pl\/index.php?rest_route=\/wp\/v2\/posts\/565\/revisions\/571"}],"wp:attachment":[{"href":"https:\/\/www.milosnicylasu.olsztyn.pl\/index.php?rest_route=%2Fwp%2Fv2%2Fmedia&parent=565"}],"wp:term":[{"taxonomy":"category","embeddable":true,"href":"https:\/\/www.milosnicylasu.olsztyn.pl\/index.php?rest_route=%2Fwp%2Fv2%2Fcategories&post=565"},{"taxonomy":"post_tag","embeddable":true,"href":"https:\/\/www.milosnicylasu.olsztyn.pl\/index.php?rest_route=%2Fwp%2Fv2%2Ftags&post=565"}],"curies":[{"name":"wp","href":"https:\/\/api.w.org\/{rel}","templated":true}]}}