{"id":5652,"date":"2020-10-08T02:20:26","date_gmt":"2020-10-08T00:20:26","guid":{"rendered":"https:\/\/www.milosnicylasu.olsztyn.pl\/?p=5652"},"modified":"2020-10-08T02:38:39","modified_gmt":"2020-10-08T00:38:39","slug":"kiedy-wrocimy","status":"publish","type":"post","link":"https:\/\/www.milosnicylasu.olsztyn.pl\/?p=5652","title":{"rendered":"Kiedy wr\u00f3cimy ?"},"content":{"rendered":"<p><a href=\"https:\/\/www.milosnicylasu.olsztyn.pl\/wp-content\/uploads\/2020\/10\/DSCN5055-www.jpg\" data-rel=\"lightbox-image-0\" data-magnific_type=\"image\" data-rl_title=\"\" data-rl_caption=\"\" title=\"\"><img loading=\"lazy\" decoding=\"async\" class=\"size-medium wp-image-5653 alignleft\" src=\"https:\/\/www.milosnicylasu.olsztyn.pl\/wp-content\/uploads\/2020\/10\/DSCN5055-www-300x225.jpg\" alt=\"\" width=\"300\" height=\"225\" srcset=\"https:\/\/www.milosnicylasu.olsztyn.pl\/wp-content\/uploads\/2020\/10\/DSCN5055-www-300x225.jpg 300w, https:\/\/www.milosnicylasu.olsztyn.pl\/wp-content\/uploads\/2020\/10\/DSCN5055-www-768x576.jpg 768w, https:\/\/www.milosnicylasu.olsztyn.pl\/wp-content\/uploads\/2020\/10\/DSCN5055-www.jpg 1024w\" sizes=\"auto, (max-width: 300px) 100vw, 300px\" \/><\/a>Pami\u0119tacie ostatni rajd le\u015bny przed&#8230;? Odby\u0142 si\u0119 w sobot\u0119 7 marca 2020 roku. Czy wtedy kto\u015b z nas przewidzia\u0142, \u017ce nast\u0105pi tak d\u0142uga przerwa w realizacji naszych plan\u00f3w? Jeszcze w czwartek, podczas comiesi\u0119cznego spotkania w RDLP w Olsztynie prezes Ko\u0142a\u00a0 Anatol Leszczy\u0144ski przedstawi\u0142 plan wycieczki do Bornego Sulinowa, na kt\u00f3r\u0105 mieli\u015bmy pojecha\u0107 25 kwietnia. Oczywi\u015bcie nie pojechali\u015bmy. Nie tylko ten punkt naszego programu nie zosta\u0142 wykonany, wszystko inne te\u017c. I nie mo\u017cna przewidzie\u0107 jak d\u0142ugo jeszcze.<a href=\"https:\/\/www.milosnicylasu.olsztyn.pl\/wp-content\/uploads\/2020\/10\/DSCN5065-www.jpg\" data-rel=\"lightbox-image-1\" data-magnific_type=\"image\" data-rl_title=\"\" data-rl_caption=\"\" title=\"\"><img loading=\"lazy\" decoding=\"async\" class=\"size-medium wp-image-5654 alignright\" src=\"https:\/\/www.milosnicylasu.olsztyn.pl\/wp-content\/uploads\/2020\/10\/DSCN5065-www-300x225.jpg\" alt=\"\" width=\"300\" height=\"225\" srcset=\"https:\/\/www.milosnicylasu.olsztyn.pl\/wp-content\/uploads\/2020\/10\/DSCN5065-www-300x225.jpg 300w, https:\/\/www.milosnicylasu.olsztyn.pl\/wp-content\/uploads\/2020\/10\/DSCN5065-www-768x576.jpg 768w, https:\/\/www.milosnicylasu.olsztyn.pl\/wp-content\/uploads\/2020\/10\/DSCN5065-www.jpg 1024w\" sizes=\"auto, (max-width: 300px) 100vw, 300px\" \/><\/a><\/p>\n<p>Przez 11 lat dzia\u0142alno\u015bci Ko\u0142a nawi\u0105zali\u015bmy wiele znajomo\u015bci, a mo\u017ce nawet przyja\u017ani. Wiemy, \u017ce cz\u0142onkowie Ko\u0142a nie trac\u0105 z sob\u0105 kontakt\u00f3w,<\/p>\n<p>cz\u0119sto telefonicznego, czasem bezpo\u015bredniego, ale t\u0119sknimy do spotka\u0144 w grupie, tak jest weselej. Mimo trudnej sytuacji jaka jest obecnie, mamy nadziej\u0119, \u017ce szybko &#8230;&#8230;&#8230;. Zdj\u0119cia zrobione zosta\u0142y podczas rajdu z 7 marca i 22 lutego b.r.<a href=\"https:\/\/www.milosnicylasu.olsztyn.pl\/wp-content\/uploads\/2020\/02\/DSCN4924-www.jpg\" data-rel=\"lightbox-image-2\" data-magnific_type=\"image\" data-rl_title=\"\" data-rl_caption=\"\" title=\"\"><img loading=\"lazy\" decoding=\"async\" class=\"size-medium wp-image-5267 alignleft\" src=\"https:\/\/www.milosnicylasu.olsztyn.pl\/wp-content\/uploads\/2020\/02\/DSCN4924-www-300x225.jpg\" alt=\"\" width=\"300\" height=\"225\" srcset=\"https:\/\/www.milosnicylasu.olsztyn.pl\/wp-content\/uploads\/2020\/02\/DSCN4924-www-300x225.jpg 300w, https:\/\/www.milosnicylasu.olsztyn.pl\/wp-content\/uploads\/2020\/02\/DSCN4924-www-768x576.jpg 768w, https:\/\/www.milosnicylasu.olsztyn.pl\/wp-content\/uploads\/2020\/02\/DSCN4924-www.jpg 1024w\" sizes=\"auto, (max-width: 300px) 100vw, 300px\" \/><\/a><\/p>\n<p>&nbsp;<\/p>\n","protected":false},"excerpt":{"rendered":"<p>Pami\u0119tacie ostatni rajd le\u015bny przed&#8230;? Odby\u0142 si\u0119 w sobot\u0119 7 marca 2020 roku. Czy wtedy kto\u015b z nas przewidzia\u0142, \u017ce nast\u0105pi tak d\u0142uga przerwa w realizacji naszych plan\u00f3w? Jeszcze w czwartek, podczas comiesi\u0119cznego spotkania w RDLP w Olsztynie prezes Ko\u0142a\u00a0 Anatol Leszczy\u0144ski przedstawi\u0142 plan wycieczki do Bornego Sulinowa, na kt\u00f3r\u0105 mieli\u015bmy pojecha\u0107 25 kwietnia. Oczywi\u015bcie [&hellip;]<\/p>\n","protected":false},"author":2,"featured_media":0,"comment_status":"open","ping_status":"open","sticky":false,"template":"","format":"standard","meta":{"footnotes":""},"categories":[1,9,17],"tags":[],"class_list":["post-5652","post","type-post","status-publish","format-standard","hentry","category-bez-kategorii","category-ciekawostki","category-edukacja-w-terenie"],"_links":{"self":[{"href":"https:\/\/www.milosnicylasu.olsztyn.pl\/index.php?rest_route=\/wp\/v2\/posts\/5652","targetHints":{"allow":["GET"]}}],"collection":[{"href":"https:\/\/www.milosnicylasu.olsztyn.pl\/index.php?rest_route=\/wp\/v2\/posts"}],"about":[{"href":"https:\/\/www.milosnicylasu.olsztyn.pl\/index.php?rest_route=\/wp\/v2\/types\/post"}],"author":[{"embeddable":true,"href":"https:\/\/www.milosnicylasu.olsztyn.pl\/index.php?rest_route=\/wp\/v2\/users\/2"}],"replies":[{"embeddable":true,"href":"https:\/\/www.milosnicylasu.olsztyn.pl\/index.php?rest_route=%2Fwp%2Fv2%2Fcomments&post=5652"}],"version-history":[{"count":4,"href":"https:\/\/www.milosnicylasu.olsztyn.pl\/index.php?rest_route=\/wp\/v2\/posts\/5652\/revisions"}],"predecessor-version":[{"id":5658,"href":"https:\/\/www.milosnicylasu.olsztyn.pl\/index.php?rest_route=\/wp\/v2\/posts\/5652\/revisions\/5658"}],"wp:attachment":[{"href":"https:\/\/www.milosnicylasu.olsztyn.pl\/index.php?rest_route=%2Fwp%2Fv2%2Fmedia&parent=5652"}],"wp:term":[{"taxonomy":"category","embeddable":true,"href":"https:\/\/www.milosnicylasu.olsztyn.pl\/index.php?rest_route=%2Fwp%2Fv2%2Fcategories&post=5652"},{"taxonomy":"post_tag","embeddable":true,"href":"https:\/\/www.milosnicylasu.olsztyn.pl\/index.php?rest_route=%2Fwp%2Fv2%2Ftags&post=5652"}],"curies":[{"name":"wp","href":"https:\/\/api.w.org\/{rel}","templated":true}]}}