{"id":5662,"date":"2020-10-12T12:18:41","date_gmt":"2020-10-12T10:18:41","guid":{"rendered":"https:\/\/www.milosnicylasu.olsztyn.pl\/?p=5662"},"modified":"2020-10-12T12:23:06","modified_gmt":"2020-10-12T10:23:06","slug":"5662","status":"publish","type":"post","link":"https:\/\/www.milosnicylasu.olsztyn.pl\/?p=5662","title":{"rendered":"Po\u017cegnanie"},"content":{"rendered":"<p>W poniedzia\u0142kowy poranek dotar\u0142a do nas smutna wiadomo\u015b\u0107 o \u015bmierci naszego Kolegi Aldka Kowalika. Nale\u017ca\u0142 do naszego Ko\u0142a od pocz\u0105tku, czyli od 2008 roku. Czynnie uczestniczy\u0142 we wszystkich rajdach, wycieczkach, zebraniach do czasu&#8230;&#8230;&#8230; W ostatnich latach chorowa\u0142. Pami\u0119tamy Go jako cz\u0142owieka uczynnego, pogodnego, zawsze u\u015bmiechni\u0119tego, kt\u00f3ry ch\u0119tnie wspomina\u0142 swoj\u0105 prac\u0119 zawodow\u0105, bo Aldek by\u0142 geodet\u0105. Doskonale zna\u0142 tereny wok\u00f3\u0142 Olsztyna, tereny po kt\u00f3rych z nami w\u0119drowa\u0142. Na postojach, podczas odpoczynku,\u00a0 opowiada\u0142 \u017carty &#8230;.<\/p>\n<p>Sympatyczny, dobry cz\u0142owiek.<\/p>\n<p><a href=\"https:\/\/www.milosnicylasu.olsztyn.pl\/wp-content\/uploads\/2020\/10\/PA190004-www.jpg\" data-rel=\"lightbox-image-0\" data-magnific_type=\"image\" data-rl_title=\"\" data-rl_caption=\"\" title=\"\"><img loading=\"lazy\" decoding=\"async\" class=\"size-medium wp-image-5663 alignleft\" src=\"https:\/\/www.milosnicylasu.olsztyn.pl\/wp-content\/uploads\/2020\/10\/PA190004-www-300x169.jpg\" alt=\"\" width=\"300\" height=\"169\" srcset=\"https:\/\/www.milosnicylasu.olsztyn.pl\/wp-content\/uploads\/2020\/10\/PA190004-www-300x169.jpg 300w, https:\/\/www.milosnicylasu.olsztyn.pl\/wp-content\/uploads\/2020\/10\/PA190004-www-768x432.jpg 768w, https:\/\/www.milosnicylasu.olsztyn.pl\/wp-content\/uploads\/2020\/10\/PA190004-www-730x410.jpg 730w, https:\/\/www.milosnicylasu.olsztyn.pl\/wp-content\/uploads\/2020\/10\/PA190004-www.jpg 1024w\" sizes=\"auto, (max-width: 300px) 100vw, 300px\" \/><\/a><\/p>\n<p>Na zdj\u0119ciu w koszuli w kratk\u0119, podczas wycieczki do\u00a0 Nadle\u015bnictwa Mi\u0142om\u0142yn.<\/p>\n<p>Uroczysto\u015bci \u017ca\u0142obne rozpoczn\u0105 si\u0119 14 pa\u017adziernika 2020 r. o godz. 12.00 po\u017cegnaniem w kaplicy przy ul. Maria\u0144skiej, sk\u0105d o godz. 12.30 nast\u0105pi wyprowadzenie Cia\u0142a do ko\u015bcio\u0142a Mi\u0142osierdzia Bo\u017cego ul. Barcza na Msz\u0119 \u015bw. \u017ca\u0142obn\u0105. Ceremonia pochowania odb\u0119dzie si\u0119 na Cmentarzu komunalnym przy ul. Poprzecznej.<\/p>\n","protected":false},"excerpt":{"rendered":"<p>W poniedzia\u0142kowy poranek dotar\u0142a do nas smutna wiadomo\u015b\u0107 o \u015bmierci naszego Kolegi Aldka Kowalika. Nale\u017ca\u0142 do naszego Ko\u0142a od pocz\u0105tku, czyli od 2008 roku. Czynnie uczestniczy\u0142 we wszystkich rajdach, wycieczkach, zebraniach do czasu&#8230;&#8230;&#8230; W ostatnich latach chorowa\u0142. Pami\u0119tamy Go jako cz\u0142owieka uczynnego, pogodnego, zawsze u\u015bmiechni\u0119tego, kt\u00f3ry ch\u0119tnie wspomina\u0142 swoj\u0105 prac\u0119 zawodow\u0105, bo Aldek by\u0142 geodet\u0105. [&hellip;]<\/p>\n","protected":false},"author":2,"featured_media":0,"comment_status":"open","ping_status":"open","sticky":false,"template":"","format":"standard","meta":{"footnotes":""},"categories":[1],"tags":[],"class_list":["post-5662","post","type-post","status-publish","format-standard","hentry","category-bez-kategorii"],"_links":{"self":[{"href":"https:\/\/www.milosnicylasu.olsztyn.pl\/index.php?rest_route=\/wp\/v2\/posts\/5662","targetHints":{"allow":["GET"]}}],"collection":[{"href":"https:\/\/www.milosnicylasu.olsztyn.pl\/index.php?rest_route=\/wp\/v2\/posts"}],"about":[{"href":"https:\/\/www.milosnicylasu.olsztyn.pl\/index.php?rest_route=\/wp\/v2\/types\/post"}],"author":[{"embeddable":true,"href":"https:\/\/www.milosnicylasu.olsztyn.pl\/index.php?rest_route=\/wp\/v2\/users\/2"}],"replies":[{"embeddable":true,"href":"https:\/\/www.milosnicylasu.olsztyn.pl\/index.php?rest_route=%2Fwp%2Fv2%2Fcomments&post=5662"}],"version-history":[{"count":5,"href":"https:\/\/www.milosnicylasu.olsztyn.pl\/index.php?rest_route=\/wp\/v2\/posts\/5662\/revisions"}],"predecessor-version":[{"id":5668,"href":"https:\/\/www.milosnicylasu.olsztyn.pl\/index.php?rest_route=\/wp\/v2\/posts\/5662\/revisions\/5668"}],"wp:attachment":[{"href":"https:\/\/www.milosnicylasu.olsztyn.pl\/index.php?rest_route=%2Fwp%2Fv2%2Fmedia&parent=5662"}],"wp:term":[{"taxonomy":"category","embeddable":true,"href":"https:\/\/www.milosnicylasu.olsztyn.pl\/index.php?rest_route=%2Fwp%2Fv2%2Fcategories&post=5662"},{"taxonomy":"post_tag","embeddable":true,"href":"https:\/\/www.milosnicylasu.olsztyn.pl\/index.php?rest_route=%2Fwp%2Fv2%2Ftags&post=5662"}],"curies":[{"name":"wp","href":"https:\/\/api.w.org\/{rel}","templated":true}]}}