{"id":5670,"date":"2020-10-16T07:30:17","date_gmt":"2020-10-16T05:30:17","guid":{"rendered":"https:\/\/www.milosnicylasu.olsztyn.pl\/?p=5670"},"modified":"2020-10-16T07:41:34","modified_gmt":"2020-10-16T05:41:34","slug":"to-se-ne-vrati","status":"publish","type":"post","link":"https:\/\/www.milosnicylasu.olsztyn.pl\/?p=5670","title":{"rendered":"To se ne vrati ?"},"content":{"rendered":"<p>&#8222;To se ne vrati&#8221; &#8211; to czeskie powiedzenie przypomnia\u0142o mi si\u0119 z dw\u00f3ch powod\u00f3w. Po pierwsze przeczyta\u0142am o trudnej sytuacji epidemiologicznej u naszych s\u0105siad\u00f3w, w Polsce te\u017c z dnia na dzie\u0144 jest coraz gorzej i&#8230;&#8230;. mam jednak nadziej\u0119, \u017ce &#8221; to se vrati&#8221;. Wr\u00f3cimy do czas\u00f3w, gdy \u017cyli\u015bmy spokojnie. Czy zdawali\u015bmy sobie wtedy spraw\u0119 jak to jest fajnie nie ba\u0107 si\u0119 o siebie, o najbli\u017cszych, o przyjaci\u00f3\u0142, m\u00f3c spotka\u0107 si\u0119 na sobotnim rajdzie, kilka razy do roku pojecha\u0107 na wycieczk\u0119, sprawdzi\u0107 swoje umiej\u0119tno\u015bci na strzelnicy i w ka\u017cdy pierwszy czwartek miesi\u0105ca spotka\u0107 si\u0119 z le\u015bnikami, kt\u00f3rzy podziel\u0105 si\u0119 z nami nie tylko wiedz\u0105 przyrodniczo-le\u015bn\u0105, ale te\u017c opowiedz\u0105 o swoich pasjach&#8230;&#8230;&#8230;&#8230;..<\/p>\n<p><a href=\"https:\/\/www.milosnicylasu.olsztyn.pl\/wp-content\/uploads\/2020\/10\/PA190120-www.jpg\" data-rel=\"lightbox-image-0\" data-magnific_type=\"image\" data-rl_title=\"\" data-rl_caption=\"\" title=\"\"><img loading=\"lazy\" decoding=\"async\" class=\"size-medium wp-image-5671 alignleft\" src=\"https:\/\/www.milosnicylasu.olsztyn.pl\/wp-content\/uploads\/2020\/10\/PA190120-www-300x169.jpg\" alt=\"\" width=\"300\" height=\"169\" srcset=\"https:\/\/www.milosnicylasu.olsztyn.pl\/wp-content\/uploads\/2020\/10\/PA190120-www-300x169.jpg 300w, https:\/\/www.milosnicylasu.olsztyn.pl\/wp-content\/uploads\/2020\/10\/PA190120-www-768x432.jpg 768w, https:\/\/www.milosnicylasu.olsztyn.pl\/wp-content\/uploads\/2020\/10\/PA190120-www-730x410.jpg 730w, https:\/\/www.milosnicylasu.olsztyn.pl\/wp-content\/uploads\/2020\/10\/PA190120-www.jpg 1024w\" sizes=\"auto, (max-width: 300px) 100vw, 300px\" \/><\/a><\/p>\n<p>I tak wspomnieniami wr\u00f3ci\u0142am do&#8230;&#8230;&#8230;wycieczki do Nadle\u015bnictwa Mi\u0142om\u0142yn, kt\u00f3ra odby\u0142a si\u0119 19.10.2012 roku, a wi\u0119c 8 lat temu.\u00a0 Nie wiarygodne &#8211; czas szybko leci. By\u0142 to nasz drugi pobyt w tym Nadle\u015bnictwie. Wszyscy pami\u0119tamy jak w 2011 roku podziwiali\u015bmy sosny taborskie w strugach deszczu.<\/p>\n<p><a href=\"https:\/\/www.milosnicylasu.olsztyn.pl\/wp-content\/uploads\/2020\/10\/PA190028-www.jpg\" data-rel=\"lightbox-image-1\" data-magnific_type=\"image\" data-rl_title=\"\" data-rl_caption=\"\" title=\"\"><img loading=\"lazy\" decoding=\"async\" class=\"size-medium wp-image-5672 alignright\" src=\"https:\/\/www.milosnicylasu.olsztyn.pl\/wp-content\/uploads\/2020\/10\/PA190028-www-300x169.jpg\" alt=\"\" width=\"300\" height=\"169\" srcset=\"https:\/\/www.milosnicylasu.olsztyn.pl\/wp-content\/uploads\/2020\/10\/PA190028-www-300x169.jpg 300w, https:\/\/www.milosnicylasu.olsztyn.pl\/wp-content\/uploads\/2020\/10\/PA190028-www-768x432.jpg 768w, https:\/\/www.milosnicylasu.olsztyn.pl\/wp-content\/uploads\/2020\/10\/PA190028-www-730x410.jpg 730w, https:\/\/www.milosnicylasu.olsztyn.pl\/wp-content\/uploads\/2020\/10\/PA190028-www.jpg 1024w\" sizes=\"auto, (max-width: 300px) 100vw, 300px\" \/><\/a>Tym razem pogoda dopisa\u0142a &#8211; s\u0142oneczko, pi\u0119kne kolory jesiennego lasu i\u00a0 wspaniali le\u015bnicy z Nadle\u015bniczym Wies\u0142awem Stachowiczem na czele, od kt\u00f3rego. na pami\u0105tk\u0119 deszczowej wycieczki otrzymali\u015bmy pi\u0119kne parasole.<\/p>\n<p><a href=\"https:\/\/www.milosnicylasu.olsztyn.pl\/wp-content\/uploads\/2020\/10\/PA190129-www.jpg\" data-rel=\"lightbox-image-2\" data-magnific_type=\"image\" data-rl_title=\"\" data-rl_caption=\"\" title=\"\"><img loading=\"lazy\" decoding=\"async\" class=\"size-medium wp-image-5673 alignleft\" src=\"https:\/\/www.milosnicylasu.olsztyn.pl\/wp-content\/uploads\/2020\/10\/PA190129-www-300x169.jpg\" alt=\"\" width=\"300\" height=\"169\" srcset=\"https:\/\/www.milosnicylasu.olsztyn.pl\/wp-content\/uploads\/2020\/10\/PA190129-www-300x169.jpg 300w, https:\/\/www.milosnicylasu.olsztyn.pl\/wp-content\/uploads\/2020\/10\/PA190129-www-768x432.jpg 768w, https:\/\/www.milosnicylasu.olsztyn.pl\/wp-content\/uploads\/2020\/10\/PA190129-www-730x410.jpg 730w, https:\/\/www.milosnicylasu.olsztyn.pl\/wp-content\/uploads\/2020\/10\/PA190129-www.jpg 1024w\" sizes=\"auto, (max-width: 300px) 100vw, 300px\" \/><\/a><\/p>\n<p><a href=\"https:\/\/www.milosnicylasu.olsztyn.pl\/wp-content\/uploads\/2020\/10\/PA190158-www.jpg\" data-rel=\"lightbox-image-3\" data-magnific_type=\"image\" data-rl_title=\"\" data-rl_caption=\"\" title=\"\"><img loading=\"lazy\" decoding=\"async\" class=\"size-medium wp-image-5674 aligncenter\" src=\"https:\/\/www.milosnicylasu.olsztyn.pl\/wp-content\/uploads\/2020\/10\/PA190158-www-300x169.jpg\" alt=\"\" width=\"300\" height=\"169\" srcset=\"https:\/\/www.milosnicylasu.olsztyn.pl\/wp-content\/uploads\/2020\/10\/PA190158-www-300x169.jpg 300w, https:\/\/www.milosnicylasu.olsztyn.pl\/wp-content\/uploads\/2020\/10\/PA190158-www-768x432.jpg 768w, https:\/\/www.milosnicylasu.olsztyn.pl\/wp-content\/uploads\/2020\/10\/PA190158-www-730x410.jpg 730w, https:\/\/www.milosnicylasu.olsztyn.pl\/wp-content\/uploads\/2020\/10\/PA190158-www.jpg 1024w\" sizes=\"auto, (max-width: 300px) 100vw, 300px\" \/><\/a><\/p>\n<p>&nbsp;<\/p>\n","protected":false},"excerpt":{"rendered":"<p>&#8222;To se ne vrati&#8221; &#8211; to czeskie powiedzenie przypomnia\u0142o mi si\u0119 z dw\u00f3ch powod\u00f3w. Po pierwsze przeczyta\u0142am o trudnej sytuacji epidemiologicznej u naszych s\u0105siad\u00f3w, w Polsce te\u017c z dnia na dzie\u0144 jest coraz gorzej i&#8230;&#8230;. mam jednak nadziej\u0119, \u017ce &#8221; to se vrati&#8221;. Wr\u00f3cimy do czas\u00f3w, gdy \u017cyli\u015bmy spokojnie. Czy zdawali\u015bmy sobie wtedy spraw\u0119 jak [&hellip;]<\/p>\n","protected":false},"author":2,"featured_media":0,"comment_status":"open","ping_status":"open","sticky":false,"template":"","format":"standard","meta":{"footnotes":""},"categories":[1,17,5],"tags":[],"class_list":["post-5670","post","type-post","status-publish","format-standard","hentry","category-bez-kategorii","category-edukacja-w-terenie","category-wycieczki"],"_links":{"self":[{"href":"https:\/\/www.milosnicylasu.olsztyn.pl\/index.php?rest_route=\/wp\/v2\/posts\/5670","targetHints":{"allow":["GET"]}}],"collection":[{"href":"https:\/\/www.milosnicylasu.olsztyn.pl\/index.php?rest_route=\/wp\/v2\/posts"}],"about":[{"href":"https:\/\/www.milosnicylasu.olsztyn.pl\/index.php?rest_route=\/wp\/v2\/types\/post"}],"author":[{"embeddable":true,"href":"https:\/\/www.milosnicylasu.olsztyn.pl\/index.php?rest_route=\/wp\/v2\/users\/2"}],"replies":[{"embeddable":true,"href":"https:\/\/www.milosnicylasu.olsztyn.pl\/index.php?rest_route=%2Fwp%2Fv2%2Fcomments&post=5670"}],"version-history":[{"count":9,"href":"https:\/\/www.milosnicylasu.olsztyn.pl\/index.php?rest_route=\/wp\/v2\/posts\/5670\/revisions"}],"predecessor-version":[{"id":5683,"href":"https:\/\/www.milosnicylasu.olsztyn.pl\/index.php?rest_route=\/wp\/v2\/posts\/5670\/revisions\/5683"}],"wp:attachment":[{"href":"https:\/\/www.milosnicylasu.olsztyn.pl\/index.php?rest_route=%2Fwp%2Fv2%2Fmedia&parent=5670"}],"wp:term":[{"taxonomy":"category","embeddable":true,"href":"https:\/\/www.milosnicylasu.olsztyn.pl\/index.php?rest_route=%2Fwp%2Fv2%2Fcategories&post=5670"},{"taxonomy":"post_tag","embeddable":true,"href":"https:\/\/www.milosnicylasu.olsztyn.pl\/index.php?rest_route=%2Fwp%2Fv2%2Ftags&post=5670"}],"curies":[{"name":"wp","href":"https:\/\/api.w.org\/{rel}","templated":true}]}}