{"id":5691,"date":"2020-10-18T12:27:26","date_gmt":"2020-10-18T10:27:26","guid":{"rendered":"https:\/\/www.milosnicylasu.olsztyn.pl\/?p=5691"},"modified":"2020-10-18T12:28:55","modified_gmt":"2020-10-18T10:28:55","slug":"5691","status":"publish","type":"post","link":"https:\/\/www.milosnicylasu.olsztyn.pl\/?p=5691","title":{"rendered":"\u015awiatowy Dzie\u0144 Drzewa"},"content":{"rendered":"<div>W roku 2020 <b>\u015awiatowy Dzie\u0144 Drzewa<\/b> przypada\u0142 10 pa\u017adziernika. Niestety z powodu&#8230;&#8230; wiadomo jakich, nie mogli\u015bmy go obchodzi\u0107 tradycyjnie sadz\u0105c\u00a0 kolejne drzewa. Ale tak dla przypomnienia za\u0142\u0105czam zdj\u0119cie drzewa, kt\u00f3re posadzili\u015bmy nad rzek\u0105 Wad\u0105g kilka lat temu. Ma\u0142y \u015bwierk mia\u0142 mo\u017ce 20 cm, a dzisiaj ok.1,5 m.<a href=\"https:\/\/www.milosnicylasu.olsztyn.pl\/wp-content\/uploads\/2020\/10\/DSCN6581-www.jpg\" data-rel=\"lightbox-image-0\" data-magnific_type=\"image\" data-rl_title=\"\" data-rl_caption=\"\" title=\"\"><img loading=\"lazy\" decoding=\"async\" class=\"size-medium wp-image-5692 alignleft\" src=\"https:\/\/www.milosnicylasu.olsztyn.pl\/wp-content\/uploads\/2020\/10\/DSCN6581-www-225x300.jpg\" alt=\"\" width=\"225\" height=\"300\" srcset=\"https:\/\/www.milosnicylasu.olsztyn.pl\/wp-content\/uploads\/2020\/10\/DSCN6581-www-225x300.jpg 225w, https:\/\/www.milosnicylasu.olsztyn.pl\/wp-content\/uploads\/2020\/10\/DSCN6581-www.jpg 768w\" sizes=\"auto, (max-width: 225px) 100vw, 225px\" \/><\/a><\/div>\n<p>&nbsp;<\/p>\n<div class=\"counter\"><\/div>\n<div id=\"opis_nt\" class=\"opis_nt\">To \u015bwi\u0119to wymy\u015blone przez Juliusa Sterlinga Mortona, sekretarza rolnictwa Stan\u00f3w Zjednoczonych, prywatnie mi\u0142o\u015bnika przyrody. Zaapelowa\u0142 on do rodak\u00f3w, by 10 kwietnia 1872 r. posadzili drzewa. Dzi\u015b Arbor Day to akcja znana na ca\u0142ym \u015bwiecie, w Polsce oficjalnie obecna od 2002 roku i corocznie obchodzona 10 pa\u017adziernika.<\/div>\n<div><\/div>\n","protected":false},"excerpt":{"rendered":"<p>W roku 2020 \u015awiatowy Dzie\u0144 Drzewa przypada\u0142 10 pa\u017adziernika. Niestety z powodu&#8230;&#8230; wiadomo jakich, nie mogli\u015bmy go obchodzi\u0107 tradycyjnie sadz\u0105c\u00a0 kolejne drzewa. Ale tak dla przypomnienia za\u0142\u0105czam zdj\u0119cie drzewa, kt\u00f3re posadzili\u015bmy nad rzek\u0105 Wad\u0105g kilka lat temu. Ma\u0142y \u015bwierk mia\u0142 mo\u017ce 20 cm, a dzisiaj ok.1,5 m. &nbsp; To \u015bwi\u0119to wymy\u015blone przez Juliusa Sterlinga Mortona, [&hellip;]<\/p>\n","protected":false},"author":2,"featured_media":0,"comment_status":"open","ping_status":"open","sticky":false,"template":"","format":"standard","meta":{"footnotes":""},"categories":[1,9,17],"tags":[],"class_list":["post-5691","post","type-post","status-publish","format-standard","hentry","category-bez-kategorii","category-ciekawostki","category-edukacja-w-terenie"],"_links":{"self":[{"href":"https:\/\/www.milosnicylasu.olsztyn.pl\/index.php?rest_route=\/wp\/v2\/posts\/5691","targetHints":{"allow":["GET"]}}],"collection":[{"href":"https:\/\/www.milosnicylasu.olsztyn.pl\/index.php?rest_route=\/wp\/v2\/posts"}],"about":[{"href":"https:\/\/www.milosnicylasu.olsztyn.pl\/index.php?rest_route=\/wp\/v2\/types\/post"}],"author":[{"embeddable":true,"href":"https:\/\/www.milosnicylasu.olsztyn.pl\/index.php?rest_route=\/wp\/v2\/users\/2"}],"replies":[{"embeddable":true,"href":"https:\/\/www.milosnicylasu.olsztyn.pl\/index.php?rest_route=%2Fwp%2Fv2%2Fcomments&post=5691"}],"version-history":[{"count":2,"href":"https:\/\/www.milosnicylasu.olsztyn.pl\/index.php?rest_route=\/wp\/v2\/posts\/5691\/revisions"}],"predecessor-version":[{"id":5694,"href":"https:\/\/www.milosnicylasu.olsztyn.pl\/index.php?rest_route=\/wp\/v2\/posts\/5691\/revisions\/5694"}],"wp:attachment":[{"href":"https:\/\/www.milosnicylasu.olsztyn.pl\/index.php?rest_route=%2Fwp%2Fv2%2Fmedia&parent=5691"}],"wp:term":[{"taxonomy":"category","embeddable":true,"href":"https:\/\/www.milosnicylasu.olsztyn.pl\/index.php?rest_route=%2Fwp%2Fv2%2Fcategories&post=5691"},{"taxonomy":"post_tag","embeddable":true,"href":"https:\/\/www.milosnicylasu.olsztyn.pl\/index.php?rest_route=%2Fwp%2Fv2%2Ftags&post=5691"}],"curies":[{"name":"wp","href":"https:\/\/api.w.org\/{rel}","templated":true}]}}