{"id":5710,"date":"2020-10-29T07:21:13","date_gmt":"2020-10-29T06:21:13","guid":{"rendered":"https:\/\/www.milosnicylasu.olsztyn.pl\/?p=5710"},"modified":"2020-10-29T07:27:09","modified_gmt":"2020-10-29T06:27:09","slug":"wyniki-konkursu-jaki-to-grzyb","status":"publish","type":"post","link":"https:\/\/www.milosnicylasu.olsztyn.pl\/?p=5710","title":{"rendered":"Wyniki konkursu \u201eJaki to grzyb\u201d"},"content":{"rendered":"<p><a href=\"https:\/\/www.milosnicylasu.olsztyn.pl\/wp-content\/uploads\/2020\/10\/PA110223-www.jpg\" data-rel=\"lightbox-image-0\" data-magnific_type=\"image\" data-rl_title=\"\" data-rl_caption=\"\" title=\"\"><img loading=\"lazy\" decoding=\"async\" class=\"size-medium wp-image-5712 alignleft\" src=\"https:\/\/www.milosnicylasu.olsztyn.pl\/wp-content\/uploads\/2020\/10\/PA110223-www-300x225.jpg\" alt=\"\" width=\"300\" height=\"225\" srcset=\"https:\/\/www.milosnicylasu.olsztyn.pl\/wp-content\/uploads\/2020\/10\/PA110223-www-300x225.jpg 300w, https:\/\/www.milosnicylasu.olsztyn.pl\/wp-content\/uploads\/2020\/10\/PA110223-www-768x576.jpg 768w, https:\/\/www.milosnicylasu.olsztyn.pl\/wp-content\/uploads\/2020\/10\/PA110223-www.jpg 1024w\" sizes=\"auto, (max-width: 300px) 100vw, 300px\" \/><\/a><\/p>\n<p>27.X.2020r.\u00a0 up\u0142yn\u0105\u0142\u00a0 termin nadsy\u0142ania odpowiedzi na konkurs \u201e Jaki to grzyb\u201d. Pierwsze trzy osoby, kt\u00f3re odpowiedzia\u0142y prawid\u0142owo, otrzymaj\u0105 ciekawe nagrody ksi\u0105\u017ckowe o tematyce przyrodniczo &#8211; le\u015bnej.\u00a0 S\u0105 to:<\/p>\n<ol>\n<li>Jan Filipek dnia 18.X.2020r. godz. 19.25<\/li>\n<li>Basia Bruzgo dnia 20.X.2020r. godz.15.45<\/li>\n<li>Irena \u0141api\u0144ska dnia 22.X.2020r. godz.16.30<\/li>\n<\/ol>\n<p>W\u0142a\u015bciwa nazwa grzyba to:<\/p>\n<p><strong>Czernid\u0142ak ko\u0142pakowaty<\/strong><\/p>\n<p>Spotka\u0142 go na swojej drodze chyba ka\u017cdy grzybiarz i omija\u0142 go z daleka. Znale\u017a\u0107 czernid\u0142aki mo\u017cna na \u0142\u0105kach, polach, pastwiskach, ro\u015bnie na le\u015bnych drogach, niekiedy nawet na miejskich trawnikach i nieopodal \u015bmietnik\u00f3w. Czernid\u0142ak nale\u017cy jednak do rodziny pieczarkowatych i tak samo jak pieczarki jest jadalny. Niech\u0119\u0107 do jego spo\u017cywania bierze si\u0119 st\u0105d, \u017ce jego dojrza\u0142e owocniki zmieniaj\u0105 si\u0119 z czasem w czarn\u0105 ma\u017a (st\u0105d nazwa). Nikt jednak nie m\u00f3wi, \u017ce je\u015b\u0107 trzeba dojrza\u0142e okazy. Do spo\u017cycia nadaj\u0105 si\u0119 ca\u0142kowicie bia\u0142e, nieotwarte jeszcze owocniki. Mo\u017cna go pomyli\u0107 z czernid\u0142akiem pospolitym, kt\u00f3ry te\u017c jest jadalny, ale ma jedn\u0105 nietypow\u0105 w\u0142a\u015bciwo\u015b\u0107 \u2013 blokuje rozk\u0142ad alkoholu w organizmie, wi\u0119c jego spo\u017cywanie wraz z tym grzybem sko\u0144czy\u0107 si\u0119 mo\u017ce pot\u0119\u017cnym zatruciem (tzw. kacem).<\/p>\n<p>&nbsp;<\/p>\n<p>&nbsp;<\/p>\n<p>&nbsp;<\/p>\n","protected":false},"excerpt":{"rendered":"<p>27.X.2020r.\u00a0 up\u0142yn\u0105\u0142\u00a0 termin nadsy\u0142ania odpowiedzi na konkurs \u201e Jaki to grzyb\u201d. Pierwsze trzy osoby, kt\u00f3re odpowiedzia\u0142y prawid\u0142owo, otrzymaj\u0105 ciekawe nagrody ksi\u0105\u017ckowe o tematyce przyrodniczo &#8211; le\u015bnej.\u00a0 S\u0105 to: Jan Filipek dnia 18.X.2020r. godz. 19.25 Basia Bruzgo dnia 20.X.2020r. godz.15.45 Irena \u0141api\u0144ska dnia 22.X.2020r. godz.16.30 W\u0142a\u015bciwa nazwa grzyba to: Czernid\u0142ak ko\u0142pakowaty Spotka\u0142 go na swojej drodze [&hellip;]<\/p>\n","protected":false},"author":2,"featured_media":0,"comment_status":"open","ping_status":"open","sticky":false,"template":"","format":"standard","meta":{"footnotes":""},"categories":[1,9,17,15],"tags":[],"class_list":["post-5710","post","type-post","status-publish","format-standard","hentry","category-bez-kategorii","category-ciekawostki","category-edukacja-w-terenie","category-komkurs"],"_links":{"self":[{"href":"https:\/\/www.milosnicylasu.olsztyn.pl\/index.php?rest_route=\/wp\/v2\/posts\/5710","targetHints":{"allow":["GET"]}}],"collection":[{"href":"https:\/\/www.milosnicylasu.olsztyn.pl\/index.php?rest_route=\/wp\/v2\/posts"}],"about":[{"href":"https:\/\/www.milosnicylasu.olsztyn.pl\/index.php?rest_route=\/wp\/v2\/types\/post"}],"author":[{"embeddable":true,"href":"https:\/\/www.milosnicylasu.olsztyn.pl\/index.php?rest_route=\/wp\/v2\/users\/2"}],"replies":[{"embeddable":true,"href":"https:\/\/www.milosnicylasu.olsztyn.pl\/index.php?rest_route=%2Fwp%2Fv2%2Fcomments&post=5710"}],"version-history":[{"count":4,"href":"https:\/\/www.milosnicylasu.olsztyn.pl\/index.php?rest_route=\/wp\/v2\/posts\/5710\/revisions"}],"predecessor-version":[{"id":5715,"href":"https:\/\/www.milosnicylasu.olsztyn.pl\/index.php?rest_route=\/wp\/v2\/posts\/5710\/revisions\/5715"}],"wp:attachment":[{"href":"https:\/\/www.milosnicylasu.olsztyn.pl\/index.php?rest_route=%2Fwp%2Fv2%2Fmedia&parent=5710"}],"wp:term":[{"taxonomy":"category","embeddable":true,"href":"https:\/\/www.milosnicylasu.olsztyn.pl\/index.php?rest_route=%2Fwp%2Fv2%2Fcategories&post=5710"},{"taxonomy":"post_tag","embeddable":true,"href":"https:\/\/www.milosnicylasu.olsztyn.pl\/index.php?rest_route=%2Fwp%2Fv2%2Ftags&post=5710"}],"curies":[{"name":"wp","href":"https:\/\/api.w.org\/{rel}","templated":true}]}}