{"id":572,"date":"2013-07-21T19:19:23","date_gmt":"2013-07-21T17:19:23","guid":{"rendered":"http:\/\/www.milosnicylasu.olsztyn.pl\/?p=572"},"modified":"2013-07-21T19:28:21","modified_gmt":"2013-07-21T17:28:21","slug":"jest-takie-miejsce-butryny","status":"publish","type":"post","link":"https:\/\/www.milosnicylasu.olsztyn.pl\/?p=572","title":{"rendered":"Jest takie miejsce&#8230;.. Butryny"},"content":{"rendered":"<p><b>Butryny to jedna z ostatnich wsi na po\u0142udniowym kra\u0144cu Warmii; dalej jest Nowa Kaletka, kt\u00f3ra le\u017cy tu\u017c przy granicy z po\u0142udniow\u0105 cz\u0119\u015bci\u0105 Mazur. Jezioro Gim, nad kt\u00f3rym le\u017cy Nowa Kaletka, po\u0142o\u017cone jest ju\u017c po stronie mazurskiej.<\/b><\/p>\n<p>Butryny powsta\u0142y w 1412 roku, zatem w roku 2012 obchodzi\u0142y okr\u0105g\u0142y jubileusz 600-lecia. Pierwszy ko\u015bci\u00f3\u0142 wymieniany jest w dokumentach ju\u017c w XIV w. By\u0142 konstrukcji drewnianej, sp\u0142on\u0105\u0142 w 1682 r. W 1689 roku rozpocz\u0119to budow\u0119 murowanej \u015bwi\u0105tyni, w\u00f3wczas w stylu barokowym. Konsekracji nowego ko\u015bcio\u0142a dokonano w 1724 r. Ta \u015bwi\u0105tynia tak\u017ce sp\u0142on\u0119\u0142a w czasie po\u017caru w 1886 r. Odbudowana zosta\u0142a w latach 1887\u20131888 w stylu neogotyckim, z wykorzystaniem starych mur\u00f3w. <a href=\"http:\/\/www.milosnicylasu.olsztyn.pl\/wp-content\/uploads\/2013\/07\/P7210025-www.jpg\" data-rel=\"lightbox-image-0\" data-magnific_type=\"image\" data-rl_title=\"\" data-rl_caption=\"\" title=\"\"><img loading=\"lazy\" decoding=\"async\" class=\"alignleft size-medium wp-image-574\" alt=\"P7210025-www\" src=\"http:\/\/www.milosnicylasu.olsztyn.pl\/wp-content\/uploads\/2013\/07\/P7210025-www-300x168.jpg\" width=\"300\" height=\"168\" srcset=\"https:\/\/www.milosnicylasu.olsztyn.pl\/wp-content\/uploads\/2013\/07\/P7210025-www-300x168.jpg 300w, https:\/\/www.milosnicylasu.olsztyn.pl\/wp-content\/uploads\/2013\/07\/P7210025-www-500x281.jpg 500w, https:\/\/www.milosnicylasu.olsztyn.pl\/wp-content\/uploads\/2013\/07\/P7210025-www.jpg 1024w\" sizes=\"auto, (max-width: 300px) 100vw, 300px\" \/><\/a><a href=\"http:\/\/www.milosnicylasu.olsztyn.pl\/wp-content\/uploads\/2013\/07\/P7210003-www.jpg\" data-rel=\"lightbox-image-1\" data-magnific_type=\"image\" data-rl_title=\"\" data-rl_caption=\"\" title=\"\"><img loading=\"lazy\" decoding=\"async\" class=\"size-medium wp-image-576 alignright\" alt=\"P7210003-www\" src=\"http:\/\/www.milosnicylasu.olsztyn.pl\/wp-content\/uploads\/2013\/07\/P7210003-www-300x168.jpg\" width=\"300\" height=\"168\" srcset=\"https:\/\/www.milosnicylasu.olsztyn.pl\/wp-content\/uploads\/2013\/07\/P7210003-www-300x168.jpg 300w, https:\/\/www.milosnicylasu.olsztyn.pl\/wp-content\/uploads\/2013\/07\/P7210003-www-500x281.jpg 500w, https:\/\/www.milosnicylasu.olsztyn.pl\/wp-content\/uploads\/2013\/07\/P7210003-www.jpg 1024w\" sizes=\"auto, (max-width: 300px) 100vw, 300px\" \/><\/a>Obecny kszta\u0142t ko\u015bcio\u0142a uzyskano dopiero w 1934 r., kiedy to uko\u0144czono budow\u0119 ko\u015bcielnej wie\u017cy. Ko\u015bci\u00f3\u0142 w Butrynach, jak wiele ko\u015bcio\u0142\u00f3w w czasach panowania Prus Wschodnich, by\u0142 miejscem pracy znanych ludzi zwi\u0105zanych z Warmi\u0105. W 1883 r. swoje pierwsze kap\u0142a\u0144skie kroki stawia\u0142 tutaj ks. Walenty Barczewski (1856\u20131928), wybitny Warmiak, dzia\u0142acz narodowy i \u017carliwy obro\u0144ca praw polskich katolik\u00f3w w Prusach Wschodnich. D\u0142ugoletnim proboszczem tej parafii (1904 &#8211; 1933) by\u0142 ks. Wac\u0142aw Osi\u0144ski (1868\u20131945), redaktor czasopisma &#8222;Warmiak&#8221;, wiceprezes polskiej Rady Ludowej na Warmii i dzia\u0142acz polonijny w Rzeszy Niemieckiej.<\/p>\n<p>Obok ko\u015bcio\u0142a znajduje si\u0119 warmi\u0144ska murowana kapliczka klasycystyczna z drugiej po\u0142owy XVIII wieku. Nieco dalej jest druga kapliczka z XIX w., neoklasycystyczna.<\/p>\n<p>Ko\u015bci\u00f3\u0142 jest budowl\u0105 salow\u0105 na rzucie prostok\u0105ta z szerokim, p\u0142askim ryzalitem w elewacji wschodniej. O\u0142tarz g\u0142\u00f3wny ma styl barokowy i pochodzi z 1681 r. W bocznym o\u0142tarzu znajduje si\u0119 obraz z XVII w. przedstawiaj\u0105cy \u015bw. Antoniego z Dzieci\u0105tkiem w srebrnych sukienkach. W ko\u015bciele w Butrynach witano ka\u017cdego nowego biskupa Warmii podczas uroczystego wjazdu do diecezji. Nowo mianowani biskupi przyje\u017cd\u017cali starym traktem warszawskim, biegn\u0105cym przez pobliskie Ba\u0142dy. Na polach pod Ba\u0142dami powsta\u0142a Aleja Biskup\u00f3w z tablicami informacyjnymi, po\u015bwi\u0119conymi wszystkim 51 dotychczasowym biskupom warmi\u0144skim. Zbudowano tam te\u017c symboliczne Wrota Warmii. Od 2008 roku corocznie w pierwsz\u0105 sobot\u0119 lipca odbywa si\u0119 tam uroczysto\u015b\u0107 pn. Kiermas Warmi\u0144ski, podczas kt\u00f3rej mo\u017cna m.in. obejrze\u0107 rekonstrukcj\u0119 historycznego wjazdu biskupa na Warmi\u0119.<\/p>\n","protected":false},"excerpt":{"rendered":"<p>Butryny to jedna z ostatnich wsi na po\u0142udniowym kra\u0144cu Warmii; dalej jest Nowa Kaletka, kt\u00f3ra le\u017cy tu\u017c przy granicy z po\u0142udniow\u0105 cz\u0119\u015bci\u0105 Mazur. Jezioro Gim, nad kt\u00f3rym le\u017cy Nowa Kaletka, po\u0142o\u017cone jest ju\u017c po stronie mazurskiej. Butryny powsta\u0142y w 1412 roku, zatem w roku 2012 obchodzi\u0142y okr\u0105g\u0142y jubileusz 600-lecia. Pierwszy ko\u015bci\u00f3\u0142 wymieniany jest w dokumentach [&hellip;]<\/p>\n","protected":false},"author":1,"featured_media":0,"comment_status":"open","ping_status":"open","sticky":false,"template":"","format":"standard","meta":{"footnotes":""},"categories":[1,9,5],"tags":[],"class_list":["post-572","post","type-post","status-publish","format-standard","hentry","category-bez-kategorii","category-ciekawostki","category-wycieczki"],"_links":{"self":[{"href":"https:\/\/www.milosnicylasu.olsztyn.pl\/index.php?rest_route=\/wp\/v2\/posts\/572","targetHints":{"allow":["GET"]}}],"collection":[{"href":"https:\/\/www.milosnicylasu.olsztyn.pl\/index.php?rest_route=\/wp\/v2\/posts"}],"about":[{"href":"https:\/\/www.milosnicylasu.olsztyn.pl\/index.php?rest_route=\/wp\/v2\/types\/post"}],"author":[{"embeddable":true,"href":"https:\/\/www.milosnicylasu.olsztyn.pl\/index.php?rest_route=\/wp\/v2\/users\/1"}],"replies":[{"embeddable":true,"href":"https:\/\/www.milosnicylasu.olsztyn.pl\/index.php?rest_route=%2Fwp%2Fv2%2Fcomments&post=572"}],"version-history":[{"count":4,"href":"https:\/\/www.milosnicylasu.olsztyn.pl\/index.php?rest_route=\/wp\/v2\/posts\/572\/revisions"}],"predecessor-version":[{"id":578,"href":"https:\/\/www.milosnicylasu.olsztyn.pl\/index.php?rest_route=\/wp\/v2\/posts\/572\/revisions\/578"}],"wp:attachment":[{"href":"https:\/\/www.milosnicylasu.olsztyn.pl\/index.php?rest_route=%2Fwp%2Fv2%2Fmedia&parent=572"}],"wp:term":[{"taxonomy":"category","embeddable":true,"href":"https:\/\/www.milosnicylasu.olsztyn.pl\/index.php?rest_route=%2Fwp%2Fv2%2Fcategories&post=572"},{"taxonomy":"post_tag","embeddable":true,"href":"https:\/\/www.milosnicylasu.olsztyn.pl\/index.php?rest_route=%2Fwp%2Fv2%2Ftags&post=572"}],"curies":[{"name":"wp","href":"https:\/\/api.w.org\/{rel}","templated":true}]}}