{"id":5728,"date":"2020-10-29T17:02:50","date_gmt":"2020-10-29T16:02:50","guid":{"rendered":"https:\/\/www.milosnicylasu.olsztyn.pl\/?p=5728"},"modified":"2020-10-31T07:59:57","modified_gmt":"2020-10-31T06:59:57","slug":"nasz-pierwszy-kawalek-lasu","status":"publish","type":"post","link":"https:\/\/www.milosnicylasu.olsztyn.pl\/?p=5728","title":{"rendered":"Nasz pierwszy kawa\u0142ek lasu"},"content":{"rendered":"<p><a href=\"https:\/\/www.milosnicylasu.olsztyn.pl\/wp-content\/uploads\/2013\/04\/P4270459-www.jpg\" data-rel=\"lightbox-image-0\" data-magnific_type=\"image\" data-rl_title=\"\" data-rl_caption=\"\" title=\"\"><img loading=\"lazy\" decoding=\"async\" class=\"size-medium wp-image-322 alignleft\" src=\"https:\/\/www.milosnicylasu.olsztyn.pl\/wp-content\/uploads\/2013\/04\/P4270459-www-300x168.jpg\" alt=\"\" width=\"300\" height=\"168\" srcset=\"https:\/\/www.milosnicylasu.olsztyn.pl\/wp-content\/uploads\/2013\/04\/P4270459-www-300x168.jpg 300w, https:\/\/www.milosnicylasu.olsztyn.pl\/wp-content\/uploads\/2013\/04\/P4270459-www-500x281.jpg 500w, https:\/\/www.milosnicylasu.olsztyn.pl\/wp-content\/uploads\/2013\/04\/P4270459-www.jpg 1024w\" sizes=\"auto, (max-width: 300px) 100vw, 300px\" \/><\/a> \u00a0 Cz\u0142onkowie Ko\u0142a Mi\u0142o\u015bnik\u00f3w Lasu i Militari\u00f3w LOK przy ATW w Olsztynie sadzili las o\u015bmiokrotnie, w r\u00f3\u017cnych nadle\u015bnictwach, dzia\u0142aj\u0105cych w ramach RDLP w Olsztynie. Sadzili\u015bmy g\u0142\u00f3wnie d\u0119by ale te\u017c sosny \u015bwierki i lipy. D\u0119by rosn\u0105 bardzo wolno, s\u0105 d\u0142ugowieczne i d\u0142ug\u0105 maj\u0105 histori\u0119.<\/p>\n<p>Pierwsze d\u0119by w Polsce pojawi\u0142y si\u0119 9000 lat temu. Wiek najstarszego (datowany metod\u0105 radiow\u0119glow\u0105) znalezionego w Polsce, okre\u015blany jest na ok. 9200 lat.<a href=\"https:\/\/www.milosnicylasu.olsztyn.pl\/wp-content\/uploads\/2014\/04\/P4260133-www.jpg\" data-rel=\"lightbox-image-1\" data-magnific_type=\"image\" data-rl_title=\"\" data-rl_caption=\"\" title=\"\"><img loading=\"lazy\" decoding=\"async\" class=\"size-medium wp-image-1149 alignright\" src=\"https:\/\/www.milosnicylasu.olsztyn.pl\/wp-content\/uploads\/2014\/04\/P4260133-www-300x225.jpg\" alt=\"\" width=\"300\" height=\"225\" srcset=\"https:\/\/www.milosnicylasu.olsztyn.pl\/wp-content\/uploads\/2014\/04\/P4260133-www-300x225.jpg 300w, https:\/\/www.milosnicylasu.olsztyn.pl\/wp-content\/uploads\/2014\/04\/P4260133-www-1024x768.jpg 1024w, https:\/\/www.milosnicylasu.olsztyn.pl\/wp-content\/uploads\/2014\/04\/P4260133-www-400x300.jpg 400w, https:\/\/www.milosnicylasu.olsztyn.pl\/wp-content\/uploads\/2014\/04\/P4260133-www.jpg 1280w\" sizes=\"auto, (max-width: 300px) 100vw, 300px\" \/><\/a><\/p>\n<p>Jest gatunkiem d\u0142ugowiecznym, \u017cyje ponad 700 lat. Jest powszechnie uwa\u017cany za jedno z najszlachetniejszych drzew i\u00a0praktycznie wsz\u0119dzie na terenie swojego wyst\u0119powania cieszy si\u0119 wyj\u0105tkowym szacunkiem i sympati\u0105. Ze wzgl\u0119du na okaza\u0142e rozmiary jakie osi\u0105ga, sprawia majestatyczne wra\u017cenie. Stare, cz\u0119sto szczeg\u00f3lnie pot\u0119\u017cne egzemplarze nazywano \u201eojcem d\u0119b\u00f3w\u201d lub \u201egospodarzem lasu\u201d. R\u00f3wnie cz\u0119sto wi\u0105zane by\u0142y legendami i podaniami ze znanymi postaciami historycznymi, kt\u00f3re mia\u0142y je zasadza\u0107, odpoczywa\u0107 pod nimi lub sprawowa\u0107 s\u0105dy (np. pod <em>Bartkiem<\/em> mia\u0142 s\u0105dzi\u0107 Kazimierz Wielki z kolei pod \u201eD\u0119bem Jagie\u0142\u0142y\u201d odpoczywa\u0142 pono\u0107 kr\u00f3l W\u0142adys\u0142aw po polowaniu, podczas kt\u00f3rego gromadzono zapasy na wypraw\u0119 grunwaldzk\u0105. D\u0105b jest drzewem opisywanym r\u00f3wnie\u017c w literaturze ludowej i w pie\u015bniach. W praktykach magicznych postrzegany by\u0142 zawsze jako daj\u0105cy si\u0142\u0119 i zdrowie.<\/p>\n<p><strong>Przede wszystkim jednak jest on najwa\u017cniejszym w Polsce le\u015bnym drzewem li\u015bciastym (i trzecim w og\u00f3le, po so\u015bnie i\u00a0\u015bwierku).<\/strong><\/p>\n<p>29 pa\u017adziernika 2020 r.\u00a0 odwiedzili\u015bmy &#8222;nasz pierwszy kawa\u0142ek lasu&#8221;, po\u0142o\u017cony na terenie Olsztyna. Male\u0144kie sadzonki sadzili\u015bmy zgodnie z wytycznymi pracownik\u00f3w Regionalnej Dyrekcji Las\u00f3w Pa\u0144stwowych w Olsztynie, pan\u00f3w Andrzeja Sobani i Arkadiusza Mrozowskiego.\u00a0 By\u0142o to 9 lat temu, ale do dzisiaj bardzo mi\u0142o wspominamy nasz\u0105 &#8222;wsp\u00f3\u0142prac\u0119&#8221;.\u00a0 Pozdrawiamy serdecznie obu Pan\u00f3w.<\/p>\n<p><a href=\"https:\/\/www.milosnicylasu.olsztyn.pl\/wp-content\/uploads\/2020\/10\/PA290185-www.jpg\" data-rel=\"lightbox-image-2\" data-magnific_type=\"image\" data-rl_title=\"\" data-rl_caption=\"\" title=\"\"><img loading=\"lazy\" decoding=\"async\" class=\"size-medium wp-image-5729 alignleft\" src=\"https:\/\/www.milosnicylasu.olsztyn.pl\/wp-content\/uploads\/2020\/10\/PA290185-www-300x225.jpg\" alt=\"\" width=\"300\" height=\"225\" srcset=\"https:\/\/www.milosnicylasu.olsztyn.pl\/wp-content\/uploads\/2020\/10\/PA290185-www-300x225.jpg 300w, https:\/\/www.milosnicylasu.olsztyn.pl\/wp-content\/uploads\/2020\/10\/PA290185-www-768x576.jpg 768w, https:\/\/www.milosnicylasu.olsztyn.pl\/wp-content\/uploads\/2020\/10\/PA290185-www.jpg 1024w\" sizes=\"auto, (max-width: 300px) 100vw, 300px\" \/><\/a><\/p>\n<p>&nbsp;<\/p>\n<p>Sadzonki przyj\u0119\u0142y si\u0119, rosn\u0105 ale jak na d\u0119by przysta\u0142o bardzo wolno.<\/p>\n","protected":false},"excerpt":{"rendered":"<p>\u00a0 Cz\u0142onkowie Ko\u0142a Mi\u0142o\u015bnik\u00f3w Lasu i Militari\u00f3w LOK przy ATW w Olsztynie sadzili las o\u015bmiokrotnie, w r\u00f3\u017cnych nadle\u015bnictwach, dzia\u0142aj\u0105cych w ramach RDLP w Olsztynie. Sadzili\u015bmy g\u0142\u00f3wnie d\u0119by ale te\u017c sosny \u015bwierki i lipy. D\u0119by rosn\u0105 bardzo wolno, s\u0105 d\u0142ugowieczne i d\u0142ug\u0105 maj\u0105 histori\u0119. Pierwsze d\u0119by w Polsce pojawi\u0142y si\u0119 9000 lat temu. Wiek najstarszego (datowany [&hellip;]<\/p>\n","protected":false},"author":2,"featured_media":0,"comment_status":"open","ping_status":"open","sticky":false,"template":"","format":"standard","meta":{"footnotes":""},"categories":[1,9,17],"tags":[],"class_list":["post-5728","post","type-post","status-publish","format-standard","hentry","category-bez-kategorii","category-ciekawostki","category-edukacja-w-terenie"],"_links":{"self":[{"href":"https:\/\/www.milosnicylasu.olsztyn.pl\/index.php?rest_route=\/wp\/v2\/posts\/5728","targetHints":{"allow":["GET"]}}],"collection":[{"href":"https:\/\/www.milosnicylasu.olsztyn.pl\/index.php?rest_route=\/wp\/v2\/posts"}],"about":[{"href":"https:\/\/www.milosnicylasu.olsztyn.pl\/index.php?rest_route=\/wp\/v2\/types\/post"}],"author":[{"embeddable":true,"href":"https:\/\/www.milosnicylasu.olsztyn.pl\/index.php?rest_route=\/wp\/v2\/users\/2"}],"replies":[{"embeddable":true,"href":"https:\/\/www.milosnicylasu.olsztyn.pl\/index.php?rest_route=%2Fwp%2Fv2%2Fcomments&post=5728"}],"version-history":[{"count":8,"href":"https:\/\/www.milosnicylasu.olsztyn.pl\/index.php?rest_route=\/wp\/v2\/posts\/5728\/revisions"}],"predecessor-version":[{"id":5751,"href":"https:\/\/www.milosnicylasu.olsztyn.pl\/index.php?rest_route=\/wp\/v2\/posts\/5728\/revisions\/5751"}],"wp:attachment":[{"href":"https:\/\/www.milosnicylasu.olsztyn.pl\/index.php?rest_route=%2Fwp%2Fv2%2Fmedia&parent=5728"}],"wp:term":[{"taxonomy":"category","embeddable":true,"href":"https:\/\/www.milosnicylasu.olsztyn.pl\/index.php?rest_route=%2Fwp%2Fv2%2Fcategories&post=5728"},{"taxonomy":"post_tag","embeddable":true,"href":"https:\/\/www.milosnicylasu.olsztyn.pl\/index.php?rest_route=%2Fwp%2Fv2%2Ftags&post=5728"}],"curies":[{"name":"wp","href":"https:\/\/api.w.org\/{rel}","templated":true}]}}