{"id":5736,"date":"2020-10-30T12:54:54","date_gmt":"2020-10-30T11:54:54","guid":{"rendered":"https:\/\/www.milosnicylasu.olsztyn.pl\/?p=5736"},"modified":"2020-10-30T12:57:52","modified_gmt":"2020-10-30T11:57:52","slug":"pandemia-pandemia-a-nasi-maluja","status":"publish","type":"post","link":"https:\/\/www.milosnicylasu.olsztyn.pl\/?p=5736","title":{"rendered":"Pandemia pandemi\u0105 a nasi maluj\u0105"},"content":{"rendered":"<p>Mimo trwaj\u0105cej pandemii i obostrze\u0144 zwi\u0105zanym z ograniczeniem ryzyka rozprzestrzeniania si\u0119 tej gro\u017anej choroby, Gminny O\u015brodek Kultury zorganizowa\u0142\u00a0 jak co roku &#8222;Kobiece Impresje&#8221;. Na stronie internetowej Gminnego O\u015brodka Kultury w Dywitach mo\u017cemy przeczyta\u0107:<\/p>\n<p>&#8222;Przegl\u0105d Sztuki Nieprofesjonalnej Kobiet \u201cKobiece Impresje\u201d to konkurs skierowany do artystek-amatorek z gmin wiejskich Powiatu Olszty\u0144skiego oraz samego Olsztyna.<br \/>\nZ roku na rok cieszy si\u0119 on coraz wi\u0119kszym zainteresowaniem. Przez ponad 10 lat pokazali\u015bmy prace ponad 500 kobiet i ponad 1000 obraz\u00f3w wykonanych w bardzo r\u00f3\u017cnych technikach \u2013 od batiku, przez akwarel\u0119, akryl i olej, po kola\u017c. Obserwujemy, jak bardzo wzmacnia si\u0119 grono artystek, kt\u00f3re wystawiaj\u0105 swoje prace, i jak wzrasta poziom prezentowanej sztuki. Wa\u017cne jest dla nas r\u00f3wnie\u017c to, jak panie rozwijaj\u0105 si\u0119, bior\u0105c udzia\u0142 w warsztatach i inicjuj\u0105c w\u0142asne dzia\u0142ania edukacyjno-artystyczne z zakresu sztuk pi\u0119knych.<\/p>\n<p>Po 11 latach od pierwszej edycji konkursu mo\u017cemy \u015bmia\u0142o powiedzie\u0107, \u017ce \u201cKobiece Impresje\u201d to rodzaj nieformalnego ruchu, kt\u00f3ry zrzesza kilkadziesi\u0105t artystek-amatorek z naszego regionu. Dla wielu to spe\u0142nienie marze\u0144 o malowaniu, kt\u00f3re pozostawa\u0142y w ich sercach od dzieci\u0144stwa. Dlatego staramy si\u0119, by wyr\u00f3\u017cnione osoby otrzymywa\u0142y jako nagrody profesjonalne akcesoria plastyczne, kt\u00f3re pozwol\u0105 im na jeszcze pe\u0142niejsz\u0105 realizacj\u0119 pasji. Wydarzenie jest skierowane bezpo\u015brednio do kobiet amatorsko zajmuj\u0105cych si\u0119 malarstwem, po\u015brednio do wszystkich mi\u0142o\u015bnik\u00f3w tej dziedziny sztuki. W konkursie \u015brednio bierze udzia\u0142 ok. 50 malarek, wystaw\u0119 og\u0142ada ok. 400 os\u00f3b.<\/p>\n<p>W tym roku w konkursie wzi\u0119\u0142o udzia\u0142 60 Pa\u0144, nap\u0142yn\u0119\u0142o 105 prac.&#8221;<\/p>\n<p>W\u015br\u00f3d tych obraz\u00f3w znalaz\u0142y si\u0119\u00a0 prace Wiesi Filipek i Krystyny Leszczy\u0144skiej, kt\u00f3rej obraz &#8222;Lato&#8221; otrzyma\u0142 wyr\u00f3\u017cnienie Fundacji Kapitana Nemo. Wszystkie bior\u0105ce udzia\u0142 w konkursie obrazy mo\u017cna ogl\u0105dn\u0105\u0107 na stronie\u00a0 GOK w Dywitach. Zach\u0119camy gor\u0105co &#8211; 60 pa\u0144, r\u00f3\u017cne techniki, r\u00f3\u017cna wra\u017cliwo\u015b\u0107 i wielka r\u00f3\u017cnorodno\u015b\u0107 temat\u00f3w.<\/p>\n<p>A dlaczego obraz &#8222;Lato&#8221; zosta\u0142 zauwa\u017cony? Uzasadni\u0142 to Prezes FKN\u00a0 Kpt. \u017c.w. Tomasz Pruszy\u0144ski<\/p>\n<p>&#8222;Najbardziej w pani obrazie uchwyci\u0142o mnie wra\u017cenie ruchu osi\u0105gni\u0119te przez pionowe poci\u0105gni\u0119cia. No i do tego pi\u0119kne kolory i ich zachodzenie w siebie. To jest dla mnie w\u0142a\u015bnie jedna z twarzy impresji\ud83d\ude0a&#8221;<\/p>\n<p><a href=\"https:\/\/www.milosnicylasu.olsztyn.pl\/wp-content\/uploads\/2020\/10\/www.jpg\" data-rel=\"lightbox-image-0\" data-magnific_type=\"image\" data-rl_title=\"\" data-rl_caption=\"\" title=\"\"><img loading=\"lazy\" decoding=\"async\" class=\"size-medium wp-image-5737\" src=\"https:\/\/www.milosnicylasu.olsztyn.pl\/wp-content\/uploads\/2020\/10\/www-300x225.jpg\" alt=\"\" width=\"300\" height=\"225\" srcset=\"https:\/\/www.milosnicylasu.olsztyn.pl\/wp-content\/uploads\/2020\/10\/www-300x225.jpg 300w, https:\/\/www.milosnicylasu.olsztyn.pl\/wp-content\/uploads\/2020\/10\/www-768x576.jpg 768w, https:\/\/www.milosnicylasu.olsztyn.pl\/wp-content\/uploads\/2020\/10\/www.jpg 1024w\" sizes=\"auto, (max-width: 300px) 100vw, 300px\" \/><\/a><\/p>\n","protected":false},"excerpt":{"rendered":"<p>Mimo trwaj\u0105cej pandemii i obostrze\u0144 zwi\u0105zanym z ograniczeniem ryzyka rozprzestrzeniania si\u0119 tej gro\u017anej choroby, Gminny O\u015brodek Kultury zorganizowa\u0142\u00a0 jak co roku &#8222;Kobiece Impresje&#8221;. Na stronie internetowej Gminnego O\u015brodka Kultury w Dywitach mo\u017cemy przeczyta\u0107: &#8222;Przegl\u0105d Sztuki Nieprofesjonalnej Kobiet \u201cKobiece Impresje\u201d to konkurs skierowany do artystek-amatorek z gmin wiejskich Powiatu Olszty\u0144skiego oraz samego Olsztyna. Z roku na [&hellip;]<\/p>\n","protected":false},"author":2,"featured_media":0,"comment_status":"open","ping_status":"open","sticky":false,"template":"","format":"standard","meta":{"footnotes":""},"categories":[1,9,15,4],"tags":[],"class_list":["post-5736","post","type-post","status-publish","format-standard","hentry","category-bez-kategorii","category-ciekawostki","category-komkurs","category-wystawy"],"_links":{"self":[{"href":"https:\/\/www.milosnicylasu.olsztyn.pl\/index.php?rest_route=\/wp\/v2\/posts\/5736","targetHints":{"allow":["GET"]}}],"collection":[{"href":"https:\/\/www.milosnicylasu.olsztyn.pl\/index.php?rest_route=\/wp\/v2\/posts"}],"about":[{"href":"https:\/\/www.milosnicylasu.olsztyn.pl\/index.php?rest_route=\/wp\/v2\/types\/post"}],"author":[{"embeddable":true,"href":"https:\/\/www.milosnicylasu.olsztyn.pl\/index.php?rest_route=\/wp\/v2\/users\/2"}],"replies":[{"embeddable":true,"href":"https:\/\/www.milosnicylasu.olsztyn.pl\/index.php?rest_route=%2Fwp%2Fv2%2Fcomments&post=5736"}],"version-history":[{"count":1,"href":"https:\/\/www.milosnicylasu.olsztyn.pl\/index.php?rest_route=\/wp\/v2\/posts\/5736\/revisions"}],"predecessor-version":[{"id":5738,"href":"https:\/\/www.milosnicylasu.olsztyn.pl\/index.php?rest_route=\/wp\/v2\/posts\/5736\/revisions\/5738"}],"wp:attachment":[{"href":"https:\/\/www.milosnicylasu.olsztyn.pl\/index.php?rest_route=%2Fwp%2Fv2%2Fmedia&parent=5736"}],"wp:term":[{"taxonomy":"category","embeddable":true,"href":"https:\/\/www.milosnicylasu.olsztyn.pl\/index.php?rest_route=%2Fwp%2Fv2%2Fcategories&post=5736"},{"taxonomy":"post_tag","embeddable":true,"href":"https:\/\/www.milosnicylasu.olsztyn.pl\/index.php?rest_route=%2Fwp%2Fv2%2Ftags&post=5736"}],"curies":[{"name":"wp","href":"https:\/\/api.w.org\/{rel}","templated":true}]}}