{"id":5739,"date":"2020-10-31T07:27:51","date_gmt":"2020-10-31T06:27:51","guid":{"rendered":"https:\/\/www.milosnicylasu.olsztyn.pl\/?p=5739"},"modified":"2020-10-31T07:32:58","modified_gmt":"2020-10-31T06:32:58","slug":"czy-jesien-jest-smutna","status":"publish","type":"post","link":"https:\/\/www.milosnicylasu.olsztyn.pl\/?p=5739","title":{"rendered":"Czy jesie\u0144 jest smutna ?"},"content":{"rendered":"<p><a href=\"https:\/\/www.milosnicylasu.olsztyn.pl\/wp-content\/uploads\/2020\/10\/PA290193-www.jpg\" data-rel=\"lightbox-image-0\" data-magnific_type=\"image\" data-rl_title=\"\" data-rl_caption=\"\" title=\"\"><img loading=\"lazy\" decoding=\"async\" class=\"size-medium wp-image-5740 alignleft\" src=\"https:\/\/www.milosnicylasu.olsztyn.pl\/wp-content\/uploads\/2020\/10\/PA290193-www-300x225.jpg\" alt=\"\" width=\"300\" height=\"225\" srcset=\"https:\/\/www.milosnicylasu.olsztyn.pl\/wp-content\/uploads\/2020\/10\/PA290193-www-300x225.jpg 300w, https:\/\/www.milosnicylasu.olsztyn.pl\/wp-content\/uploads\/2020\/10\/PA290193-www-768x576.jpg 768w, https:\/\/www.milosnicylasu.olsztyn.pl\/wp-content\/uploads\/2020\/10\/PA290193-www.jpg 1024w\" sizes=\"auto, (max-width: 300px) 100vw, 300px\" \/><\/a><\/p>\n<p>Szuka\u0142am wierszy o jesieni, ale takich weso\u0142ych. Nie wiem dlaczego ale niestety by\u0142o trudno. Nawet uznani poeci pisali tylko o szarudze, deszczu, odlatuj\u0105cych ptakach&#8230;&#8230;.<\/p>\n<p><a href=\"https:\/\/www.milosnicylasu.olsztyn.pl\/wp-content\/uploads\/2020\/10\/PA290186-www.jpg\" data-rel=\"lightbox-image-1\" data-magnific_type=\"image\" data-rl_title=\"\" data-rl_caption=\"\" title=\"\"><img loading=\"lazy\" decoding=\"async\" class=\"size-medium wp-image-5741 alignright\" src=\"https:\/\/www.milosnicylasu.olsztyn.pl\/wp-content\/uploads\/2020\/10\/PA290186-www-300x225.jpg\" alt=\"\" width=\"300\" height=\"225\" srcset=\"https:\/\/www.milosnicylasu.olsztyn.pl\/wp-content\/uploads\/2020\/10\/PA290186-www-300x225.jpg 300w, https:\/\/www.milosnicylasu.olsztyn.pl\/wp-content\/uploads\/2020\/10\/PA290186-www-768x576.jpg 768w, https:\/\/www.milosnicylasu.olsztyn.pl\/wp-content\/uploads\/2020\/10\/PA290186-www.jpg 1024w\" sizes=\"auto, (max-width: 300px) 100vw, 300px\" \/><\/a><\/p>\n<p>A przecie\u017c jesie\u0144 jest przede wszystkim bardzo pi\u0119kna, kolorowa jak pisa\u0142 Marek G\u0142ogowski w wierszu &#8222;Pora Weso\u0142a&#8221;<\/p>\n<p>Kto powiedzia\u0142, \u017ce jesie\u0144 jest smutna,<br \/>\n\u017be ma kolor szarego p\u0142\u00f3tna,<br \/>\n\u017be jej prawie nie wida\u0107 we mgle?<br \/>\nKto to wszystko powiedzia\u0142?<br \/>\nJa nie!<br \/>\nDla mnie jesie\u0144 to pora weso\u0142a,<br \/>\nRoze\u015bmiana i gwarna jak szko\u0142a!<br \/>\nL\u015bni\u0105ca sk\u00f3rk\u0105 kasztana na trawie,<br \/>\nW odlot ptaka wpatrzona ciekawie.<br \/>\nJesie\u0144 \u2013 roztargniona malarka<br \/>\nGubi farby po lasach i parkach,<br \/>\nA ja biegam wci\u0105\u017c za ni\u0105 z ochot\u0105<br \/>\nI znajduj\u0119 br\u0105z, czerwie\u0144 i z\u0142oto!<a href=\"https:\/\/www.milosnicylasu.olsztyn.pl\/wp-content\/uploads\/2020\/10\/DSCN6663-www.jpg\" data-rel=\"lightbox-image-2\" data-magnific_type=\"image\" data-rl_title=\"\" data-rl_caption=\"\" title=\"\"><img loading=\"lazy\" decoding=\"async\" class=\"size-medium wp-image-5745 alignleft\" src=\"https:\/\/www.milosnicylasu.olsztyn.pl\/wp-content\/uploads\/2020\/10\/DSCN6663-www-225x300.jpg\" alt=\"\" width=\"225\" height=\"300\" srcset=\"https:\/\/www.milosnicylasu.olsztyn.pl\/wp-content\/uploads\/2020\/10\/DSCN6663-www-225x300.jpg 225w, https:\/\/www.milosnicylasu.olsztyn.pl\/wp-content\/uploads\/2020\/10\/DSCN6663-www.jpg 768w\" sizes=\"auto, (max-width: 225px) 100vw, 225px\" \/><\/a><\/p>\n<p>&nbsp;<\/p>\n<p>Zdj\u0119cia: Anatol Leszczy\u0144ski<\/p>\n","protected":false},"excerpt":{"rendered":"<p>Szuka\u0142am wierszy o jesieni, ale takich weso\u0142ych. Nie wiem dlaczego ale niestety by\u0142o trudno. Nawet uznani poeci pisali tylko o szarudze, deszczu, odlatuj\u0105cych ptakach&#8230;&#8230;. A przecie\u017c jesie\u0144 jest przede wszystkim bardzo pi\u0119kna, kolorowa jak pisa\u0142 Marek G\u0142ogowski w wierszu &#8222;Pora Weso\u0142a&#8221; Kto powiedzia\u0142, \u017ce jesie\u0144 jest smutna, \u017be ma kolor szarego p\u0142\u00f3tna, \u017be jej prawie [&hellip;]<\/p>\n","protected":false},"author":2,"featured_media":0,"comment_status":"open","ping_status":"open","sticky":false,"template":"","format":"standard","meta":{"footnotes":""},"categories":[1,9],"tags":[],"class_list":["post-5739","post","type-post","status-publish","format-standard","hentry","category-bez-kategorii","category-ciekawostki"],"_links":{"self":[{"href":"https:\/\/www.milosnicylasu.olsztyn.pl\/index.php?rest_route=\/wp\/v2\/posts\/5739","targetHints":{"allow":["GET"]}}],"collection":[{"href":"https:\/\/www.milosnicylasu.olsztyn.pl\/index.php?rest_route=\/wp\/v2\/posts"}],"about":[{"href":"https:\/\/www.milosnicylasu.olsztyn.pl\/index.php?rest_route=\/wp\/v2\/types\/post"}],"author":[{"embeddable":true,"href":"https:\/\/www.milosnicylasu.olsztyn.pl\/index.php?rest_route=\/wp\/v2\/users\/2"}],"replies":[{"embeddable":true,"href":"https:\/\/www.milosnicylasu.olsztyn.pl\/index.php?rest_route=%2Fwp%2Fv2%2Fcomments&post=5739"}],"version-history":[{"count":4,"href":"https:\/\/www.milosnicylasu.olsztyn.pl\/index.php?rest_route=\/wp\/v2\/posts\/5739\/revisions"}],"predecessor-version":[{"id":5746,"href":"https:\/\/www.milosnicylasu.olsztyn.pl\/index.php?rest_route=\/wp\/v2\/posts\/5739\/revisions\/5746"}],"wp:attachment":[{"href":"https:\/\/www.milosnicylasu.olsztyn.pl\/index.php?rest_route=%2Fwp%2Fv2%2Fmedia&parent=5739"}],"wp:term":[{"taxonomy":"category","embeddable":true,"href":"https:\/\/www.milosnicylasu.olsztyn.pl\/index.php?rest_route=%2Fwp%2Fv2%2Fcategories&post=5739"},{"taxonomy":"post_tag","embeddable":true,"href":"https:\/\/www.milosnicylasu.olsztyn.pl\/index.php?rest_route=%2Fwp%2Fv2%2Ftags&post=5739"}],"curies":[{"name":"wp","href":"https:\/\/api.w.org\/{rel}","templated":true}]}}