{"id":580,"date":"2013-07-26T13:23:05","date_gmt":"2013-07-26T11:23:05","guid":{"rendered":"http:\/\/www.milosnicylasu.olsztyn.pl\/?p=580"},"modified":"2013-07-26T13:30:35","modified_gmt":"2013-07-26T11:30:35","slug":"sztuka-laczy-ludzi-i-pokolenia","status":"publish","type":"post","link":"https:\/\/www.milosnicylasu.olsztyn.pl\/?p=580","title":{"rendered":"Sztuka \u0142\u0105czy &#8211; ludzi i pokolenia"},"content":{"rendered":"<p>Nasze Ko\u0142o &#8211; Ko\u0142o Mi\u0142o\u015bnik\u00f3w Lasu i Militari\u00f3w od\u00a0kilku lat realizuje projekt pod has\u0142em :&#8221; Las \u0142\u0105czy pokolenia&#8221;. W ramach tej inicjatywy nasi cz\u0142onkowie zapraszaj\u0105 swoje dzieci i wnuki do uczestnictwa w imprezach organizowanych dla ca\u0142ych rodzin. I tak np. corocznie stroimy marchewkami, jab\u0142uszkami, \u0142a\u0144cuchami ze sk\u00f3rek pomara\u0144czy le\u015bn\u0105 choink\u0119, odbywamy rajdy, gdzie specjalnie dla dzieci przygotowujemy konkursy przyrodniczo-le\u015bne, wsp\u00f3lnie trenujemy na strzelnicy LOK i uczestniczymy w zawodach strzeleckich. Podobn\u0105 inicjatyw\u0119, zmierzaj\u0105c\u0105 do integracji pokole\u0144 prowadzi od dw\u00f3ch lat Gminny O\u015brodek Kultury w Dywitach pod has\u0142em: &#8222;Sztuka \u0142\u0105czy &#8211; ludzi i pokolenia&#8221;.\u00a0\u00a0Pani Joanna Kitkowska, kt\u00f3ra jest wsp\u00f3\u0142tw\u00f3rczyni\u0105 i koordynatork\u0105 projektu uwa\u017ca, \u017ce\u00a0&#8221; sztuka ma magiczn\u0105\u00a0moc \u0142\u0105czenia ludzi w r\u00f3\u017cnym wieku&#8221;. Seniorzy wsp\u00f3lnie z dzie\u0107mi uczestniczyli w warsztatach artystycznych i\u00a0 z r\u0119kodzie\u0142a, starali si\u0119 przekaza\u0107 r\u00f3wnie\u017c i inne swoje umiej\u0119tno\u015bci \u00a0m\u0142odszemu pokoleniu. W czerwcu odby\u0142a si\u0119 wystawa, na kt\u00f3rej prezentowane by\u0142y prace uczestnik\u00f3w projektu.<\/p>\n<p><a href=\"http:\/\/www.milosnicylasu.olsztyn.pl\/wp-content\/uploads\/2013\/07\/P7250014-www.jpg\" data-rel=\"lightbox-image-0\" data-magnific_type=\"image\" data-rl_title=\"\" data-rl_caption=\"\" title=\"\"><img loading=\"lazy\" decoding=\"async\" class=\"size-medium wp-image-582 alignleft\" alt=\"P7250014-www\" src=\"http:\/\/www.milosnicylasu.olsztyn.pl\/wp-content\/uploads\/2013\/07\/P7250014-www-300x241.jpg\" width=\"300\" height=\"241\" srcset=\"https:\/\/www.milosnicylasu.olsztyn.pl\/wp-content\/uploads\/2013\/07\/P7250014-www-300x241.jpg 300w, https:\/\/www.milosnicylasu.olsztyn.pl\/wp-content\/uploads\/2013\/07\/P7250014-www-1024x825.jpg 1024w, https:\/\/www.milosnicylasu.olsztyn.pl\/wp-content\/uploads\/2013\/07\/P7250014-www-372x300.jpg 372w, https:\/\/www.milosnicylasu.olsztyn.pl\/wp-content\/uploads\/2013\/07\/P7250014-www.jpg 1226w\" sizes=\"auto, (max-width: 300px) 100vw, 300px\" \/><\/a><\/p>\n<p>W projekcie bra\u0142a udzia\u0142 Krystyna Leszczy\u0144ska, kt\u00f3rej &#8222;makowe pole&#8221; by\u0142o prezentowane na wystawie.\u00a0\u00a0<a href=\"http:\/\/www.milosnicylasu.olsztyn.pl\/wp-content\/uploads\/2013\/07\/P7250001-www.jpg\" data-rel=\"lightbox-image-1\" data-magnific_type=\"image\" data-rl_title=\"\" data-rl_caption=\"\" title=\"\"><img loading=\"lazy\" decoding=\"async\" class=\"alignleft size-medium wp-image-581\" alt=\"P7250001-www\" src=\"http:\/\/www.milosnicylasu.olsztyn.pl\/wp-content\/uploads\/2013\/07\/P7250001-www-300x209.jpg\" width=\"300\" height=\"209\" srcset=\"https:\/\/www.milosnicylasu.olsztyn.pl\/wp-content\/uploads\/2013\/07\/P7250001-www-300x209.jpg 300w, https:\/\/www.milosnicylasu.olsztyn.pl\/wp-content\/uploads\/2013\/07\/P7250001-www-430x300.jpg 430w, https:\/\/www.milosnicylasu.olsztyn.pl\/wp-content\/uploads\/2013\/07\/P7250001-www.jpg 770w\" sizes=\"auto, (max-width: 300px) 100vw, 300px\" \/><\/a><\/p>\n<p>&nbsp;<\/p>\n","protected":false},"excerpt":{"rendered":"<p>Nasze Ko\u0142o &#8211; Ko\u0142o Mi\u0142o\u015bnik\u00f3w Lasu i Militari\u00f3w od\u00a0kilku lat realizuje projekt pod has\u0142em :&#8221; Las \u0142\u0105czy pokolenia&#8221;. W ramach tej inicjatywy nasi cz\u0142onkowie zapraszaj\u0105 swoje dzieci i wnuki do uczestnictwa w imprezach organizowanych dla ca\u0142ych rodzin. I tak np. corocznie stroimy marchewkami, jab\u0142uszkami, \u0142a\u0144cuchami ze sk\u00f3rek pomara\u0144czy le\u015bn\u0105 choink\u0119, odbywamy rajdy, gdzie specjalnie dla [&hellip;]<\/p>\n","protected":false},"author":1,"featured_media":0,"comment_status":"open","ping_status":"open","sticky":false,"template":"","format":"standard","meta":{"footnotes":""},"categories":[1,9,4],"tags":[],"class_list":["post-580","post","type-post","status-publish","format-standard","hentry","category-bez-kategorii","category-ciekawostki","category-wystawy"],"_links":{"self":[{"href":"https:\/\/www.milosnicylasu.olsztyn.pl\/index.php?rest_route=\/wp\/v2\/posts\/580","targetHints":{"allow":["GET"]}}],"collection":[{"href":"https:\/\/www.milosnicylasu.olsztyn.pl\/index.php?rest_route=\/wp\/v2\/posts"}],"about":[{"href":"https:\/\/www.milosnicylasu.olsztyn.pl\/index.php?rest_route=\/wp\/v2\/types\/post"}],"author":[{"embeddable":true,"href":"https:\/\/www.milosnicylasu.olsztyn.pl\/index.php?rest_route=\/wp\/v2\/users\/1"}],"replies":[{"embeddable":true,"href":"https:\/\/www.milosnicylasu.olsztyn.pl\/index.php?rest_route=%2Fwp%2Fv2%2Fcomments&post=580"}],"version-history":[{"count":5,"href":"https:\/\/www.milosnicylasu.olsztyn.pl\/index.php?rest_route=\/wp\/v2\/posts\/580\/revisions"}],"predecessor-version":[{"id":587,"href":"https:\/\/www.milosnicylasu.olsztyn.pl\/index.php?rest_route=\/wp\/v2\/posts\/580\/revisions\/587"}],"wp:attachment":[{"href":"https:\/\/www.milosnicylasu.olsztyn.pl\/index.php?rest_route=%2Fwp%2Fv2%2Fmedia&parent=580"}],"wp:term":[{"taxonomy":"category","embeddable":true,"href":"https:\/\/www.milosnicylasu.olsztyn.pl\/index.php?rest_route=%2Fwp%2Fv2%2Fcategories&post=580"},{"taxonomy":"post_tag","embeddable":true,"href":"https:\/\/www.milosnicylasu.olsztyn.pl\/index.php?rest_route=%2Fwp%2Fv2%2Ftags&post=580"}],"curies":[{"name":"wp","href":"https:\/\/api.w.org\/{rel}","templated":true}]}}