{"id":5837,"date":"2020-12-18T12:49:31","date_gmt":"2020-12-18T11:49:31","guid":{"rendered":"https:\/\/www.milosnicylasu.olsztyn.pl\/?p=5837"},"modified":"2020-12-18T12:49:31","modified_gmt":"2020-12-18T11:49:31","slug":"zyczenia-od-danieli","status":"publish","type":"post","link":"https:\/\/www.milosnicylasu.olsztyn.pl\/?p=5837","title":{"rendered":"\u017byczenia od Danieli"},"content":{"rendered":"<div class=\"moz-text-html\" lang=\"x-unicode\">\n<p dir=\"ltr\"><a href=\"https:\/\/www.milosnicylasu.olsztyn.pl\/wp-content\/uploads\/2020\/12\/img_20201218_114814-www.jpg\" data-rel=\"lightbox-image-0\" data-magnific_type=\"image\" data-rl_title=\"\" data-rl_caption=\"\" title=\"\"><img loading=\"lazy\" decoding=\"async\" class=\"size-medium wp-image-5838 alignleft\" src=\"https:\/\/www.milosnicylasu.olsztyn.pl\/wp-content\/uploads\/2020\/12\/img_20201218_114814-www-180x300.jpg\" alt=\"\" width=\"180\" height=\"300\" srcset=\"https:\/\/www.milosnicylasu.olsztyn.pl\/wp-content\/uploads\/2020\/12\/img_20201218_114814-www-180x300.jpg 180w, https:\/\/www.milosnicylasu.olsztyn.pl\/wp-content\/uploads\/2020\/12\/img_20201218_114814-www.jpg 614w\" sizes=\"auto, (max-width: 180px) 100vw, 180px\" \/><\/a>Wszystkim Kole\u017cankom i Kolegom z naszego Ko\u0142a \/ca\u0142ej le\u015bnej Rodzinie\/ \u015bl\u0119 \u017cyczenia &#8211; by czas \u015awi\u0105t przyni\u00f3s\u0142 wiele spokoju i rado\u015bci do Waszych dom\u00f3w, a Nowy 2021 Rok by\u0142 wype\u0142niony szcz\u0119\u015bciem, zdrowiem i nadziej\u0105 na lepszy i bezpieczniejszy czas.<\/p>\n<p dir=\"ltr\">\n<p dir=\"ltr\"><a href=\"https:\/\/www.milosnicylasu.olsztyn.pl\/wp-content\/uploads\/2020\/12\/img_20201218_120307-www.jpg\" data-rel=\"lightbox-image-1\" data-magnific_type=\"image\" data-rl_title=\"\" data-rl_caption=\"\" title=\"\"><img loading=\"lazy\" decoding=\"async\" class=\"size-medium wp-image-5839 alignleft\" src=\"https:\/\/www.milosnicylasu.olsztyn.pl\/wp-content\/uploads\/2020\/12\/img_20201218_120307-www-224x300.jpg\" alt=\"\" width=\"224\" height=\"300\" srcset=\"https:\/\/www.milosnicylasu.olsztyn.pl\/wp-content\/uploads\/2020\/12\/img_20201218_120307-www-224x300.jpg 224w, https:\/\/www.milosnicylasu.olsztyn.pl\/wp-content\/uploads\/2020\/12\/img_20201218_120307-www.jpg 766w\" sizes=\"auto, (max-width: 224px) 100vw, 224px\" \/><\/a><\/p>\n<\/div>\n","protected":false},"excerpt":{"rendered":"<p>Wszystkim Kole\u017cankom i Kolegom z naszego Ko\u0142a \/ca\u0142ej le\u015bnej Rodzinie\/ \u015bl\u0119 \u017cyczenia &#8211; by czas \u015awi\u0105t przyni\u00f3s\u0142 wiele spokoju i rado\u015bci do Waszych dom\u00f3w, a Nowy 2021 Rok by\u0142 wype\u0142niony szcz\u0119\u015bciem, zdrowiem i nadziej\u0105 na lepszy i bezpieczniejszy czas.<\/p>\n","protected":false},"author":2,"featured_media":0,"comment_status":"open","ping_status":"open","sticky":false,"template":"","format":"standard","meta":{"footnotes":""},"categories":[1],"tags":[],"class_list":["post-5837","post","type-post","status-publish","format-standard","hentry","category-bez-kategorii"],"_links":{"self":[{"href":"https:\/\/www.milosnicylasu.olsztyn.pl\/index.php?rest_route=\/wp\/v2\/posts\/5837","targetHints":{"allow":["GET"]}}],"collection":[{"href":"https:\/\/www.milosnicylasu.olsztyn.pl\/index.php?rest_route=\/wp\/v2\/posts"}],"about":[{"href":"https:\/\/www.milosnicylasu.olsztyn.pl\/index.php?rest_route=\/wp\/v2\/types\/post"}],"author":[{"embeddable":true,"href":"https:\/\/www.milosnicylasu.olsztyn.pl\/index.php?rest_route=\/wp\/v2\/users\/2"}],"replies":[{"embeddable":true,"href":"https:\/\/www.milosnicylasu.olsztyn.pl\/index.php?rest_route=%2Fwp%2Fv2%2Fcomments&post=5837"}],"version-history":[{"count":1,"href":"https:\/\/www.milosnicylasu.olsztyn.pl\/index.php?rest_route=\/wp\/v2\/posts\/5837\/revisions"}],"predecessor-version":[{"id":5840,"href":"https:\/\/www.milosnicylasu.olsztyn.pl\/index.php?rest_route=\/wp\/v2\/posts\/5837\/revisions\/5840"}],"wp:attachment":[{"href":"https:\/\/www.milosnicylasu.olsztyn.pl\/index.php?rest_route=%2Fwp%2Fv2%2Fmedia&parent=5837"}],"wp:term":[{"taxonomy":"category","embeddable":true,"href":"https:\/\/www.milosnicylasu.olsztyn.pl\/index.php?rest_route=%2Fwp%2Fv2%2Fcategories&post=5837"},{"taxonomy":"post_tag","embeddable":true,"href":"https:\/\/www.milosnicylasu.olsztyn.pl\/index.php?rest_route=%2Fwp%2Fv2%2Ftags&post=5837"}],"curies":[{"name":"wp","href":"https:\/\/api.w.org\/{rel}","templated":true}]}}