{"id":5843,"date":"2020-12-18T14:36:15","date_gmt":"2020-12-18T13:36:15","guid":{"rendered":"https:\/\/www.milosnicylasu.olsztyn.pl\/?p=5843"},"modified":"2020-12-18T14:36:27","modified_gmt":"2020-12-18T13:36:27","slug":"maryla-pozdrawia-serdecznie-swiatecznie","status":"publish","type":"post","link":"https:\/\/www.milosnicylasu.olsztyn.pl\/?p=5843","title":{"rendered":"Maryla pozdrawia serdecznie \u015bwi\u0105tecznie"},"content":{"rendered":"<p>Drodzy koledzy i przyjaciele z Ko\u0142a Mi\u0142o\u015bnik\u00f3w Lasu i Militari\u00f3w,<\/p>\n<p>Ju\u017c tylko tydzie\u0144 dzieli nas od najpi\u0119kniejszych \u015awi\u0105t Bo\u017cego Narodzenia. Chcemy ten czas pami\u0119ta\u0107 jako spotkania w gronie rodzinnym przy wigilijnym stole. Ale te\u017c dobrze pami\u0119tamy nasze spotkania grudniowe, kiedy podczas le\u015bnych spacer\u00f3w zawieszali\u015bmy na choinkach w pobliskim lesie \u201eprezenty\u201d dla zwierz\u0105tek. Nasz Szef Tolek wytrwale organizowa\u0142 takie liczne piesze wycieczki grona Mi\u0142o\u015bnik\u00f3w Lasu. Teraz kiedy trwamy w czasie pandemii takie przyjemno\u015bci mo\u017cemy tylko powspomina\u0107. <a href=\"https:\/\/www.milosnicylasu.olsztyn.pl\/wp-content\/uploads\/2020\/12\/IMG_1045-www.jpg\" data-rel=\"lightbox-image-0\" data-magnific_type=\"image\" data-rl_title=\"\" data-rl_caption=\"\" title=\"\"><img loading=\"lazy\" decoding=\"async\" class=\"size-medium wp-image-5844 alignleft\" src=\"https:\/\/www.milosnicylasu.olsztyn.pl\/wp-content\/uploads\/2020\/12\/IMG_1045-www-300x225.jpg\" alt=\"\" width=\"300\" height=\"225\" srcset=\"https:\/\/www.milosnicylasu.olsztyn.pl\/wp-content\/uploads\/2020\/12\/IMG_1045-www-300x225.jpg 300w, https:\/\/www.milosnicylasu.olsztyn.pl\/wp-content\/uploads\/2020\/12\/IMG_1045-www-768x576.jpg 768w, https:\/\/www.milosnicylasu.olsztyn.pl\/wp-content\/uploads\/2020\/12\/IMG_1045-www.jpg 1024w\" sizes=\"auto, (max-width: 300px) 100vw, 300px\" \/><\/a><\/p>\n<p>Ale bywaj\u0105 r\u00f3\u017cne zdarzenia i chmury urwiste przed burz\u0105 i urokliwe zachody s\u0142o\u0144ca na naszej pi\u0119knej WARMII<a href=\"https:\/\/www.milosnicylasu.olsztyn.pl\/wp-content\/uploads\/2020\/12\/IMG_1061-www.jpg\" data-rel=\"lightbox-image-1\" data-magnific_type=\"image\" data-rl_title=\"\" data-rl_caption=\"\" title=\"\"><img loading=\"lazy\" decoding=\"async\" class=\"size-medium wp-image-5845 alignleft\" src=\"https:\/\/www.milosnicylasu.olsztyn.pl\/wp-content\/uploads\/2020\/12\/IMG_1061-www-300x225.jpg\" alt=\"\" width=\"300\" height=\"225\" srcset=\"https:\/\/www.milosnicylasu.olsztyn.pl\/wp-content\/uploads\/2020\/12\/IMG_1061-www-300x225.jpg 300w, https:\/\/www.milosnicylasu.olsztyn.pl\/wp-content\/uploads\/2020\/12\/IMG_1061-www-768x576.jpg 768w, https:\/\/www.milosnicylasu.olsztyn.pl\/wp-content\/uploads\/2020\/12\/IMG_1061-www.jpg 1024w\" sizes=\"auto, (max-width: 300px) 100vw, 300px\" \/><\/a> a te\u017c miejmy nadziej\u0119, \u017ce nasz niezmordowany Szef Tolek zorganizuje, jak to tylko b\u0119dzie mo\u017cliwe, wypraw\u0119 do \u017ar\u00f3de\u0142 \u0141yny <a href=\"https:\/\/www.milosnicylasu.olsztyn.pl\/wp-content\/uploads\/2020\/12\/IMG_0125-scaled.jpg\" data-rel=\"lightbox-image-2\" data-magnific_type=\"image\" data-rl_title=\"\" data-rl_caption=\"\" title=\"\"><img loading=\"lazy\" decoding=\"async\" class=\"size-medium wp-image-5846 alignright\" src=\"https:\/\/www.milosnicylasu.olsztyn.pl\/wp-content\/uploads\/2020\/12\/IMG_0125-300x225.jpg\" alt=\"\" width=\"300\" height=\"225\" srcset=\"https:\/\/www.milosnicylasu.olsztyn.pl\/wp-content\/uploads\/2020\/12\/IMG_0125-300x225.jpg 300w, https:\/\/www.milosnicylasu.olsztyn.pl\/wp-content\/uploads\/2020\/12\/IMG_0125-1024x768.jpg 1024w, https:\/\/www.milosnicylasu.olsztyn.pl\/wp-content\/uploads\/2020\/12\/IMG_0125-768x576.jpg 768w, https:\/\/www.milosnicylasu.olsztyn.pl\/wp-content\/uploads\/2020\/12\/IMG_0125-1536x1152.jpg 1536w, https:\/\/www.milosnicylasu.olsztyn.pl\/wp-content\/uploads\/2020\/12\/IMG_0125-2048x1536.jpg 2048w\" sizes=\"auto, (max-width: 300px) 100vw, 300px\" \/>,<\/a> cho\u0107 r\u00f3wnie\u017c nasze pi\u0119kne lotnisko w Szymanach zaprosi\u0107 nas mo\u017ce na niedrogie podniebne przeloty\u2026\u2026.<\/p>\n<p><a href=\"https:\/\/www.milosnicylasu.olsztyn.pl\/wp-content\/uploads\/2020\/12\/IMG_2717-www.jpg\" data-rel=\"lightbox-image-3\" data-magnific_type=\"image\" data-rl_title=\"\" data-rl_caption=\"\" title=\"\"><img loading=\"lazy\" decoding=\"async\" class=\"size-medium wp-image-5847 alignright\" src=\"https:\/\/www.milosnicylasu.olsztyn.pl\/wp-content\/uploads\/2020\/12\/IMG_2717-www-300x225.jpg\" alt=\"\" width=\"300\" height=\"225\" srcset=\"https:\/\/www.milosnicylasu.olsztyn.pl\/wp-content\/uploads\/2020\/12\/IMG_2717-www-300x225.jpg 300w, https:\/\/www.milosnicylasu.olsztyn.pl\/wp-content\/uploads\/2020\/12\/IMG_2717-www-768x576.jpg 768w, https:\/\/www.milosnicylasu.olsztyn.pl\/wp-content\/uploads\/2020\/12\/IMG_2717-www.jpg 1024w\" sizes=\"auto, (max-width: 300px) 100vw, 300px\" \/><\/a><\/p>\n<p>&nbsp;<\/p>\n<p>&nbsp;<\/p>\n<p>&nbsp;<\/p>\n<p>&nbsp;<\/p>\n<p>Mam te\u017c na koniec dla Was Kochani zagadk\u0119:<\/p>\n<p><a href=\"https:\/\/www.milosnicylasu.olsztyn.pl\/wp-content\/uploads\/2020\/12\/P4250437-www.jpg\" data-rel=\"lightbox-image-4\" data-magnific_type=\"image\" data-rl_title=\"\" data-rl_caption=\"\" title=\"\"><img loading=\"lazy\" decoding=\"async\" class=\"size-medium wp-image-5848\" src=\"https:\/\/www.milosnicylasu.olsztyn.pl\/wp-content\/uploads\/2020\/12\/P4250437-www-300x225.jpg\" alt=\"\" width=\"300\" height=\"225\" srcset=\"https:\/\/www.milosnicylasu.olsztyn.pl\/wp-content\/uploads\/2020\/12\/P4250437-www-300x225.jpg 300w, https:\/\/www.milosnicylasu.olsztyn.pl\/wp-content\/uploads\/2020\/12\/P4250437-www-768x576.jpg 768w, https:\/\/www.milosnicylasu.olsztyn.pl\/wp-content\/uploads\/2020\/12\/P4250437-www.jpg 1024w\" sizes=\"auto, (max-width: 300px) 100vw, 300px\" \/><\/a><\/p>\n<p>\u2013 kto pami\u0119ta kiedy i gdzie tak si\u0119 go\u015bcili\u015bmy?&#8230;&#8230;.<\/p>\n<p>\u017bycz\u0119 serdecznie grupie zapale\u0144c\u00f3w skupionych w naszym Kole, w kt\u00f3rym nerw utrzymuje Tolek i Krysia, r\u00f3wnie\u017c teraz kiedy nie mo\u017cemy si\u0119 spotyka\u0107, aby czas \u015awi\u0105t Bo\u017cego Narodzenia pozwoli\u0142 cieszy\u0107 si\u0119 tym co ju\u017c za nami, lecz te\u017c da\u0142 szans\u0119 na nadziej\u0119 o innych lepszych chwilach wywo\u0142uj\u0105cych zadowolenie.<\/p>\n<p>Serdecznie \u015bwi\u0105tecznie pozdrawiam \u2013<\/p>\n<p>Maryla Soral-\u015amietana<\/p>\n","protected":false},"excerpt":{"rendered":"<p>Drodzy koledzy i przyjaciele z Ko\u0142a Mi\u0142o\u015bnik\u00f3w Lasu i Militari\u00f3w, Ju\u017c tylko tydzie\u0144 dzieli nas od najpi\u0119kniejszych \u015awi\u0105t Bo\u017cego Narodzenia. Chcemy ten czas pami\u0119ta\u0107 jako spotkania w gronie rodzinnym przy wigilijnym stole. Ale te\u017c dobrze pami\u0119tamy nasze spotkania grudniowe, kiedy podczas le\u015bnych spacer\u00f3w zawieszali\u015bmy na choinkach w pobliskim lesie \u201eprezenty\u201d dla zwierz\u0105tek. Nasz Szef Tolek [&hellip;]<\/p>\n","protected":false},"author":2,"featured_media":0,"comment_status":"open","ping_status":"open","sticky":false,"template":"","format":"standard","meta":{"footnotes":""},"categories":[1,9,15],"tags":[],"class_list":["post-5843","post","type-post","status-publish","format-standard","hentry","category-bez-kategorii","category-ciekawostki","category-komkurs"],"_links":{"self":[{"href":"https:\/\/www.milosnicylasu.olsztyn.pl\/index.php?rest_route=\/wp\/v2\/posts\/5843","targetHints":{"allow":["GET"]}}],"collection":[{"href":"https:\/\/www.milosnicylasu.olsztyn.pl\/index.php?rest_route=\/wp\/v2\/posts"}],"about":[{"href":"https:\/\/www.milosnicylasu.olsztyn.pl\/index.php?rest_route=\/wp\/v2\/types\/post"}],"author":[{"embeddable":true,"href":"https:\/\/www.milosnicylasu.olsztyn.pl\/index.php?rest_route=\/wp\/v2\/users\/2"}],"replies":[{"embeddable":true,"href":"https:\/\/www.milosnicylasu.olsztyn.pl\/index.php?rest_route=%2Fwp%2Fv2%2Fcomments&post=5843"}],"version-history":[{"count":1,"href":"https:\/\/www.milosnicylasu.olsztyn.pl\/index.php?rest_route=\/wp\/v2\/posts\/5843\/revisions"}],"predecessor-version":[{"id":5849,"href":"https:\/\/www.milosnicylasu.olsztyn.pl\/index.php?rest_route=\/wp\/v2\/posts\/5843\/revisions\/5849"}],"wp:attachment":[{"href":"https:\/\/www.milosnicylasu.olsztyn.pl\/index.php?rest_route=%2Fwp%2Fv2%2Fmedia&parent=5843"}],"wp:term":[{"taxonomy":"category","embeddable":true,"href":"https:\/\/www.milosnicylasu.olsztyn.pl\/index.php?rest_route=%2Fwp%2Fv2%2Fcategories&post=5843"},{"taxonomy":"post_tag","embeddable":true,"href":"https:\/\/www.milosnicylasu.olsztyn.pl\/index.php?rest_route=%2Fwp%2Fv2%2Ftags&post=5843"}],"curies":[{"name":"wp","href":"https:\/\/api.w.org\/{rel}","templated":true}]}}