{"id":5862,"date":"2020-12-19T06:47:50","date_gmt":"2020-12-19T05:47:50","guid":{"rendered":"https:\/\/www.milosnicylasu.olsztyn.pl\/?p=5862"},"modified":"2020-12-19T18:52:15","modified_gmt":"2020-12-19T17:52:15","slug":"swieta-inne-niz-zawsze","status":"publish","type":"post","link":"https:\/\/www.milosnicylasu.olsztyn.pl\/?p=5862","title":{"rendered":"\u015awi\u0119ta inne ni\u017c zawsze"},"content":{"rendered":"<p><a href=\"https:\/\/www.milosnicylasu.olsztyn.pl\/wp-content\/uploads\/2018\/12\/DSCN1964-www.jpg\" data-rel=\"lightbox-image-0\" data-magnific_type=\"image\" data-rl_title=\"\" data-rl_caption=\"\" title=\"\"><img loading=\"lazy\" decoding=\"async\" class=\"size-medium wp-image-4432 alignleft\" src=\"https:\/\/www.milosnicylasu.olsztyn.pl\/wp-content\/uploads\/2018\/12\/DSCN1964-www-300x225.jpg\" alt=\"\" width=\"300\" height=\"225\" srcset=\"https:\/\/www.milosnicylasu.olsztyn.pl\/wp-content\/uploads\/2018\/12\/DSCN1964-www-300x225.jpg 300w, https:\/\/www.milosnicylasu.olsztyn.pl\/wp-content\/uploads\/2018\/12\/DSCN1964-www-768x576.jpg 768w, https:\/\/www.milosnicylasu.olsztyn.pl\/wp-content\/uploads\/2018\/12\/DSCN1964-www.jpg 1024w, https:\/\/www.milosnicylasu.olsztyn.pl\/wp-content\/uploads\/2018\/12\/DSCN1964-www-400x300.jpg 400w\" sizes=\"auto, (max-width: 300px) 100vw, 300px\" \/><\/a><a href=\"https:\/\/www.milosnicylasu.olsztyn.pl\/wp-content\/uploads\/2019\/01\/DSCN2220-www.jpg\" data-rel=\"lightbox-image-1\" data-magnific_type=\"image\" data-rl_title=\"\" data-rl_caption=\"\" title=\"\"><img loading=\"lazy\" decoding=\"async\" class=\"size-medium wp-image-4482 alignleft\" src=\"https:\/\/www.milosnicylasu.olsztyn.pl\/wp-content\/uploads\/2019\/01\/DSCN2220-www-300x225.jpg\" alt=\"\" width=\"300\" height=\"225\" srcset=\"https:\/\/www.milosnicylasu.olsztyn.pl\/wp-content\/uploads\/2019\/01\/DSCN2220-www-300x225.jpg 300w, https:\/\/www.milosnicylasu.olsztyn.pl\/wp-content\/uploads\/2019\/01\/DSCN2220-www-768x576.jpg 768w, https:\/\/www.milosnicylasu.olsztyn.pl\/wp-content\/uploads\/2019\/01\/DSCN2220-www.jpg 1024w, https:\/\/www.milosnicylasu.olsztyn.pl\/wp-content\/uploads\/2019\/01\/DSCN2220-www-400x300.jpg 400w\" sizes=\"auto, (max-width: 300px) 100vw, 300px\" \/><\/a>Jest inaczej&#8230;.. nic na to nie poradzimy. Nie spotkamy si\u0119, nie porozmawiamy, nie opowiemy sobie co u nas nowego, nie pochwalimy si\u0119\u00a0 gdzie byli\u015bmy a mo\u017ce kto przyby\u0142 w naszej rodzinie. Ale dzi\u0119ki internetowi mo\u017cemy z\u0142o\u017cy\u0107 sobie serdeczne \u017cyczenia \u015bwi\u0105teczne, po przeczytaniu kt\u00f3rych poczujemy si\u0119 jakby\u015bmy byli w tej naszej &#8222;Le\u015bnej Rodzinie&#8221; troch\u0119 bli\u017cej siebie. Tak, &#8222;le\u015bn\u0105 rodzin\u0105&#8221;nazwa\u0142a nas Daniela, pi\u0119kne okre\u015blenie. Przeczytali\u015bmy inne \u017cyczenia \u015bwi\u0105teczne okraszone wspomnieniowymi zdj\u0119ciami? Jest nam troch\u0119 cieplej? Czujemy si\u0119 mniej samotni? To do dzie\u0142a. Czekamy na nast\u0119pne e maile\u00a0 z \u017cyczeniami, a mo\u017ce te\u017c z za\u0142\u0105czonymi zdj\u0119ciami. Przewa\u017cnie wpisy\u00a0 na stronie ilustrowane s\u0105 zdj\u0119ciami Tolka, a teraz\u00a0 pochwalimy si\u0119 swoimi fotkami, tak jak to zrobi\u0142a Maryla i Micha\u0142.\u00a0 Ka\u017cdy z nas jest inny, ma inn\u0105 wra\u017cliwo\u015b\u0107&#8230;&#8230; wi\u0119c b\u0119dzie ciekawie. \/e mail<strong> krystyna@kappa.pl<\/strong>\/<a href=\"https:\/\/www.milosnicylasu.olsztyn.pl\/wp-content\/uploads\/2017\/04\/DSCN0615-www.jpg\" data-rel=\"lightbox-image-2\" data-magnific_type=\"image\" data-rl_title=\"\" data-rl_caption=\"\" title=\"\"><img loading=\"lazy\" decoding=\"async\" class=\"size-medium wp-image-3591 alignleft\" src=\"https:\/\/www.milosnicylasu.olsztyn.pl\/wp-content\/uploads\/2017\/04\/DSCN0615-www-300x225.jpg\" alt=\"\" width=\"300\" height=\"225\" srcset=\"https:\/\/www.milosnicylasu.olsztyn.pl\/wp-content\/uploads\/2017\/04\/DSCN0615-www-300x225.jpg 300w, https:\/\/www.milosnicylasu.olsztyn.pl\/wp-content\/uploads\/2017\/04\/DSCN0615-www-768x576.jpg 768w, https:\/\/www.milosnicylasu.olsztyn.pl\/wp-content\/uploads\/2017\/04\/DSCN0615-www.jpg 1024w, https:\/\/www.milosnicylasu.olsztyn.pl\/wp-content\/uploads\/2017\/04\/DSCN0615-www-400x300.jpg 400w\" sizes=\"auto, (max-width: 300px) 100vw, 300px\" \/><\/a><a href=\"https:\/\/www.milosnicylasu.olsztyn.pl\/wp-content\/uploads\/2015\/11\/DSCN4675-www.jpg\" data-rel=\"lightbox-image-3\" data-magnific_type=\"image\" data-rl_title=\"\" data-rl_caption=\"\" title=\"\"><img loading=\"lazy\" decoding=\"async\" class=\"size-medium wp-image-2336 alignright\" src=\"https:\/\/www.milosnicylasu.olsztyn.pl\/wp-content\/uploads\/2015\/11\/DSCN4675-www-300x225.jpg\" alt=\"\" width=\"300\" height=\"225\" srcset=\"https:\/\/www.milosnicylasu.olsztyn.pl\/wp-content\/uploads\/2015\/11\/DSCN4675-www-300x225.jpg 300w, https:\/\/www.milosnicylasu.olsztyn.pl\/wp-content\/uploads\/2015\/11\/DSCN4675-www-400x300.jpg 400w, https:\/\/www.milosnicylasu.olsztyn.pl\/wp-content\/uploads\/2015\/11\/DSCN4675-www.jpg 1024w\" sizes=\"auto, (max-width: 300px) 100vw, 300px\" \/><\/a><\/p>\n<p>&nbsp;<\/p>\n","protected":false},"excerpt":{"rendered":"<p>Jest inaczej&#8230;.. nic na to nie poradzimy. Nie spotkamy si\u0119, nie porozmawiamy, nie opowiemy sobie co u nas nowego, nie pochwalimy si\u0119\u00a0 gdzie byli\u015bmy a mo\u017ce kto przyby\u0142 w naszej rodzinie. Ale dzi\u0119ki internetowi mo\u017cemy z\u0142o\u017cy\u0107 sobie serdeczne \u017cyczenia \u015bwi\u0105teczne, po przeczytaniu kt\u00f3rych poczujemy si\u0119 jakby\u015bmy byli w tej naszej &#8222;Le\u015bnej Rodzinie&#8221; troch\u0119 bli\u017cej siebie. [&hellip;]<\/p>\n","protected":false},"author":2,"featured_media":0,"comment_status":"open","ping_status":"open","sticky":false,"template":"","format":"standard","meta":{"footnotes":""},"categories":[9,17],"tags":[],"class_list":["post-5862","post","type-post","status-publish","format-standard","hentry","category-ciekawostki","category-edukacja-w-terenie"],"_links":{"self":[{"href":"https:\/\/www.milosnicylasu.olsztyn.pl\/index.php?rest_route=\/wp\/v2\/posts\/5862","targetHints":{"allow":["GET"]}}],"collection":[{"href":"https:\/\/www.milosnicylasu.olsztyn.pl\/index.php?rest_route=\/wp\/v2\/posts"}],"about":[{"href":"https:\/\/www.milosnicylasu.olsztyn.pl\/index.php?rest_route=\/wp\/v2\/types\/post"}],"author":[{"embeddable":true,"href":"https:\/\/www.milosnicylasu.olsztyn.pl\/index.php?rest_route=\/wp\/v2\/users\/2"}],"replies":[{"embeddable":true,"href":"https:\/\/www.milosnicylasu.olsztyn.pl\/index.php?rest_route=%2Fwp%2Fv2%2Fcomments&post=5862"}],"version-history":[{"count":7,"href":"https:\/\/www.milosnicylasu.olsztyn.pl\/index.php?rest_route=\/wp\/v2\/posts\/5862\/revisions"}],"predecessor-version":[{"id":5869,"href":"https:\/\/www.milosnicylasu.olsztyn.pl\/index.php?rest_route=\/wp\/v2\/posts\/5862\/revisions\/5869"}],"wp:attachment":[{"href":"https:\/\/www.milosnicylasu.olsztyn.pl\/index.php?rest_route=%2Fwp%2Fv2%2Fmedia&parent=5862"}],"wp:term":[{"taxonomy":"category","embeddable":true,"href":"https:\/\/www.milosnicylasu.olsztyn.pl\/index.php?rest_route=%2Fwp%2Fv2%2Fcategories&post=5862"},{"taxonomy":"post_tag","embeddable":true,"href":"https:\/\/www.milosnicylasu.olsztyn.pl\/index.php?rest_route=%2Fwp%2Fv2%2Ftags&post=5862"}],"curies":[{"name":"wp","href":"https:\/\/api.w.org\/{rel}","templated":true}]}}