{"id":588,"date":"2013-07-26T19:06:38","date_gmt":"2013-07-26T17:06:38","guid":{"rendered":"http:\/\/www.milosnicylasu.olsztyn.pl\/?p=588"},"modified":"2013-07-26T19:07:00","modified_gmt":"2013-07-26T17:07:00","slug":"zapraszamy-na-strzelnice","status":"publish","type":"post","link":"https:\/\/www.milosnicylasu.olsztyn.pl\/?p=588","title":{"rendered":"Zapraszamy na strzelnic\u0119"},"content":{"rendered":"<p>Informujemy, \u017ce 29 lipca o godzinie 11.00 w siedzibie LOK przy Westerplatte w Olsztynie, odb\u0119dzie si\u0119 spotkanie pokole\u0144 na strzelnicy pneumatycznej. Zapraszamy cz\u0142onk\u00f3w Ko\u0142a z rodzinami. Mamy nadziej\u0119, \u017ce b\u0119dziemy wsp\u00f3lnie fajnie si\u0119 bawi\u0107. Do zobaczenia w poniedzia\u0142ek na strzelnicy.<\/p>\n<p>&nbsp;<\/p>\n","protected":false},"excerpt":{"rendered":"<p>Informujemy, \u017ce 29 lipca o godzinie 11.00 w siedzibie LOK przy Westerplatte w Olsztynie, odb\u0119dzie si\u0119 spotkanie pokole\u0144 na strzelnicy pneumatycznej. Zapraszamy cz\u0142onk\u00f3w Ko\u0142a z rodzinami. Mamy nadziej\u0119, \u017ce b\u0119dziemy wsp\u00f3lnie fajnie si\u0119 bawi\u0107. Do zobaczenia w poniedzia\u0142ek na strzelnicy. &nbsp;<\/p>\n","protected":false},"author":1,"featured_media":0,"comment_status":"open","ping_status":"open","sticky":false,"template":"","format":"standard","meta":{"footnotes":""},"categories":[1,8],"tags":[],"class_list":["post-588","post","type-post","status-publish","format-standard","hentry","category-bez-kategorii","category-zawody-strzeleckie"],"_links":{"self":[{"href":"https:\/\/www.milosnicylasu.olsztyn.pl\/index.php?rest_route=\/wp\/v2\/posts\/588","targetHints":{"allow":["GET"]}}],"collection":[{"href":"https:\/\/www.milosnicylasu.olsztyn.pl\/index.php?rest_route=\/wp\/v2\/posts"}],"about":[{"href":"https:\/\/www.milosnicylasu.olsztyn.pl\/index.php?rest_route=\/wp\/v2\/types\/post"}],"author":[{"embeddable":true,"href":"https:\/\/www.milosnicylasu.olsztyn.pl\/index.php?rest_route=\/wp\/v2\/users\/1"}],"replies":[{"embeddable":true,"href":"https:\/\/www.milosnicylasu.olsztyn.pl\/index.php?rest_route=%2Fwp%2Fv2%2Fcomments&post=588"}],"version-history":[{"count":3,"href":"https:\/\/www.milosnicylasu.olsztyn.pl\/index.php?rest_route=\/wp\/v2\/posts\/588\/revisions"}],"predecessor-version":[{"id":591,"href":"https:\/\/www.milosnicylasu.olsztyn.pl\/index.php?rest_route=\/wp\/v2\/posts\/588\/revisions\/591"}],"wp:attachment":[{"href":"https:\/\/www.milosnicylasu.olsztyn.pl\/index.php?rest_route=%2Fwp%2Fv2%2Fmedia&parent=588"}],"wp:term":[{"taxonomy":"category","embeddable":true,"href":"https:\/\/www.milosnicylasu.olsztyn.pl\/index.php?rest_route=%2Fwp%2Fv2%2Fcategories&post=588"},{"taxonomy":"post_tag","embeddable":true,"href":"https:\/\/www.milosnicylasu.olsztyn.pl\/index.php?rest_route=%2Fwp%2Fv2%2Ftags&post=588"}],"curies":[{"name":"wp","href":"https:\/\/api.w.org\/{rel}","templated":true}]}}