{"id":5893,"date":"2020-12-23T12:40:32","date_gmt":"2020-12-23T11:40:32","guid":{"rendered":"https:\/\/www.milosnicylasu.olsztyn.pl\/?p=5893"},"modified":"2020-12-23T12:48:17","modified_gmt":"2020-12-23T11:48:17","slug":"spelnienia-marzen-zyczy-tadeusz-pampuch-prezes-ligi-ochrony-przyrody","status":"publish","type":"post","link":"https:\/\/www.milosnicylasu.olsztyn.pl\/?p=5893","title":{"rendered":"Spe\u0142nienia marze\u0144 \u017cyczy Tadeusz Pampuch &#8211; prezes Ligi Ochrony Przyrody"},"content":{"rendered":"<p><strong><em>Szanowni Pa\u0144stwo<\/em><\/strong><\/p>\n<p><strong><em>Cz\u0142onkowie i Sympatycy<\/em><\/strong><\/p>\n<p><strong><em>Ligi Ochrony Przyrody<\/em><\/strong><\/p>\n<p><strong><em>Bardzo prosz<\/em><\/strong><strong><em>\u0119<\/em><\/strong><strong><em> Pa<\/em><\/strong><strong><em>\u0144stwa <\/em><\/strong><strong><em>w imieniu Zarz<\/em><\/strong><strong><em>\u0105<\/em><\/strong><strong><em>du Warmi<\/em><\/strong><strong><em>\u0144sko-Mazurskiego Okr\u0119gu LOP<\/em><\/strong><strong><em> w Olsztynie o przyj<\/em><\/strong><strong><em>\u0119<\/em><\/strong><strong><em>cie z Okazji Nadchodz<\/em><\/strong><strong><em>\u0105<\/em><\/strong><strong><em>cych <\/em><\/strong><strong><em>\u015a<\/em><\/strong><strong><em>wi<\/em><\/strong><strong><em>\u0105<\/em><\/strong><strong><em>t Bo<\/em><\/strong><strong><em>\u017c<\/em><\/strong><strong><em>ego Narodzenia i Nowego 2021 Roku<\/em><\/strong> <strong><em>Najserdeczniejszych <\/em><\/strong><strong><em>\u017b<\/em><\/strong><strong><em>ycze<\/em><\/strong><strong><em>\u0144<\/em><\/strong><strong><em> &#8212; Du<\/em><\/strong><strong><em>\u017c<\/em><\/strong><strong><em>o Du<\/em><\/strong><strong><em>\u017c<\/em><\/strong><strong><em>o Zdrowia, Wszelkiej Pomy<\/em><\/strong><strong><em>\u015b<\/em><\/strong><strong><em>lno<\/em><\/strong><strong><em>\u015b<\/em><\/strong><strong><em>ci, Spe<\/em><\/strong><strong><em>\u0142<\/em><\/strong><strong><em>nienia Wszystkich Marze<\/em><\/strong><strong><em>\u0144<\/em><\/strong><strong><em> oraz Samych Sukces\u00f3w w Ka<\/em><\/strong><strong><em>\u017c<\/em><\/strong><strong><em>dym Dniu 2021 Roku w <\/em><\/strong><strong><em>\u017b<\/em><\/strong><strong><em>yciu Osobistym i Pracy Zawodowej.<\/em><\/strong><strong><em>\u00a0\u00a0\u00a0\u00a0\u00a0\u00a0\u00a0\u00a0\u00a0\u00a0\u00a0\u00a0\u00a0\u00a0\u00a0\u00a0 <\/em><\/strong><\/p>\n<p><strong><em>\u00a0\u00a0\u00a0\u00a0\u00a0\u00a0\u00a0\u00a0\u00a0\u00a0\u00a0\u00a0\u00a0\u00a0\u00a0\u00a0\u00a0\u00a0\u00a0\u00a0\u00a0\u00a0\u00a0\u00a0\u00a0\u00a0\u00a0\u00a0\u00a0\u00a0\u00a0\u00a0\u00a0\u00a0\u00a0\u00a0\u00a0\u00a0\u00a0\u00a0\u00a0\u00a0\u00a0\u00a0\u00a0\u00a0\u00a0\u00a0\u00a0\u00a0\u00a0 Szcz<\/em><\/strong><strong><em>\u0119\u015b\u0107<\/em><\/strong><strong><em> Bo<\/em><\/strong><strong><em>\u017c<\/em><\/strong><strong><em>e\u00a0\u00a0 <\/em><\/strong><\/p>\n<p><strong><em>\u00a0\u00a0\u00a0\u00a0\u00a0\u00a0\u00a0\u00a0\u00a0\u00a0\u00a0\u00a0\u00a0\u00a0\u00a0\u00a0\u00a0\u00a0\u00a0\u00a0\u00a0\u00a0\u00a0\u00a0\u00a0\u00a0\u00a0\u00a0\u00a0\u00a0\u00a0\u00a0\u00a0\u00a0\u00a0\u00a0\u00a0\u00a0\u00a0 \u00a0\u00a0\u00a0\u00a0\u00a0\u00a0\u00a0\u00a0\u00a0\u00a0\u00a0\u00a0Darz B\u00f3r<\/em><\/strong><\/p>\n<p><strong><em>\u00a0\u00a0\u00a0\u00a0\u00a0\u00a0\u00a0\u00a0\u00a0\u00a0\u00a0\u00a0\u00a0\u00a0\u00a0\u00a0\u00a0\u00a0\u00a0\u00a0\u00a0\u00a0\u00a0\u00a0\u00a0\u00a0\u00a0\u00a0\u00a0\u00a0\u00a0\u00a0\u00a0\u00a0\u00a0\u00a0\u00a0\u00a0\u00a0\u00a0\u00a0\u00a0\u00a0\u00a0\u00a0\u00a0\u00a0\u00a0\u00a0\u00a0\u00a0\u00a0\u00a0\u00a0\u00a0\u00a0\u00a0\u00a0\u00a0\u00a0\u00a0\u00a0\u00a0\u00a0\u00a0\u00a0\u00a0\u00a0\u00a0\u00a0\u00a0\u00a0\u00a0\u00a0\u00a0\u00a0\u00a0\u00a0\u00a0 <\/em><\/strong><strong><em>Tadeusz Pampuch<\/em><\/strong><\/p>\n<p><strong><em>\u00a0\u00a0\u00a0\u00a0\u00a0\u00a0\u00a0\u00a0\u00a0\u00a0\u00a0\u00a0\u00a0\u00a0\u00a0\u00a0\u00a0\u00a0\u00a0\u00a0\u00a0\u00a0\u00a0\u00a0\u00a0\u00a0\u00a0\u00a0\u00a0\u00a0\u00a0\u00a0\u00a0\u00a0\u00a0\u00a0\u00a0\u00a0\u00a0\u00a0\u00a0\u00a0\u00a0\u00a0\u00a0\u00a0\u00a0\u00a0\u00a0\u00a0\u00a0\u00a0\u00a0\u00a0\u00a0\u00a0\u00a0\u00a0\u00a0\u00a0\u00a0\u00a0\u00a0\u00a0\u00a0\u00a0\u00a0\u00a0\u00a0\u00a0\u00a0\u00a0\u00a0\u00a0\u00a0\u00a0\u00a0\u00a0\u00a0\u00a0\u00a0 Prezes Zarz\u0105du<\/em><\/strong><\/p>\n<p><strong><em>\u00a0\u00a0\u00a0\u00a0\u00a0\u00a0\u00a0\u00a0\u00a0\u00a0\u00a0\u00a0\u00a0\u00a0\u00a0\u00a0\u00a0\u00a0\u00a0\u00a0\u00a0\u00a0\u00a0\u00a0\u00a0\u00a0\u00a0\u00a0\u00a0\u00a0\u00a0\u00a0\u00a0\u00a0\u00a0\u00a0\u00a0\u00a0\u00a0\u00a0\u00a0\u00a0\u00a0\u00a0\u00a0\u00a0\u00a0\u00a0\u00a0\u00a0\u00a0\u00a0 \u00a0\u00a0\u00a0\u00a0\u00a0<\/em><\/strong><\/p>\n","protected":false},"excerpt":{"rendered":"<p>Szanowni Pa\u0144stwo Cz\u0142onkowie i Sympatycy Ligi Ochrony Przyrody Bardzo prosz\u0119 Pa\u0144stwa w imieniu Zarz\u0105du Warmi\u0144sko-Mazurskiego Okr\u0119gu LOP w Olsztynie o przyj\u0119cie z Okazji Nadchodz\u0105cych \u015awi\u0105t Bo\u017cego Narodzenia i Nowego 2021 Roku Najserdeczniejszych \u017bycze\u0144 &#8212; Du\u017co Du\u017co Zdrowia, Wszelkiej Pomy\u015blno\u015bci, Spe\u0142nienia Wszystkich Marze\u0144 oraz Samych Sukces\u00f3w w Ka\u017cdym Dniu 2021 Roku w \u017byciu Osobistym i Pracy [&hellip;]<\/p>\n","protected":false},"author":2,"featured_media":0,"comment_status":"open","ping_status":"open","sticky":false,"template":"","format":"standard","meta":{"footnotes":""},"categories":[9,17],"tags":[],"class_list":["post-5893","post","type-post","status-publish","format-standard","hentry","category-ciekawostki","category-edukacja-w-terenie"],"_links":{"self":[{"href":"https:\/\/www.milosnicylasu.olsztyn.pl\/index.php?rest_route=\/wp\/v2\/posts\/5893","targetHints":{"allow":["GET"]}}],"collection":[{"href":"https:\/\/www.milosnicylasu.olsztyn.pl\/index.php?rest_route=\/wp\/v2\/posts"}],"about":[{"href":"https:\/\/www.milosnicylasu.olsztyn.pl\/index.php?rest_route=\/wp\/v2\/types\/post"}],"author":[{"embeddable":true,"href":"https:\/\/www.milosnicylasu.olsztyn.pl\/index.php?rest_route=\/wp\/v2\/users\/2"}],"replies":[{"embeddable":true,"href":"https:\/\/www.milosnicylasu.olsztyn.pl\/index.php?rest_route=%2Fwp%2Fv2%2Fcomments&post=5893"}],"version-history":[{"count":6,"href":"https:\/\/www.milosnicylasu.olsztyn.pl\/index.php?rest_route=\/wp\/v2\/posts\/5893\/revisions"}],"predecessor-version":[{"id":5899,"href":"https:\/\/www.milosnicylasu.olsztyn.pl\/index.php?rest_route=\/wp\/v2\/posts\/5893\/revisions\/5899"}],"wp:attachment":[{"href":"https:\/\/www.milosnicylasu.olsztyn.pl\/index.php?rest_route=%2Fwp%2Fv2%2Fmedia&parent=5893"}],"wp:term":[{"taxonomy":"category","embeddable":true,"href":"https:\/\/www.milosnicylasu.olsztyn.pl\/index.php?rest_route=%2Fwp%2Fv2%2Fcategories&post=5893"},{"taxonomy":"post_tag","embeddable":true,"href":"https:\/\/www.milosnicylasu.olsztyn.pl\/index.php?rest_route=%2Fwp%2Fv2%2Ftags&post=5893"}],"curies":[{"name":"wp","href":"https:\/\/api.w.org\/{rel}","templated":true}]}}