{"id":5900,"date":"2020-12-23T21:02:48","date_gmt":"2020-12-23T20:02:48","guid":{"rendered":"https:\/\/www.milosnicylasu.olsztyn.pl\/?p=5900"},"modified":"2020-12-23T21:02:48","modified_gmt":"2020-12-23T20:02:48","slug":"swiat-sie-zatrzymal","status":"publish","type":"post","link":"https:\/\/www.milosnicylasu.olsztyn.pl\/?p=5900","title":{"rendered":"\u015awiat si\u0119 zatrzyma\u0142"},"content":{"rendered":"<p><strong>Wiesia Filipek przys\u0142a\u0142a nam przemy\u015blenia Pani Beaty Boruckiej &#8211;\u00a0 co\u00a0 o tym s\u0105dzicie?<\/strong><\/p>\n<p>\u015awiat si\u0119 zatrzyma\u0142 i stoi zadumany<\/p>\n<p>Ulice puste, sklepy, salony\u2026<\/p>\n<p>Nagle \u017cyjemy bez zgie\u0142ku wok\u00f3\u0142<\/p>\n<p>A mi si\u0119 kreci ciep\u0142a \u0142za w oku<\/p>\n<p>I my\u015bl\u0119 sobie, patrz\u0105c na \u015bwiat z lasu<\/p>\n<p>\u017be doczeka\u0142am ciekawych czas\u00f3w &#8230;<\/p>\n<p>Strasz\u0105 zza szyby ci na ekranie<\/p>\n<p>\u017be co\u015b strasznego z nami si\u0119 stanie<\/p>\n<p>\u017be nie oddycha\u0107, \u017ce nie wychodzi\u0107<\/p>\n<p>\u017be nam ju\u017c wszystko mo\u017ce zaszkodzi\u0107<\/p>\n<p>A ja uwa\u017cam, \u017ce wreszcie wyr\u00f3s\u0142<\/p>\n<p>Dla tego \u015bwiata nadziei wirus<\/p>\n<p>Nagle ten p\u0119d i to rykowisko<\/p>\n<p>Ucich\u0142o, jakby umar\u0142o na chwil\u0119 wszystko<\/p>\n<p>Ju\u017c nie p\u0119dzimy, ju\u017c tak nie gnamy<\/p>\n<p>A przecie\u017c to \u017cycie to samo mamy &#8230;<\/p>\n<p>Nagle to wszystko, co\u015bmy musieli<\/p>\n<p>Ot tak po prostu pstryk, diabli wzi\u0119li<\/p>\n<p>Mo\u017ce nam skurczy si\u0119 nieco dostatek<\/p>\n<p>Mo\u017ce na spodnie szy\u0107 przyjdzie \u0142at\u0119<\/p>\n<p>Kto wie co jeszcze na nas si\u0119 stoczy<\/p>\n<p>Ale popatrzmy tej prawdzie w oczy:<\/p>\n<p>Malutki wirus chorobotw\u00f3rczy<\/p>\n<p>Staje si\u0119 dla nas cz\u0142ekoodtw\u00f3rczy.<\/p>\n<p>&nbsp;<\/p>\n<p>Napisa\u0142a Beata Borucka<\/p>\n<p>&nbsp;<\/p>\n","protected":false},"excerpt":{"rendered":"<p>Wiesia Filipek przys\u0142a\u0142a nam przemy\u015blenia Pani Beaty Boruckiej &#8211;\u00a0 co\u00a0 o tym s\u0105dzicie? \u015awiat si\u0119 zatrzyma\u0142 i stoi zadumany Ulice puste, sklepy, salony\u2026 Nagle \u017cyjemy bez zgie\u0142ku wok\u00f3\u0142 A mi si\u0119 kreci ciep\u0142a \u0142za w oku I my\u015bl\u0119 sobie, patrz\u0105c na \u015bwiat z lasu \u017be doczeka\u0142am ciekawych czas\u00f3w &#8230; Strasz\u0105 zza szyby ci na ekranie [&hellip;]<\/p>\n","protected":false},"author":2,"featured_media":0,"comment_status":"open","ping_status":"open","sticky":false,"template":"","format":"standard","meta":{"footnotes":""},"categories":[1,9],"tags":[],"class_list":["post-5900","post","type-post","status-publish","format-standard","hentry","category-bez-kategorii","category-ciekawostki"],"_links":{"self":[{"href":"https:\/\/www.milosnicylasu.olsztyn.pl\/index.php?rest_route=\/wp\/v2\/posts\/5900","targetHints":{"allow":["GET"]}}],"collection":[{"href":"https:\/\/www.milosnicylasu.olsztyn.pl\/index.php?rest_route=\/wp\/v2\/posts"}],"about":[{"href":"https:\/\/www.milosnicylasu.olsztyn.pl\/index.php?rest_route=\/wp\/v2\/types\/post"}],"author":[{"embeddable":true,"href":"https:\/\/www.milosnicylasu.olsztyn.pl\/index.php?rest_route=\/wp\/v2\/users\/2"}],"replies":[{"embeddable":true,"href":"https:\/\/www.milosnicylasu.olsztyn.pl\/index.php?rest_route=%2Fwp%2Fv2%2Fcomments&post=5900"}],"version-history":[{"count":1,"href":"https:\/\/www.milosnicylasu.olsztyn.pl\/index.php?rest_route=\/wp\/v2\/posts\/5900\/revisions"}],"predecessor-version":[{"id":5901,"href":"https:\/\/www.milosnicylasu.olsztyn.pl\/index.php?rest_route=\/wp\/v2\/posts\/5900\/revisions\/5901"}],"wp:attachment":[{"href":"https:\/\/www.milosnicylasu.olsztyn.pl\/index.php?rest_route=%2Fwp%2Fv2%2Fmedia&parent=5900"}],"wp:term":[{"taxonomy":"category","embeddable":true,"href":"https:\/\/www.milosnicylasu.olsztyn.pl\/index.php?rest_route=%2Fwp%2Fv2%2Fcategories&post=5900"},{"taxonomy":"post_tag","embeddable":true,"href":"https:\/\/www.milosnicylasu.olsztyn.pl\/index.php?rest_route=%2Fwp%2Fv2%2Ftags&post=5900"}],"curies":[{"name":"wp","href":"https:\/\/api.w.org\/{rel}","templated":true}]}}