{"id":5904,"date":"2020-12-27T17:21:32","date_gmt":"2020-12-27T16:21:32","guid":{"rendered":"https:\/\/www.milosnicylasu.olsztyn.pl\/?p=5904"},"modified":"2020-12-27T17:21:32","modified_gmt":"2020-12-27T16:21:32","slug":"odwiedziny-sw-mikolaja-w-specjalistycznym-osrodku-wsparcia-dla-ofiar-przemocy-w-rodzinie","status":"publish","type":"post","link":"https:\/\/www.milosnicylasu.olsztyn.pl\/?p=5904","title":{"rendered":"Odwiedziny \u015aw. Miko\u0142aja w Specjalistycznym O\u015brodku Wsparcia dla Ofiar Przemocy w Rodzinie"},"content":{"rendered":"<div class=\"content-subpage\"><em>&#8222;W dniu 22.12.2020 r. odwiedzi\u0142 nas wyj\u0105tkowy \u015awi\u0119ty Miko\u0142aj \u2013 Fundacja Kapitana Nemo, kt\u00f3ry obdarowa\u0142 osoby i ich dzieci zamieszkuj\u0105ce w Specjalistycznym O\u015brodku Wsparcia dla Ofiar Przemocy w Rodzinie w Olsztynie wymarzonymi prezentami. Sprawi\u0142y one mi\u0142e zaskoczenie, ogromn\u0105 przyjemno\u015b\u0107 i przywr\u00f3ci\u0142y wiar\u0119 w ludzi.<\/em><\/p>\n<div class=\"content-subpage-text\">\n<p><em>Pragniemy podzi\u0119kowa\u0107 Fundacji oraz wszystkim dobrym ludziom (skrzatom, elfom), kt\u00f3rzy czynnie zaanga\u017cowali si\u0119 w t\u0119 akcj\u0119 i przyczynili si\u0119 do wywo\u0142ania u\u015bmiechu na twarzach i rado\u015bci w sercach&#8221;.<\/em><\/p>\n<p>T<strong>aki wpis ukaza\u0142 si\u0119 na stronie internetowej O\u015brodka. Mi\u0142o, \u017ce mogli\u015bmy wzi\u0105\u0107 udzia\u0142 w tej pi\u0119knej akcji. Okaza\u0142o si\u0119, \u017ce skrzaty a mo\u017ce elfy s\u0105 w\u015br\u00f3d nas.<\/strong><\/p>\n<\/div>\n<\/div>\n","protected":false},"excerpt":{"rendered":"<p>&#8222;W dniu 22.12.2020 r. odwiedzi\u0142 nas wyj\u0105tkowy \u015awi\u0119ty Miko\u0142aj \u2013 Fundacja Kapitana Nemo, kt\u00f3ry obdarowa\u0142 osoby i ich dzieci zamieszkuj\u0105ce w Specjalistycznym O\u015brodku Wsparcia dla Ofiar Przemocy w Rodzinie w Olsztynie wymarzonymi prezentami. Sprawi\u0142y one mi\u0142e zaskoczenie, ogromn\u0105 przyjemno\u015b\u0107 i przywr\u00f3ci\u0142y wiar\u0119 w ludzi. Pragniemy podzi\u0119kowa\u0107 Fundacji oraz wszystkim dobrym ludziom (skrzatom, elfom), kt\u00f3rzy czynnie [&hellip;]<\/p>\n","protected":false},"author":2,"featured_media":0,"comment_status":"open","ping_status":"open","sticky":false,"template":"","format":"standard","meta":{"footnotes":""},"categories":[1,9],"tags":[],"class_list":["post-5904","post","type-post","status-publish","format-standard","hentry","category-bez-kategorii","category-ciekawostki"],"_links":{"self":[{"href":"https:\/\/www.milosnicylasu.olsztyn.pl\/index.php?rest_route=\/wp\/v2\/posts\/5904","targetHints":{"allow":["GET"]}}],"collection":[{"href":"https:\/\/www.milosnicylasu.olsztyn.pl\/index.php?rest_route=\/wp\/v2\/posts"}],"about":[{"href":"https:\/\/www.milosnicylasu.olsztyn.pl\/index.php?rest_route=\/wp\/v2\/types\/post"}],"author":[{"embeddable":true,"href":"https:\/\/www.milosnicylasu.olsztyn.pl\/index.php?rest_route=\/wp\/v2\/users\/2"}],"replies":[{"embeddable":true,"href":"https:\/\/www.milosnicylasu.olsztyn.pl\/index.php?rest_route=%2Fwp%2Fv2%2Fcomments&post=5904"}],"version-history":[{"count":1,"href":"https:\/\/www.milosnicylasu.olsztyn.pl\/index.php?rest_route=\/wp\/v2\/posts\/5904\/revisions"}],"predecessor-version":[{"id":5905,"href":"https:\/\/www.milosnicylasu.olsztyn.pl\/index.php?rest_route=\/wp\/v2\/posts\/5904\/revisions\/5905"}],"wp:attachment":[{"href":"https:\/\/www.milosnicylasu.olsztyn.pl\/index.php?rest_route=%2Fwp%2Fv2%2Fmedia&parent=5904"}],"wp:term":[{"taxonomy":"category","embeddable":true,"href":"https:\/\/www.milosnicylasu.olsztyn.pl\/index.php?rest_route=%2Fwp%2Fv2%2Fcategories&post=5904"},{"taxonomy":"post_tag","embeddable":true,"href":"https:\/\/www.milosnicylasu.olsztyn.pl\/index.php?rest_route=%2Fwp%2Fv2%2Ftags&post=5904"}],"curies":[{"name":"wp","href":"https:\/\/api.w.org\/{rel}","templated":true}]}}