{"id":5910,"date":"2021-01-05T06:42:00","date_gmt":"2021-01-05T05:42:00","guid":{"rendered":"https:\/\/www.milosnicylasu.olsztyn.pl\/?p=5910"},"modified":"2021-01-05T06:50:24","modified_gmt":"2021-01-05T05:50:24","slug":"dzien-niepodobny-do-dnia","status":"publish","type":"post","link":"https:\/\/www.milosnicylasu.olsztyn.pl\/?p=5910","title":{"rendered":"Dzie\u0144 niepodobny do dnia&#8230;&#8230;."},"content":{"rendered":"<div class=\"Ss2Faf zbA8Me V88cHc qLYAZd\" role=\"heading\" aria-level=\"3\"><strong><a href=\"https:\/\/www.milosnicylasu.olsztyn.pl\/wp-content\/uploads\/2021\/01\/DSCN6812-www.jpg\" data-rel=\"lightbox-image-0\" data-magnific_type=\"image\" data-rl_title=\"\" data-rl_caption=\"\" title=\"\"><img loading=\"lazy\" decoding=\"async\" class=\"size-medium wp-image-5911 alignleft\" src=\"https:\/\/www.milosnicylasu.olsztyn.pl\/wp-content\/uploads\/2021\/01\/DSCN6812-www-300x225.jpg\" alt=\"\" width=\"300\" height=\"225\" srcset=\"https:\/\/www.milosnicylasu.olsztyn.pl\/wp-content\/uploads\/2021\/01\/DSCN6812-www-300x225.jpg 300w, https:\/\/www.milosnicylasu.olsztyn.pl\/wp-content\/uploads\/2021\/01\/DSCN6812-www-768x576.jpg 768w, https:\/\/www.milosnicylasu.olsztyn.pl\/wp-content\/uploads\/2021\/01\/DSCN6812-www.jpg 1024w\" sizes=\"auto, (max-width: 300px) 100vw, 300px\" \/><\/a>Dzie\u0144 niepodobny do dnia&#8230;&#8230;. \u015bpiewa\u0142 Piotr Szczepanik. Bardzo trafny tytu\u0142 piosenki do aury w\u00a0 Olsztynie w ostatnich\u00a0 dniach.\u00a0 <a href=\"https:\/\/www.milosnicylasu.olsztyn.pl\/wp-content\/uploads\/2021\/01\/DSCN6815-www.jpg\" data-rel=\"lightbox-image-1\" data-magnific_type=\"image\" data-rl_title=\"\" data-rl_caption=\"\" title=\"\"><img loading=\"lazy\" decoding=\"async\" class=\"size-medium wp-image-5912 alignright\" src=\"https:\/\/www.milosnicylasu.olsztyn.pl\/wp-content\/uploads\/2021\/01\/DSCN6815-www-300x225.jpg\" alt=\"\" width=\"300\" height=\"225\" srcset=\"https:\/\/www.milosnicylasu.olsztyn.pl\/wp-content\/uploads\/2021\/01\/DSCN6815-www-300x225.jpg 300w, https:\/\/www.milosnicylasu.olsztyn.pl\/wp-content\/uploads\/2021\/01\/DSCN6815-www-768x576.jpg 768w, https:\/\/www.milosnicylasu.olsztyn.pl\/wp-content\/uploads\/2021\/01\/DSCN6815-www.jpg 1024w\" sizes=\"auto, (max-width: 300px) 100vw, 300px\" \/><\/a><\/strong><\/div>\n<div role=\"heading\" aria-level=\"3\"><\/div>\n<div class=\"Ss2Faf zbA8Me V88cHc qLYAZd\" role=\"heading\" aria-level=\"3\"><\/div>\n<div role=\"heading\" aria-level=\"3\"><\/div>\n<div role=\"heading\" aria-level=\"3\"><\/div>\n<div role=\"heading\" aria-level=\"3\"><\/div>\n<div role=\"heading\" aria-level=\"3\"><\/div>\n<div role=\"heading\" aria-level=\"3\"><\/div>\n<div role=\"heading\" aria-level=\"3\"><\/div>\n<div role=\"heading\" aria-level=\"3\"><\/div>\n<div class=\"Ss2Faf zbA8Me V88cHc qLYAZd\" role=\"heading\" aria-level=\"3\"><strong>3 stycznia zrobione zosta\u0142y zdj\u0119cia na dzia\u0142ce nad rzek\u0105 Wad\u0105g, a 4 stycznia w \u015brodku miasta, blisko ulicy Sikorskiego.<a href=\"https:\/\/www.milosnicylasu.olsztyn.pl\/wp-content\/uploads\/2021\/01\/DSCN6834-www.jpg\" data-rel=\"lightbox-image-2\" data-magnific_type=\"image\" data-rl_title=\"\" data-rl_caption=\"\" title=\"\"><img loading=\"lazy\" decoding=\"async\" class=\"size-medium wp-image-5916 alignright\" src=\"https:\/\/www.milosnicylasu.olsztyn.pl\/wp-content\/uploads\/2021\/01\/DSCN6834-www-300x225.jpg\" alt=\"\" width=\"300\" height=\"225\" srcset=\"https:\/\/www.milosnicylasu.olsztyn.pl\/wp-content\/uploads\/2021\/01\/DSCN6834-www-300x225.jpg 300w, https:\/\/www.milosnicylasu.olsztyn.pl\/wp-content\/uploads\/2021\/01\/DSCN6834-www-768x576.jpg 768w, https:\/\/www.milosnicylasu.olsztyn.pl\/wp-content\/uploads\/2021\/01\/DSCN6834-www.jpg 1024w\" sizes=\"auto, (max-width: 300px) 100vw, 300px\" \/><\/a><a href=\"https:\/\/www.milosnicylasu.olsztyn.pl\/wp-content\/uploads\/2021\/01\/DSCN6849-www.jpg\" data-rel=\"lightbox-image-3\" data-magnific_type=\"image\" data-rl_title=\"\" data-rl_caption=\"\" title=\"\"><img loading=\"lazy\" decoding=\"async\" class=\"size-medium wp-image-5915 alignleft\" src=\"https:\/\/www.milosnicylasu.olsztyn.pl\/wp-content\/uploads\/2021\/01\/DSCN6849-www-300x225.jpg\" alt=\"\" width=\"300\" height=\"225\" srcset=\"https:\/\/www.milosnicylasu.olsztyn.pl\/wp-content\/uploads\/2021\/01\/DSCN6849-www-300x225.jpg 300w, https:\/\/www.milosnicylasu.olsztyn.pl\/wp-content\/uploads\/2021\/01\/DSCN6849-www-768x576.jpg 768w, https:\/\/www.milosnicylasu.olsztyn.pl\/wp-content\/uploads\/2021\/01\/DSCN6849-www.jpg 1024w\" sizes=\"auto, (max-width: 300px) 100vw, 300px\" \/><\/a><a href=\"https:\/\/www.milosnicylasu.olsztyn.pl\/wp-content\/uploads\/2021\/01\/DSCN6836-www.jpg\" data-rel=\"lightbox-image-4\" data-magnific_type=\"image\" data-rl_title=\"\" data-rl_caption=\"\" title=\"\"><img loading=\"lazy\" decoding=\"async\" class=\"size-medium wp-image-5914 aligncenter\" src=\"https:\/\/www.milosnicylasu.olsztyn.pl\/wp-content\/uploads\/2021\/01\/DSCN6836-www-300x225.jpg\" alt=\"\" width=\"300\" height=\"225\" srcset=\"https:\/\/www.milosnicylasu.olsztyn.pl\/wp-content\/uploads\/2021\/01\/DSCN6836-www-300x225.jpg 300w, https:\/\/www.milosnicylasu.olsztyn.pl\/wp-content\/uploads\/2021\/01\/DSCN6836-www-768x576.jpg 768w, https:\/\/www.milosnicylasu.olsztyn.pl\/wp-content\/uploads\/2021\/01\/DSCN6836-www.jpg 1024w\" sizes=\"auto, (max-width: 300px) 100vw, 300px\" \/><\/a><\/strong><\/div>\n<div role=\"heading\" aria-level=\"3\"><\/div>\n<div role=\"heading\" aria-level=\"3\"><\/div>\n<div data-hveid=\"CAcQAA\" data-ved=\"2ahUKEwjdsNPghoTuAhUhl4sKHToyAy0QsEwwAnoECAcQAA\">\n<div>\n<div class=\"Oh5wg\">\n<div class=\"PZPZlf\" data-lyricid=\"Musixmatch2771999\">\n<div><\/div>\n<div><\/div>\n<div><strong>Czy pami\u0119tamy s\u0142owa piosenki?<\/strong><\/div>\n<div><\/div>\n<div><\/div>\n<div class=\"ujudUb\">Dzie\u0144 niepodobny do dnia<br \/>\nPuste kartki bez dat<br \/>\nCzasem \u015bmiech, czasem \u017cal<br \/>\nCzy wiesz, kt\u00f3ry zmierzch<br \/>\nWpisze w nie \u017cycia sens<br \/>\nI marzeniom mym nada kszta\u0142t?<\/div>\n<div class=\"ujudUb\">Dzie\u0144 niepodobny do dnia<br \/>\nLu\u017ane kartki bez dat<br \/>\nCzasem b\u00f3l, czasem \u017cart<br \/>\nJak \u017cy\u0107, \u017ceby nikt<br \/>\nPustki nie odgad\u0142 w nich<br \/>\nNim marzenia oblek\u0119 w ich kszta\u0142t?<\/div>\n<div class=\"ujudUb\">Chc\u0119 znale\u017a\u0107 miejsce dla siebie w\u015br\u00f3d was<br \/>\nChc\u0119 racji sens waszych zna\u0107<br \/>\nChc\u0119 mie\u0107 dziewczyn\u0119 jedyn\u0105 jak ty<br \/>\nChc\u0119 kocha\u0107, marzy\u0107, chc\u0119 \u017cy\u0107!<\/div>\n<div class=\"ujudUb\">Dzie\u0144 niepodobny do dnia<br \/>\nLu\u017ane kartki bez dat<br \/>\nCzasem b\u00f3l, czasem \u017cart<br \/>\nJak \u017cy\u0107, \u017ceby nikt<br \/>\nPustki nie odgad\u0142 w nich<br \/>\nNim marzenia oblek\u0119 w ich kszta\u0142t?<\/div>\n<div class=\"ujudUb WRZytc\">Nim je oblek\u0119 w ich kszta\u0142t&#8230;<br \/>\nNim je oblek\u0119 w ich kszta\u0142t&#8230;<\/div>\n<\/div>\n<div class=\"j04ED\"><\/div>\n<div class=\"auw0zb\">Autor tekstu piosenki: Andrzej Tylczynski<\/div>\n<div><\/div>\n<\/div>\n<div>Zdj\u0119cia z Olsztyna: Anatol Leszczy\u0144ski<\/div>\n<\/div>\n<\/div>\n","protected":false},"excerpt":{"rendered":"<p>Dzie\u0144 niepodobny do dnia&#8230;&#8230;. \u015bpiewa\u0142 Piotr Szczepanik. Bardzo trafny tytu\u0142 piosenki do aury w\u00a0 Olsztynie w ostatnich\u00a0 dniach.\u00a0 3 stycznia zrobione zosta\u0142y zdj\u0119cia na dzia\u0142ce nad rzek\u0105 Wad\u0105g, a 4 stycznia w \u015brodku miasta, blisko ulicy Sikorskiego. Czy pami\u0119tamy s\u0142owa piosenki? Dzie\u0144 niepodobny do dnia Puste kartki bez dat Czasem \u015bmiech, czasem \u017cal Czy wiesz, [&hellip;]<\/p>\n","protected":false},"author":2,"featured_media":0,"comment_status":"open","ping_status":"open","sticky":false,"template":"","format":"standard","meta":{"footnotes":""},"categories":[1,9,17],"tags":[],"class_list":["post-5910","post","type-post","status-publish","format-standard","hentry","category-bez-kategorii","category-ciekawostki","category-edukacja-w-terenie"],"_links":{"self":[{"href":"https:\/\/www.milosnicylasu.olsztyn.pl\/index.php?rest_route=\/wp\/v2\/posts\/5910","targetHints":{"allow":["GET"]}}],"collection":[{"href":"https:\/\/www.milosnicylasu.olsztyn.pl\/index.php?rest_route=\/wp\/v2\/posts"}],"about":[{"href":"https:\/\/www.milosnicylasu.olsztyn.pl\/index.php?rest_route=\/wp\/v2\/types\/post"}],"author":[{"embeddable":true,"href":"https:\/\/www.milosnicylasu.olsztyn.pl\/index.php?rest_route=\/wp\/v2\/users\/2"}],"replies":[{"embeddable":true,"href":"https:\/\/www.milosnicylasu.olsztyn.pl\/index.php?rest_route=%2Fwp%2Fv2%2Fcomments&post=5910"}],"version-history":[{"count":6,"href":"https:\/\/www.milosnicylasu.olsztyn.pl\/index.php?rest_route=\/wp\/v2\/posts\/5910\/revisions"}],"predecessor-version":[{"id":5922,"href":"https:\/\/www.milosnicylasu.olsztyn.pl\/index.php?rest_route=\/wp\/v2\/posts\/5910\/revisions\/5922"}],"wp:attachment":[{"href":"https:\/\/www.milosnicylasu.olsztyn.pl\/index.php?rest_route=%2Fwp%2Fv2%2Fmedia&parent=5910"}],"wp:term":[{"taxonomy":"category","embeddable":true,"href":"https:\/\/www.milosnicylasu.olsztyn.pl\/index.php?rest_route=%2Fwp%2Fv2%2Fcategories&post=5910"},{"taxonomy":"post_tag","embeddable":true,"href":"https:\/\/www.milosnicylasu.olsztyn.pl\/index.php?rest_route=%2Fwp%2Fv2%2Ftags&post=5910"}],"curies":[{"name":"wp","href":"https:\/\/api.w.org\/{rel}","templated":true}]}}