{"id":5949,"date":"2021-01-30T08:02:29","date_gmt":"2021-01-30T07:02:29","guid":{"rendered":"https:\/\/www.milosnicylasu.olsztyn.pl\/?p=5949"},"modified":"2021-01-30T18:09:43","modified_gmt":"2021-01-30T17:09:43","slug":"poranna-toaleta","status":"publish","type":"post","link":"https:\/\/www.milosnicylasu.olsztyn.pl\/?p=5949","title":{"rendered":"Poranna toaleta ?"},"content":{"rendered":"<div class=\"entry\">\n<p><a href=\"https:\/\/www.milosnicylasu.olsztyn.pl\/wp-content\/uploads\/2021\/01\/PICT0057-www.jpg\" data-rel=\"lightbox-image-0\" data-magnific_type=\"image\" data-rl_title=\"\" data-rl_caption=\"\" title=\"\"><img loading=\"lazy\" decoding=\"async\" class=\"size-medium wp-image-5950 alignleft\" src=\"https:\/\/www.milosnicylasu.olsztyn.pl\/wp-content\/uploads\/2021\/01\/PICT0057-www-300x225.jpg\" alt=\"\" width=\"300\" height=\"225\" srcset=\"https:\/\/www.milosnicylasu.olsztyn.pl\/wp-content\/uploads\/2021\/01\/PICT0057-www-300x225.jpg 300w, https:\/\/www.milosnicylasu.olsztyn.pl\/wp-content\/uploads\/2021\/01\/PICT0057-www-768x576.jpg 768w, https:\/\/www.milosnicylasu.olsztyn.pl\/wp-content\/uploads\/2021\/01\/PICT0057-www.jpg 1024w\" sizes=\"auto, (max-width: 300px) 100vw, 300px\" \/><\/a><\/p>\n<p align=\"JUSTIFY\">\u00a0Podczas jednego z sobotnich rajd\u00f3w Ko\u0142a Mi\u0142o\u015bnik\u00f3w Lasu i Militari\u00f3w LOK w Olsztynie, a by\u0142o to w maju 2011 roku, przechodz\u0105c wzd\u0142u\u017c jeziora Wad\u0105g zobaczyli\u015bmy krowy brodz\u0105ce\u00a0 w wodzie. Wygl\u0105da\u0142o to na &#8230;.. No w\u0142a\u015bnie co one tam robi\u0142y? Z jeziora wychodzi\u0142y czy\u015bciutkie. Czy taka k\u0105piel by\u0142a tylko przy okazji? Czy skusi\u0142y je m\u0142ode p\u0119dy ro\u015blinno\u015bci przybrze\u017cnej?<\/p>\n<p><a href=\"https:\/\/www.milosnicylasu.olsztyn.pl\/wp-content\/uploads\/2021\/01\/PICT0064-www.jpg\" data-rel=\"lightbox-image-1\" data-magnific_type=\"image\" data-rl_title=\"\" data-rl_caption=\"\" title=\"\"><img loading=\"lazy\" decoding=\"async\" class=\"size-medium wp-image-5951 alignright\" src=\"https:\/\/www.milosnicylasu.olsztyn.pl\/wp-content\/uploads\/2021\/01\/PICT0064-www-300x225.jpg\" alt=\"\" width=\"300\" height=\"225\" srcset=\"https:\/\/www.milosnicylasu.olsztyn.pl\/wp-content\/uploads\/2021\/01\/PICT0064-www-300x225.jpg 300w, https:\/\/www.milosnicylasu.olsztyn.pl\/wp-content\/uploads\/2021\/01\/PICT0064-www-768x576.jpg 768w, https:\/\/www.milosnicylasu.olsztyn.pl\/wp-content\/uploads\/2021\/01\/PICT0064-www.jpg 1024w\" sizes=\"auto, (max-width: 300px) 100vw, 300px\" \/><\/a><\/p>\n<p align=\"JUSTIFY\">A tak dla przypomnienia i dla tych co nie mieszkaj\u0105 w Olsztynie.\u00a0 Aby dotrze\u0107 nad jezioro, trzeba jecha\u0107 z Olsztyna na p\u00f3\u0142noc do miejscowo\u015bci S\u0142upy lub Myki. Powierzchnia Wad\u0105ga wynosi 494,5 ha, g\u0142\u0119boko\u015b\u0107 maksymalna 35,5 m, a \u015brednia 12,7 m. Brzegi przewa\u017cnie s\u0105 wysokie i strome, z piaszczystymi pla\u017cami, cz\u0119\u015bciowo zalesione. Brzeg p\u00f3\u0142nocno-wschodni zajmuj\u0105 pola i \u0142\u0105ki. Do wschodniej zatoki wp\u0142ywa rzeka Pisa i potok Orzech\u00f3wka, a z zachodniej wyp\u0142ywa rzeka Wad\u0105g.<\/p>\n<p align=\"JUSTIFY\">W\u015br\u00f3d ro\u015blinno\u015bci zanurzonej dominuje rdestnica po\u0142yskuj\u0105ca, a z ro\u015blin p\u0142ywaj\u0105cych grzybie\u0144 i gr\u0105\u017cel. Szuwary, w kt\u00f3rych przewa\u017ca trzcina, pa\u0142ka i sitowie, porastaj\u0105 wi\u0119ksz\u0105 cz\u0119\u015b\u0107 linii brzegowej, utrudniaj\u0105c bezpo\u015bredni dost\u0119p do wody. To utrudnienia dla ludzie, dla kr\u00f3w jak wida\u0107 zupe\u0142nie to nie przeszkadza.<\/p>\n<p align=\"JUSTIFY\">Zdj\u0119cia autorstwa Anatola Leszczy\u0144skiego<\/p>\n<p><a href=\"https:\/\/www.milosnicylasu.olsztyn.pl\/wp-content\/uploads\/2021\/01\/PICT0061-www.jpg\" data-rel=\"lightbox-image-2\" data-magnific_type=\"image\" data-rl_title=\"\" data-rl_caption=\"\" title=\"\"><img loading=\"lazy\" decoding=\"async\" class=\"size-medium wp-image-5952 alignleft\" src=\"https:\/\/www.milosnicylasu.olsztyn.pl\/wp-content\/uploads\/2021\/01\/PICT0061-www-300x225.jpg\" alt=\"\" width=\"300\" height=\"225\" srcset=\"https:\/\/www.milosnicylasu.olsztyn.pl\/wp-content\/uploads\/2021\/01\/PICT0061-www-300x225.jpg 300w, https:\/\/www.milosnicylasu.olsztyn.pl\/wp-content\/uploads\/2021\/01\/PICT0061-www-768x576.jpg 768w, https:\/\/www.milosnicylasu.olsztyn.pl\/wp-content\/uploads\/2021\/01\/PICT0061-www.jpg 1024w\" sizes=\"auto, (max-width: 300px) 100vw, 300px\" \/><\/a><\/p>\n<\/div>\n","protected":false},"excerpt":{"rendered":"<p>\u00a0Podczas jednego z sobotnich rajd\u00f3w Ko\u0142a Mi\u0142o\u015bnik\u00f3w Lasu i Militari\u00f3w LOK w Olsztynie, a by\u0142o to w maju 2011 roku, przechodz\u0105c wzd\u0142u\u017c jeziora Wad\u0105g zobaczyli\u015bmy krowy brodz\u0105ce\u00a0 w wodzie. Wygl\u0105da\u0142o to na &#8230;.. No w\u0142a\u015bnie co one tam robi\u0142y? Z jeziora wychodzi\u0142y czy\u015bciutkie. Czy taka k\u0105piel by\u0142a tylko przy okazji? Czy skusi\u0142y je m\u0142ode p\u0119dy [&hellip;]<\/p>\n","protected":false},"author":2,"featured_media":0,"comment_status":"open","ping_status":"open","sticky":false,"template":"","format":"standard","meta":{"footnotes":""},"categories":[1,9,17,2],"tags":[],"class_list":["post-5949","post","type-post","status-publish","format-standard","hentry","category-bez-kategorii","category-ciekawostki","category-edukacja-w-terenie","category-rajdy"],"_links":{"self":[{"href":"https:\/\/www.milosnicylasu.olsztyn.pl\/index.php?rest_route=\/wp\/v2\/posts\/5949","targetHints":{"allow":["GET"]}}],"collection":[{"href":"https:\/\/www.milosnicylasu.olsztyn.pl\/index.php?rest_route=\/wp\/v2\/posts"}],"about":[{"href":"https:\/\/www.milosnicylasu.olsztyn.pl\/index.php?rest_route=\/wp\/v2\/types\/post"}],"author":[{"embeddable":true,"href":"https:\/\/www.milosnicylasu.olsztyn.pl\/index.php?rest_route=\/wp\/v2\/users\/2"}],"replies":[{"embeddable":true,"href":"https:\/\/www.milosnicylasu.olsztyn.pl\/index.php?rest_route=%2Fwp%2Fv2%2Fcomments&post=5949"}],"version-history":[{"count":6,"href":"https:\/\/www.milosnicylasu.olsztyn.pl\/index.php?rest_route=\/wp\/v2\/posts\/5949\/revisions"}],"predecessor-version":[{"id":5958,"href":"https:\/\/www.milosnicylasu.olsztyn.pl\/index.php?rest_route=\/wp\/v2\/posts\/5949\/revisions\/5958"}],"wp:attachment":[{"href":"https:\/\/www.milosnicylasu.olsztyn.pl\/index.php?rest_route=%2Fwp%2Fv2%2Fmedia&parent=5949"}],"wp:term":[{"taxonomy":"category","embeddable":true,"href":"https:\/\/www.milosnicylasu.olsztyn.pl\/index.php?rest_route=%2Fwp%2Fv2%2Fcategories&post=5949"},{"taxonomy":"post_tag","embeddable":true,"href":"https:\/\/www.milosnicylasu.olsztyn.pl\/index.php?rest_route=%2Fwp%2Fv2%2Ftags&post=5949"}],"curies":[{"name":"wp","href":"https:\/\/api.w.org\/{rel}","templated":true}]}}