{"id":595,"date":"2013-10-07T09:16:45","date_gmt":"2013-10-07T07:16:45","guid":{"rendered":"http:\/\/www.milosnicylasu.olsztyn.pl\/?p=595"},"modified":"2013-10-07T20:42:00","modified_gmt":"2013-10-07T18:42:00","slug":"zebranie-3-pazdziernika-2013r","status":"publish","type":"post","link":"https:\/\/www.milosnicylasu.olsztyn.pl\/?p=595","title":{"rendered":"Zebranie 3 pa\u017adziernika 2013r."},"content":{"rendered":"<p>3 pa\u017adziernika 2013r. w Regionalnej Dyrekcji Las\u00f3w Pa\u0144stwowych odby\u0142o si\u0119 pierwsze, po wakacjach, czwartkowe spotkanie ekologiczne Ko\u0142a Mi\u0142o\u015bnik\u00f3w Lasu i Militari\u00f3w LOK przy ATW w Olsztynie. <a href=\"http:\/\/www.milosnicylasu.olsztyn.pl\/wp-content\/uploads\/2013\/10\/PA030003.jpg\" data-rel=\"lightbox-image-0\" data-magnific_type=\"image\" data-rl_title=\"\" data-rl_caption=\"\" title=\"\"><img loading=\"lazy\" decoding=\"async\" class=\"alignleft size-medium wp-image-596\" alt=\"PA030003\" src=\"http:\/\/www.milosnicylasu.olsztyn.pl\/wp-content\/uploads\/2013\/10\/PA030003-300x225.jpg\" width=\"300\" height=\"225\" srcset=\"https:\/\/www.milosnicylasu.olsztyn.pl\/wp-content\/uploads\/2013\/10\/PA030003-300x225.jpg 300w, https:\/\/www.milosnicylasu.olsztyn.pl\/wp-content\/uploads\/2013\/10\/PA030003-1024x768.jpg 1024w, https:\/\/www.milosnicylasu.olsztyn.pl\/wp-content\/uploads\/2013\/10\/PA030003-400x300.jpg 400w, https:\/\/www.milosnicylasu.olsztyn.pl\/wp-content\/uploads\/2013\/10\/PA030003.jpg 1280w\" sizes=\"auto, (max-width: 300px) 100vw, 300px\" \/><\/a>Licznie przybyli cz\u0142onkowie Ko\u0142a wys\u0142uchali bardzo ciekawego wyk\u0142adu Pana Paw\u0142a Janczyka \u2013 starszego specjalisty d\/s\u00a0 ochrony gatunkowej w Regionalnej Dyrekcji Ochrony \u015arodowiska w Olsztynie. Z wyk\u0142adu dowiedzieli\u015bmy si\u0119 wielu ciekawostek \u00a0z \u017cycia bobra europejskiego. Uwa\u017ca si\u0119 go za najwi\u0119kszego gryzonia Euroazji: masa cia\u0142a doros\u0142ego osobnika dochodzi do 30 kg, a d\u0142ugo\u015b\u0107 cia\u0142a do 110 cm, ogona do 37 cm. Jest zwierz\u0119ciem silnie terytorialnym, rodzinnym i zasadniczo monogamicznym; wiedzie nocny tryb \u017cycia.\u00a0Posiada szereg cech morfologicznych, kt\u00f3re u\u0142atwiaj\u0105 mu prowadzenie ziemnowodnego trybu \u017cycia \u2013 mo\u017ce przebywa\u0107 pod wod\u0105 bez przerwy nawet do 15 minut. <b>\u00a0<\/b>B\u00f3br nale\u017cy do nielicznego grona gatunk\u00f3w, kt\u00f3re potrafi\u0105 przystosowa\u0107 \u015brodowisko do w\u0142asnych potrzeb. Dzi\u0119ki wyj\u0105tkowo silnym siekaczom bobry potrafi\u0105 \u015bci\u0105\u0107 bardzo grube drzewa, o \u015brednicy nawet do 1 m. Do najbardziej charakterystycznych \u015blad\u00f3w funkcjonowania bobr\u00f3w w \u015brodowisku nale\u017c\u0105 budowane przez nie tamy i <a href=\"http:\/\/www.milosnicylasu.olsztyn.pl\/wp-content\/uploads\/2013\/10\/PA030006.jpg\" data-rel=\"lightbox-image-1\" data-magnific_type=\"image\" data-rl_title=\"\" data-rl_caption=\"\" title=\"\"><img loading=\"lazy\" decoding=\"async\" class=\"alignleft size-medium wp-image-597\" alt=\"PA030006\" src=\"http:\/\/www.milosnicylasu.olsztyn.pl\/wp-content\/uploads\/2013\/10\/PA030006-300x225.jpg\" width=\"300\" height=\"225\" srcset=\"https:\/\/www.milosnicylasu.olsztyn.pl\/wp-content\/uploads\/2013\/10\/PA030006-300x225.jpg 300w, https:\/\/www.milosnicylasu.olsztyn.pl\/wp-content\/uploads\/2013\/10\/PA030006-1024x768.jpg 1024w, https:\/\/www.milosnicylasu.olsztyn.pl\/wp-content\/uploads\/2013\/10\/PA030006-400x300.jpg 400w, https:\/\/www.milosnicylasu.olsztyn.pl\/wp-content\/uploads\/2013\/10\/PA030006.jpg 1280w\" sizes=\"auto, (max-width: 300px) 100vw, 300px\" \/><\/a>\u017ceremia.\u00a0 W ten spos\u00f3b bobry potrafi\u0105 spowodowa\u0107 zalanie znacznych obszar\u00f3w, powoduj\u0105c szkody na uprawach i \u0142\u0105kach, dlatego czasem ludzie uwa\u017caj\u0105 je za szkodniki. Poza rysiem i wilkiem nie maj\u0105 w zasadzie naturalnych wrog\u00f3w. Dawniej polowano na bobry, by zdoby\u0107 ich cenne futro. Ogon, kt\u00f3ry jest pokryty \u0142uskami podobnie jak u ryb, uwa\u017cano za danie postne.<\/p>\n<p>W drugiej cz\u0119\u015bci zebrania Prezes Ko\u0142a Anatol Leszczy\u0144ski \u00a0poinformowa\u0142 o najbli\u017cszych imprezach Ko\u0142a, w tym o sobotnich rajdach, o terenowej\u00a0edukacji\u00a0\/wyjazd 25.10.2013r\/ w\u00a0Nadle\u015bnictwie Mi\u0142om\u0142yn, o zawodach i treningach strzeleckich.<\/p>\n<p><a href=\"http:\/\/www.milosnicylasu.olsztyn.pl\/wp-content\/uploads\/2013\/10\/PA030015.jpg\" data-rel=\"lightbox-image-2\" data-magnific_type=\"image\" data-rl_title=\"\" data-rl_caption=\"\" title=\"\"><img loading=\"lazy\" decoding=\"async\" class=\"alignleft size-medium wp-image-598\" alt=\"PA030015\" src=\"http:\/\/www.milosnicylasu.olsztyn.pl\/wp-content\/uploads\/2013\/10\/PA030015-300x225.jpg\" width=\"300\" height=\"225\" srcset=\"https:\/\/www.milosnicylasu.olsztyn.pl\/wp-content\/uploads\/2013\/10\/PA030015-300x225.jpg 300w, https:\/\/www.milosnicylasu.olsztyn.pl\/wp-content\/uploads\/2013\/10\/PA030015-1024x768.jpg 1024w, https:\/\/www.milosnicylasu.olsztyn.pl\/wp-content\/uploads\/2013\/10\/PA030015-400x300.jpg 400w, https:\/\/www.milosnicylasu.olsztyn.pl\/wp-content\/uploads\/2013\/10\/PA030015.jpg 1280w\" sizes=\"auto, (max-width: 300px) 100vw, 300px\" \/><\/a>Mi\u0142ym akcentem spotkania by\u0142o wr\u0119czenie odznacze\u0144 LOK i przyj\u0119ciem nowych cz\u0142onk\u00f3w do naszego Ko\u0142a. Odznaczonym gratulujemy, z nowych cz\u0142onk\u00f3w si\u0119 cieszymy. Mamy nadziej\u0119, \u017ce b\u0119d\u0105 si\u0119 w Kole czuli dobrze. \u017byczymy im aby spe\u0142ni\u0142y si\u0119 ich oczekiwania zwi\u0105zane z do\u0142\u0105czeniem do ludzi, kt\u00f3rzy kochaj\u0105 las. \u00a0\u00a0<b><\/b><\/p>\n","protected":false},"excerpt":{"rendered":"<p>3 pa\u017adziernika 2013r. w Regionalnej Dyrekcji Las\u00f3w Pa\u0144stwowych odby\u0142o si\u0119 pierwsze, po wakacjach, czwartkowe spotkanie ekologiczne Ko\u0142a Mi\u0142o\u015bnik\u00f3w Lasu i Militari\u00f3w LOK przy ATW w Olsztynie. Licznie przybyli cz\u0142onkowie Ko\u0142a wys\u0142uchali bardzo ciekawego wyk\u0142adu Pana Paw\u0142a Janczyka \u2013 starszego specjalisty d\/s\u00a0 ochrony gatunkowej w Regionalnej Dyrekcji Ochrony \u015arodowiska w Olsztynie. Z wyk\u0142adu dowiedzieli\u015bmy si\u0119 wielu [&hellip;]<\/p>\n","protected":false},"author":1,"featured_media":0,"comment_status":"open","ping_status":"open","sticky":false,"template":"","format":"standard","meta":{"footnotes":""},"categories":[9,6,3],"tags":[],"class_list":["post-595","post","type-post","status-publish","format-standard","hentry","category-ciekawostki","category-odznaczenia","category-zebrania"],"_links":{"self":[{"href":"https:\/\/www.milosnicylasu.olsztyn.pl\/index.php?rest_route=\/wp\/v2\/posts\/595","targetHints":{"allow":["GET"]}}],"collection":[{"href":"https:\/\/www.milosnicylasu.olsztyn.pl\/index.php?rest_route=\/wp\/v2\/posts"}],"about":[{"href":"https:\/\/www.milosnicylasu.olsztyn.pl\/index.php?rest_route=\/wp\/v2\/types\/post"}],"author":[{"embeddable":true,"href":"https:\/\/www.milosnicylasu.olsztyn.pl\/index.php?rest_route=\/wp\/v2\/users\/1"}],"replies":[{"embeddable":true,"href":"https:\/\/www.milosnicylasu.olsztyn.pl\/index.php?rest_route=%2Fwp%2Fv2%2Fcomments&post=595"}],"version-history":[{"count":3,"href":"https:\/\/www.milosnicylasu.olsztyn.pl\/index.php?rest_route=\/wp\/v2\/posts\/595\/revisions"}],"predecessor-version":[{"id":608,"href":"https:\/\/www.milosnicylasu.olsztyn.pl\/index.php?rest_route=\/wp\/v2\/posts\/595\/revisions\/608"}],"wp:attachment":[{"href":"https:\/\/www.milosnicylasu.olsztyn.pl\/index.php?rest_route=%2Fwp%2Fv2%2Fmedia&parent=595"}],"wp:term":[{"taxonomy":"category","embeddable":true,"href":"https:\/\/www.milosnicylasu.olsztyn.pl\/index.php?rest_route=%2Fwp%2Fv2%2Fcategories&post=595"},{"taxonomy":"post_tag","embeddable":true,"href":"https:\/\/www.milosnicylasu.olsztyn.pl\/index.php?rest_route=%2Fwp%2Fv2%2Ftags&post=595"}],"curies":[{"name":"wp","href":"https:\/\/api.w.org\/{rel}","templated":true}]}}