{"id":5960,"date":"2021-02-02T06:35:42","date_gmt":"2021-02-02T05:35:42","guid":{"rendered":"https:\/\/www.milosnicylasu.olsztyn.pl\/?p=5960"},"modified":"2021-02-03T19:05:15","modified_gmt":"2021-02-03T18:05:15","slug":"sowy-i-pozdrowienia-z-bialowierzy","status":"publish","type":"post","link":"https:\/\/www.milosnicylasu.olsztyn.pl\/?p=5960","title":{"rendered":"Sowy&#8230;&#8230;&#8230;. i pozdrowienia z Bia\u0142owie\u017cy"},"content":{"rendered":"<p><a href=\"https:\/\/www.milosnicylasu.olsztyn.pl\/wp-content\/uploads\/2016\/10\/DSCF6781-www.jpg\" data-rel=\"lightbox-image-0\" data-magnific_type=\"image\" data-rl_title=\"\" data-rl_caption=\"\" title=\"\"><img loading=\"lazy\" decoding=\"async\" class=\"size-medium wp-image-3127 alignleft\" src=\"https:\/\/www.milosnicylasu.olsztyn.pl\/wp-content\/uploads\/2016\/10\/DSCF6781-www-300x225.jpg\" alt=\"\" width=\"300\" height=\"225\" srcset=\"https:\/\/www.milosnicylasu.olsztyn.pl\/wp-content\/uploads\/2016\/10\/DSCF6781-www-300x225.jpg 300w, https:\/\/www.milosnicylasu.olsztyn.pl\/wp-content\/uploads\/2016\/10\/DSCF6781-www-768x576.jpg 768w, https:\/\/www.milosnicylasu.olsztyn.pl\/wp-content\/uploads\/2016\/10\/DSCF6781-www.jpg 1024w, https:\/\/www.milosnicylasu.olsztyn.pl\/wp-content\/uploads\/2016\/10\/DSCF6781-www-400x300.jpg 400w\" sizes=\"auto, (max-width: 300px) 100vw, 300px\" \/><\/a>Ka\u017cdego roku nadle\u015bnictwa w ca\u0142ym kraju organizuj\u0105 &#8222;Noc S\u00f3w&#8221;. Kilka lat temu uczestniczyli\u015bmy w takiej &#8222;nocy&#8221; , organizowanej przez Nadle\u015bnictwo Olsztyn. Pi\u0119kna impreza.. Najpierw wyk\u0142ad na polanie, p\u00f3\u017aniej wyprawa w las i s\u0142uchanie &#8222;sowich&#8221;odg\u0142os\u00f3w. By\u0142o ciemno, jak to w nocy, s\u00f3w nie widzieli\u015bmy, ale s\u0142yszeli\u015bmy.<\/p>\n<p>A teraz mo\u017cemy zobaczy\u0107 &#8230;&#8230;&#8230;..sow\u0119 na antenie telewizyjnej, kt\u00f3ra odpoczywa (?), a mo\u017ce wypatruje swoj\u0105 zdobycz w Bia\u0142owie\u017cy. Zdj\u0119cie, z pozdrowieniami dla cz\u0142onk\u00f3w naszego Ko\u0142a przys\u0142a\u0142 Miros\u0142aw Leszczy\u0144ski. Dzi\u0119kujemy!<a href=\"https:\/\/www.milosnicylasu.olsztyn.pl\/wp-content\/uploads\/2021\/02\/003-www.jpg\" data-rel=\"lightbox-image-1\" data-magnific_type=\"image\" data-rl_title=\"\" data-rl_caption=\"\" title=\"\"><img loading=\"lazy\" decoding=\"async\" class=\"size-medium wp-image-5961 alignright\" src=\"https:\/\/www.milosnicylasu.olsztyn.pl\/wp-content\/uploads\/2021\/02\/003-www-300x225.jpg\" alt=\"\" width=\"300\" height=\"225\" srcset=\"https:\/\/www.milosnicylasu.olsztyn.pl\/wp-content\/uploads\/2021\/02\/003-www-300x225.jpg 300w, https:\/\/www.milosnicylasu.olsztyn.pl\/wp-content\/uploads\/2021\/02\/003-www-768x576.jpg 768w, https:\/\/www.milosnicylasu.olsztyn.pl\/wp-content\/uploads\/2021\/02\/003-www.jpg 1024w\" sizes=\"auto, (max-width: 300px) 100vw, 300px\" \/> <\/a><\/p>\n<p>&nbsp;<\/p>\n<p>&nbsp;<\/p>\n","protected":false},"excerpt":{"rendered":"<p>Ka\u017cdego roku nadle\u015bnictwa w ca\u0142ym kraju organizuj\u0105 &#8222;Noc S\u00f3w&#8221;. Kilka lat temu uczestniczyli\u015bmy w takiej &#8222;nocy&#8221; , organizowanej przez Nadle\u015bnictwo Olsztyn. Pi\u0119kna impreza.. Najpierw wyk\u0142ad na polanie, p\u00f3\u017aniej wyprawa w las i s\u0142uchanie &#8222;sowich&#8221;odg\u0142os\u00f3w. By\u0142o ciemno, jak to w nocy, s\u00f3w nie widzieli\u015bmy, ale s\u0142yszeli\u015bmy. A teraz mo\u017cemy zobaczy\u0107 &#8230;&#8230;&#8230;..sow\u0119 na antenie telewizyjnej, kt\u00f3ra odpoczywa [&hellip;]<\/p>\n","protected":false},"author":2,"featured_media":0,"comment_status":"open","ping_status":"open","sticky":false,"template":"","format":"standard","meta":{"footnotes":""},"categories":[1,9,17],"tags":[],"class_list":["post-5960","post","type-post","status-publish","format-standard","hentry","category-bez-kategorii","category-ciekawostki","category-edukacja-w-terenie"],"_links":{"self":[{"href":"https:\/\/www.milosnicylasu.olsztyn.pl\/index.php?rest_route=\/wp\/v2\/posts\/5960","targetHints":{"allow":["GET"]}}],"collection":[{"href":"https:\/\/www.milosnicylasu.olsztyn.pl\/index.php?rest_route=\/wp\/v2\/posts"}],"about":[{"href":"https:\/\/www.milosnicylasu.olsztyn.pl\/index.php?rest_route=\/wp\/v2\/types\/post"}],"author":[{"embeddable":true,"href":"https:\/\/www.milosnicylasu.olsztyn.pl\/index.php?rest_route=\/wp\/v2\/users\/2"}],"replies":[{"embeddable":true,"href":"https:\/\/www.milosnicylasu.olsztyn.pl\/index.php?rest_route=%2Fwp%2Fv2%2Fcomments&post=5960"}],"version-history":[{"count":2,"href":"https:\/\/www.milosnicylasu.olsztyn.pl\/index.php?rest_route=\/wp\/v2\/posts\/5960\/revisions"}],"predecessor-version":[{"id":5966,"href":"https:\/\/www.milosnicylasu.olsztyn.pl\/index.php?rest_route=\/wp\/v2\/posts\/5960\/revisions\/5966"}],"wp:attachment":[{"href":"https:\/\/www.milosnicylasu.olsztyn.pl\/index.php?rest_route=%2Fwp%2Fv2%2Fmedia&parent=5960"}],"wp:term":[{"taxonomy":"category","embeddable":true,"href":"https:\/\/www.milosnicylasu.olsztyn.pl\/index.php?rest_route=%2Fwp%2Fv2%2Fcategories&post=5960"},{"taxonomy":"post_tag","embeddable":true,"href":"https:\/\/www.milosnicylasu.olsztyn.pl\/index.php?rest_route=%2Fwp%2Fv2%2Ftags&post=5960"}],"curies":[{"name":"wp","href":"https:\/\/api.w.org\/{rel}","templated":true}]}}