{"id":5964,"date":"2021-02-10T07:52:59","date_gmt":"2021-02-10T06:52:59","guid":{"rendered":"https:\/\/www.milosnicylasu.olsztyn.pl\/?p=5964"},"modified":"2021-02-10T07:52:59","modified_gmt":"2021-02-10T06:52:59","slug":"potrafimy-sie-bawic","status":"publish","type":"post","link":"https:\/\/www.milosnicylasu.olsztyn.pl\/?p=5964","title":{"rendered":"Potrafimy si\u0119 bawi\u0107"},"content":{"rendered":"<p>Ostatni rok nie by\u0142 weso\u0142y dla nikogo. Ci\u0105gle boimy si\u0119 o siebie, o swoich najbli\u017cszych i co b\u0119dzie dalej. Troch\u0119 smutno, wi\u0119c dla przypomnienia kilka zdj\u0119\u0107 z kt\u00f3rych wida\u0107 jacy jeste\u015bmy fajni, jakie mamy poczucie humoru, jak potrafimy si\u0119 bawi\u0107. My\u015bl\u0119, \u017ce zachowania dystansu do samych siebie mog\u0142oby pozazdro\u015bci\u0107 wielu smutas\u00f3w.<\/p>\n<p><strong> A na pocz\u0105tek \u017carcik\u00a0<a href=\"https:\/\/www.milosnicylasu.olsztyn.pl\/wp-content\/uploads\/2014\/01\/P1250022-www.jpg\" data-rel=\"lightbox-image-0\" data-magnific_type=\"image\" data-rl_title=\"\" data-rl_caption=\"\" title=\"\"><img loading=\"lazy\" decoding=\"async\" class=\"size-medium wp-image-880 alignleft\" src=\"https:\/\/www.milosnicylasu.olsztyn.pl\/wp-content\/uploads\/2014\/01\/P1250022-www-300x225.jpg\" alt=\"\" width=\"300\" height=\"225\" srcset=\"https:\/\/www.milosnicylasu.olsztyn.pl\/wp-content\/uploads\/2014\/01\/P1250022-www-300x225.jpg 300w, https:\/\/www.milosnicylasu.olsztyn.pl\/wp-content\/uploads\/2014\/01\/P1250022-www-400x300.jpg 400w, https:\/\/www.milosnicylasu.olsztyn.pl\/wp-content\/uploads\/2014\/01\/P1250022-www.jpg 1024w\" sizes=\"auto, (max-width: 300px) 100vw, 300px\" \/><\/a><\/strong><br \/>\nDziadek stwierdzi\u0142, \u017ce jego babcia s\u0142abo s\u0142yszy. Postanowi\u0142 p\u00f3j\u015b\u0107 do lekarza i zapyta\u0107, co z tym zrobi\u0107. Lekarz stwierdzi\u0142:<br \/>\n&#8211; Aby m\u00f3c co\u015b poradzi\u0107 musz\u0119 wiedzie\u0107 jak bardzo jest to zaawansowane. Niech pan to zbada. Prosz\u0119\u00a0 najpierw zada\u0107 pytanie z odleg\u0142o\u015bci 10 metr\u00f3w, jak nie us\u0142yszy to z 8, potem 6 itd. P\u00f3\u017aniej mi pan powie przy jakiej odleg\u0142o\u015bci pana us\u0142ysza\u0142a.<br \/>\nTak wi\u0119c wieczorem babcia w kuchni robi kolacj\u0119, a dziadek w pokoju czyta gazet\u0119 i my\u015bli sobie:<br \/>\n&#8211; W sumie tutaj jestem akurat ok. 10 metr\u00f3w od niej. Zobaczymy czy mnie us\u0142yszy.<br \/>\n&#8211; Kochanie! &#8211; wo\u0142a &#8211; Co jest dzi\u015b na kolacj\u0119?<br \/>\nBez odpowiedzi. Zmniejszy\u0142 dystans do 8 metr\u00f3w, wci\u0105\u017c \u017cadnej odpowiedzi. Zmniejsza do 6, 4, 2 m, a\u017c w ko\u0144cu podchodzi, staje tu\u017c obok niej i pyta:<br \/>\n&#8211; Kochanie, co dzi\u015b na kolacj\u0119?<br \/>\n&#8211; To\u017c sz\u00f3sty raz m\u00f3wi\u0119, \u017ce kurczak!<a href=\"https:\/\/www.milosnicylasu.olsztyn.pl\/wp-content\/uploads\/2019\/02\/DSCN2276-www.jpg\" data-rel=\"lightbox-image-1\" data-magnific_type=\"image\" data-rl_title=\"\" data-rl_caption=\"\" title=\"\"><img loading=\"lazy\" decoding=\"async\" class=\"size-medium wp-image-4514 alignright\" src=\"https:\/\/www.milosnicylasu.olsztyn.pl\/wp-content\/uploads\/2019\/02\/DSCN2276-www-300x225.jpg\" alt=\"\" width=\"300\" height=\"225\" srcset=\"https:\/\/www.milosnicylasu.olsztyn.pl\/wp-content\/uploads\/2019\/02\/DSCN2276-www-300x225.jpg 300w, https:\/\/www.milosnicylasu.olsztyn.pl\/wp-content\/uploads\/2019\/02\/DSCN2276-www-768x576.jpg 768w, https:\/\/www.milosnicylasu.olsztyn.pl\/wp-content\/uploads\/2019\/02\/DSCN2276-www.jpg 1024w, https:\/\/www.milosnicylasu.olsztyn.pl\/wp-content\/uploads\/2019\/02\/DSCN2276-www-400x300.jpg 400w\" sizes=\"auto, (max-width: 300px) 100vw, 300px\" \/><\/a><\/p>\n<p>&nbsp;<\/p>\n<p><a href=\"https:\/\/www.milosnicylasu.olsztyn.pl\/wp-content\/uploads\/2014\/01\/P1180046-www.jpg\" data-rel=\"lightbox-image-2\" data-magnific_type=\"image\" data-rl_title=\"\" data-rl_caption=\"\" title=\"\"><img loading=\"lazy\" decoding=\"async\" class=\"alignnone size-medium wp-image-872\" src=\"https:\/\/www.milosnicylasu.olsztyn.pl\/wp-content\/uploads\/2014\/01\/P1180046-www-300x225.jpg\" alt=\"\" width=\"300\" height=\"225\" srcset=\"https:\/\/www.milosnicylasu.olsztyn.pl\/wp-content\/uploads\/2014\/01\/P1180046-www-300x225.jpg 300w, https:\/\/www.milosnicylasu.olsztyn.pl\/wp-content\/uploads\/2014\/01\/P1180046-www-400x300.jpg 400w, https:\/\/www.milosnicylasu.olsztyn.pl\/wp-content\/uploads\/2014\/01\/P1180046-www.jpg 1024w\" sizes=\"auto, (max-width: 300px) 100vw, 300px\" \/><\/a><\/p>\n<p>&nbsp;<\/p>\n<p><a href=\"https:\/\/www.milosnicylasu.olsztyn.pl\/wp-content\/uploads\/2017\/02\/DSCN0127-www.jpg\" data-rel=\"lightbox-image-3\" data-magnific_type=\"image\" data-rl_title=\"\" data-rl_caption=\"\" title=\"\"><img loading=\"lazy\" decoding=\"async\" class=\"alignnone size-medium wp-image-3442\" src=\"https:\/\/www.milosnicylasu.olsztyn.pl\/wp-content\/uploads\/2017\/02\/DSCN0127-www-300x225.jpg\" alt=\"\" width=\"300\" height=\"225\" srcset=\"https:\/\/www.milosnicylasu.olsztyn.pl\/wp-content\/uploads\/2017\/02\/DSCN0127-www-300x225.jpg 300w, https:\/\/www.milosnicylasu.olsztyn.pl\/wp-content\/uploads\/2017\/02\/DSCN0127-www-768x576.jpg 768w, https:\/\/www.milosnicylasu.olsztyn.pl\/wp-content\/uploads\/2017\/02\/DSCN0127-www.jpg 1024w, https:\/\/www.milosnicylasu.olsztyn.pl\/wp-content\/uploads\/2017\/02\/DSCN0127-www-400x300.jpg 400w\" sizes=\"auto, (max-width: 300px) 100vw, 300px\" \/><\/a><\/p>\n<p>&nbsp;<\/p>\n<p><a href=\"https:\/\/www.milosnicylasu.olsztyn.pl\/wp-content\/uploads\/2016\/02\/DSCN5597-www.jpg\" data-rel=\"lightbox-image-4\" data-magnific_type=\"image\" data-rl_title=\"\" data-rl_caption=\"\" title=\"\"><img loading=\"lazy\" decoding=\"async\" class=\"size-medium wp-image-2553 alignright\" src=\"https:\/\/www.milosnicylasu.olsztyn.pl\/wp-content\/uploads\/2016\/02\/DSCN5597-www-300x225.jpg\" alt=\"\" width=\"300\" height=\"225\" srcset=\"https:\/\/www.milosnicylasu.olsztyn.pl\/wp-content\/uploads\/2016\/02\/DSCN5597-www-300x225.jpg 300w, https:\/\/www.milosnicylasu.olsztyn.pl\/wp-content\/uploads\/2016\/02\/DSCN5597-www-768x576.jpg 768w, https:\/\/www.milosnicylasu.olsztyn.pl\/wp-content\/uploads\/2016\/02\/DSCN5597-www.jpg 1024w, https:\/\/www.milosnicylasu.olsztyn.pl\/wp-content\/uploads\/2016\/02\/DSCN5597-www-400x300.jpg 400w\" sizes=\"auto, (max-width: 300px) 100vw, 300px\" \/><\/a><\/p>\n<p>&nbsp;<\/p>\n<p><a href=\"https:\/\/www.milosnicylasu.olsztyn.pl\/wp-content\/uploads\/2014\/01\/P1110035-www.jpg\" data-rel=\"lightbox-image-5\" data-magnific_type=\"image\" data-rl_title=\"\" data-rl_caption=\"\" title=\"\"><img loading=\"lazy\" decoding=\"async\" class=\"alignnone size-medium wp-image-851\" src=\"https:\/\/www.milosnicylasu.olsztyn.pl\/wp-content\/uploads\/2014\/01\/P1110035-www-300x225.jpg\" alt=\"\" width=\"300\" height=\"225\" srcset=\"https:\/\/www.milosnicylasu.olsztyn.pl\/wp-content\/uploads\/2014\/01\/P1110035-www-300x225.jpg 300w, https:\/\/www.milosnicylasu.olsztyn.pl\/wp-content\/uploads\/2014\/01\/P1110035-www-400x300.jpg 400w, https:\/\/www.milosnicylasu.olsztyn.pl\/wp-content\/uploads\/2014\/01\/P1110035-www.jpg 1024w\" sizes=\"auto, (max-width: 300px) 100vw, 300px\" \/><\/a><\/p>\n<p>&nbsp;<\/p>\n<p><a href=\"https:\/\/www.milosnicylasu.olsztyn.pl\/wp-content\/uploads\/2013\/12\/PC140375-www.jpg\" data-rel=\"lightbox-image-6\" data-magnific_type=\"image\" data-rl_title=\"\" data-rl_caption=\"\" title=\"\"><img loading=\"lazy\" decoding=\"async\" class=\"size-medium wp-image-785 alignright\" src=\"https:\/\/www.milosnicylasu.olsztyn.pl\/wp-content\/uploads\/2013\/12\/PC140375-www-300x225.jpg\" alt=\"\" width=\"300\" height=\"225\" srcset=\"https:\/\/www.milosnicylasu.olsztyn.pl\/wp-content\/uploads\/2013\/12\/PC140375-www-300x225.jpg 300w, https:\/\/www.milosnicylasu.olsztyn.pl\/wp-content\/uploads\/2013\/12\/PC140375-www-400x300.jpg 400w, https:\/\/www.milosnicylasu.olsztyn.pl\/wp-content\/uploads\/2013\/12\/PC140375-www.jpg 1024w\" sizes=\"auto, (max-width: 300px) 100vw, 300px\" \/><\/a><\/p>\n<p>&nbsp;<\/p>\n<p>&nbsp;<\/p>\n<p>&nbsp;<\/p>\n<p>&nbsp;<\/p>\n<p>&nbsp;<\/p>\n","protected":false},"excerpt":{"rendered":"<p>Ostatni rok nie by\u0142 weso\u0142y dla nikogo. Ci\u0105gle boimy si\u0119 o siebie, o swoich najbli\u017cszych i co b\u0119dzie dalej. Troch\u0119 smutno, wi\u0119c dla przypomnienia kilka zdj\u0119\u0107 z kt\u00f3rych wida\u0107 jacy jeste\u015bmy fajni, jakie mamy poczucie humoru, jak potrafimy si\u0119 bawi\u0107. My\u015bl\u0119, \u017ce zachowania dystansu do samych siebie mog\u0142oby pozazdro\u015bci\u0107 wielu smutas\u00f3w. A na pocz\u0105tek \u017carcik\u00a0 [&hellip;]<\/p>\n","protected":false},"author":2,"featured_media":0,"comment_status":"open","ping_status":"open","sticky":false,"template":"","format":"standard","meta":{"footnotes":""},"categories":[1,9,2,11,16],"tags":[],"class_list":["post-5964","post","type-post","status-publish","format-standard","hentry","category-bez-kategorii","category-ciekawostki","category-rajdy","category-spotkania-artystyczne","category-zarty"],"_links":{"self":[{"href":"https:\/\/www.milosnicylasu.olsztyn.pl\/index.php?rest_route=\/wp\/v2\/posts\/5964","targetHints":{"allow":["GET"]}}],"collection":[{"href":"https:\/\/www.milosnicylasu.olsztyn.pl\/index.php?rest_route=\/wp\/v2\/posts"}],"about":[{"href":"https:\/\/www.milosnicylasu.olsztyn.pl\/index.php?rest_route=\/wp\/v2\/types\/post"}],"author":[{"embeddable":true,"href":"https:\/\/www.milosnicylasu.olsztyn.pl\/index.php?rest_route=\/wp\/v2\/users\/2"}],"replies":[{"embeddable":true,"href":"https:\/\/www.milosnicylasu.olsztyn.pl\/index.php?rest_route=%2Fwp%2Fv2%2Fcomments&post=5964"}],"version-history":[{"count":1,"href":"https:\/\/www.milosnicylasu.olsztyn.pl\/index.php?rest_route=\/wp\/v2\/posts\/5964\/revisions"}],"predecessor-version":[{"id":5999,"href":"https:\/\/www.milosnicylasu.olsztyn.pl\/index.php?rest_route=\/wp\/v2\/posts\/5964\/revisions\/5999"}],"wp:attachment":[{"href":"https:\/\/www.milosnicylasu.olsztyn.pl\/index.php?rest_route=%2Fwp%2Fv2%2Fmedia&parent=5964"}],"wp:term":[{"taxonomy":"category","embeddable":true,"href":"https:\/\/www.milosnicylasu.olsztyn.pl\/index.php?rest_route=%2Fwp%2Fv2%2Fcategories&post=5964"},{"taxonomy":"post_tag","embeddable":true,"href":"https:\/\/www.milosnicylasu.olsztyn.pl\/index.php?rest_route=%2Fwp%2Fv2%2Ftags&post=5964"}],"curies":[{"name":"wp","href":"https:\/\/api.w.org\/{rel}","templated":true}]}}