{"id":5968,"date":"2021-02-09T07:08:01","date_gmt":"2021-02-09T06:08:01","guid":{"rendered":"https:\/\/www.milosnicylasu.olsztyn.pl\/?p=5968"},"modified":"2021-02-09T07:13:20","modified_gmt":"2021-02-09T06:13:20","slug":"troche-egzotyki-hipeastrum-zwartnica","status":"publish","type":"post","link":"https:\/\/www.milosnicylasu.olsztyn.pl\/?p=5968","title":{"rendered":"Troch\u0119 egzotyki. Hipeastrum &#8211; zwartnica."},"content":{"rendered":"<p><a href=\"https:\/\/www.milosnicylasu.olsztyn.pl\/wp-content\/uploads\/2021\/02\/DSCN6958-www.jpg\" data-rel=\"lightbox-image-0\" data-magnific_type=\"image\" data-rl_title=\"\" data-rl_caption=\"\" title=\"\"><img loading=\"lazy\" decoding=\"async\" class=\"size-medium wp-image-5972 alignleft\" src=\"https:\/\/www.milosnicylasu.olsztyn.pl\/wp-content\/uploads\/2021\/02\/DSCN6958-www-300x225.jpg\" alt=\"\" width=\"300\" height=\"225\" srcset=\"https:\/\/www.milosnicylasu.olsztyn.pl\/wp-content\/uploads\/2021\/02\/DSCN6958-www-300x225.jpg 300w, https:\/\/www.milosnicylasu.olsztyn.pl\/wp-content\/uploads\/2021\/02\/DSCN6958-www-768x576.jpg 768w, https:\/\/www.milosnicylasu.olsztyn.pl\/wp-content\/uploads\/2021\/02\/DSCN6958-www.jpg 1024w\" sizes=\"auto, (max-width: 300px) 100vw, 300px\" \/><\/a>Za oknem mr\u00f3z, \u015bnieg,\u00a0 zawierucha, ale w wielu domach kwitn\u0105 kwiaty, nieraz bardzo egzotyczne. U nas zakwit\u0142a <strong>zwartnica. <\/strong>By\u0142am przekonana, \u017ce to amarylis, ale si\u0119 myli\u0142am. A jakie s\u0105 r\u00f3\u017cnice?<\/p>\n<p>&#8211;<strong> hipeastrum<\/strong>\u00a0pochodzi z Ameryki Po\u0142udniowej, a <strong>amarylis<\/strong> z Afryki Po\u0142udniowej.<\/p>\n<p>&#8211; kwiaty\u00a0amarylisa\u00a0s\u0105 mniejsze, ale za to jest ich wi\u0119cej na p\u0119dzie kwiatostanowym (do 12). Kwiaty hipeastrum s\u0105 znacznie wi\u0119ksze, ale na p\u0119dzie kwiatostanowym jest ich nie wi\u0119cej ni\u017c 4-5.<\/p>\n<p>&#8211; \u0142odyga hipeastrum jest pusta w \u015brodku, natomiast u amarylisa \u2013 pe\u0142na.<\/p>\n<p>&#8211; Cebule\u00a0zwartnicy\u00a0s\u0105 zazwyczaj wi\u0119ksze, bardziej okr\u0105g\u0142e, pokryte najcz\u0119\u015bciej br\u0105zow\u0105 \u0142usk\u0105. Cebule amarylisa s\u0105 bardziej wyd\u0142u\u017cone, cz\u0119sto z\u0142\u0105czone pi\u0119tkami po dwie, okryte jasn\u0105 \u0142usk\u0105.<\/p>\n<p>&#8211; li\u015bcie\u00a0hipeastrum\u00a0s\u0105 bardziej mi\u0119siste, wyra\u017anie wida\u0107, \u017ce wyrastaj\u0105 bezpo\u015brednio z cebuli. Li\u015bcie amarylisa s\u0105 cie\u0144sze i d\u0142u\u017csze, obejmuj\u0105c si\u0119 nasadami tworz\u0105 jakby \u0142odyg\u0119.<\/p>\n<p>&#8211; po posadzeniu do pod\u0142o\u017ca z cebuli hipeastrum najpierw wyrasta p\u0119d kwiatostanowy, a potem li\u015bcie. Z cebuli amarylisa na pocz\u0105tku wyrastaj\u0105 li\u015bcie, a dopiero po d\u0142u\u017cszym czasie kwiatostan.<\/p>\n<p>Te cebule, kt\u00f3re zazwyczaj kupujemy zim\u0105 i ciesz\u0105 nas swoimi kwiatami to zazwyczaj <strong>hipeastrum \/polska nazwa zwartnica<\/strong>\/. Wykszta\u0142ca kwiaty o imponuj\u0105cej wielko\u015bci \u2013 osi\u0105gaj\u0105ce nawet 20 cm \u015brednicy. Ich barwy s\u0105 bardzo zr\u00f3\u017cnicowane: od czystej bieli, poprzez r\u00f3\u017cowy i czerwony do ciemnego bordo z domieszkami zieleni. G\u0142\u00f3wn\u0105 por\u0105 sadzenia cebul hipeastrum jest okres od pa\u017adziernika do kwietnia. Mo\u017cna je sadzi\u0107 w doniczce o przekroju tylko nieznacznie wi\u0119kszym od przekroju cebuli, nale\u017cy jednak zwr\u00f3ci\u0107 uwag\u0119 na to, by nie dotyka\u0142a \u015bcianek doniczki i by jej oko\u0142o 1\/3 wystawa\u0142a z doniczki.<\/p>\n<p><a href=\"https:\/\/www.milosnicylasu.olsztyn.pl\/wp-content\/uploads\/2021\/02\/DSCN6973-www.jpg\" data-rel=\"lightbox-image-1\" data-magnific_type=\"image\" data-rl_title=\"\" data-rl_caption=\"\" title=\"\"><img loading=\"lazy\" decoding=\"async\" class=\"size-medium wp-image-5970 alignright\" src=\"https:\/\/www.milosnicylasu.olsztyn.pl\/wp-content\/uploads\/2021\/02\/DSCN6973-www-300x225.jpg\" alt=\"\" width=\"300\" height=\"225\" srcset=\"https:\/\/www.milosnicylasu.olsztyn.pl\/wp-content\/uploads\/2021\/02\/DSCN6973-www-300x225.jpg 300w, https:\/\/www.milosnicylasu.olsztyn.pl\/wp-content\/uploads\/2021\/02\/DSCN6973-www-768x576.jpg 768w, https:\/\/www.milosnicylasu.olsztyn.pl\/wp-content\/uploads\/2021\/02\/DSCN6973-www.jpg 1024w\" sizes=\"auto, (max-width: 300px) 100vw, 300px\" \/><\/a>Pocz\u0105tkowo ro\u015blin\u0119 nale\u017cy podlewa\u0107 oszcz\u0119dnie, nie cz\u0119\u015bciej ni\u017c raz na 4 dni. Intensywno\u015b\u0107 nawadniania trzeba zwi\u0119ksza\u0107 wraz ze wzrostem ro\u015bliny. W okresie wykszta\u0142cania kwiat\u00f3w wskazane jest r\u00f3wnie\u017c nawo\u017cenie i dobre nas\u0142onecznienie. Temperatura w pomieszczeniu podczas kwitnienia nie powinna jednak przekracza\u0107 18\u00b0C. Przekwit\u0142e kwiaty systematycznie nale\u017cy usuwa\u0107, aby ro\u015blina nie zu\u017cywa\u0142a niepotrzebnie energii na wytwarzanie nasion. Ze wzgl\u0119du na okres spoczynku, kt\u00f3rego ro\u015blina potrzebuje do prawid\u0142owego rozwoju przestajemy podlewa\u0107 dwa miesi\u0105ce po kwitnieniu. Gdy li\u015bcie z\u017c\u00f3\u0142kn\u0105 i zaschn\u0105 nale\u017cy doniczk\u0119 z cebul\u0105 przenie\u015b\u0107 do ch\u0142odnego, suchego i ciemnego miejsca, na okres minimum 8-10 tygodni. Potem b\u0119dzie ju\u017c \u0142atwo sterowa\u0107 terminem kwitnienia \u2013 na 6 do 8 tygodni przed planowanym kwitnieniem nale\u017cy ro\u015blin\u0119 przesadzi\u0107 do \u015bwie\u017cej ziemi i przenie\u015b\u0107 z powrotem do jasnego i ciep\u0142ego pomieszczenia.<\/p>\n<p>&#8230;..Troch\u0119 du\u017co informacji, ale pomy\u015bla\u0142am, \u017ce mo\u017ce nam\u00f3wi\u0119 do zaproszenia\u00a0 tego pi\u0119knego, egzotycznego kwiatu do Waszych dom\u00f3w. Zapewniam, \u017ce daje du\u017co rado\u015bci obserwowanie jak ka\u017cdego dnia rozwija si\u0119, pi\u0119knieje.<\/p>\n<p>A mo\u017ce te\u017c macie takie kwitn\u0105ce teraz cuda u siebie w domu?, przesy\u0142ajcie zdj\u0119cia, postaram si\u0119 umie\u015bci\u0107 zdj\u0119cia na stronie Ko\u0142a Mi\u0142o\u015bnik\u00f3w Lasu i Militari\u00f3w LOK w Olsztynie.<\/p>\n<p>zdj\u0119cia Anatol Leszczy\u0144ski<\/p>\n<p>&nbsp;<\/p>\n","protected":false},"excerpt":{"rendered":"<p>Za oknem mr\u00f3z, \u015bnieg,\u00a0 zawierucha, ale w wielu domach kwitn\u0105 kwiaty, nieraz bardzo egzotyczne. U nas zakwit\u0142a zwartnica. By\u0142am przekonana, \u017ce to amarylis, ale si\u0119 myli\u0142am. A jakie s\u0105 r\u00f3\u017cnice? &#8211; hipeastrum\u00a0pochodzi z Ameryki Po\u0142udniowej, a amarylis z Afryki Po\u0142udniowej. &#8211; kwiaty\u00a0amarylisa\u00a0s\u0105 mniejsze, ale za to jest ich wi\u0119cej na p\u0119dzie kwiatostanowym (do 12). Kwiaty [&hellip;]<\/p>\n","protected":false},"author":2,"featured_media":0,"comment_status":"open","ping_status":"open","sticky":false,"template":"","format":"standard","meta":{"footnotes":""},"categories":[1,9],"tags":[],"class_list":["post-5968","post","type-post","status-publish","format-standard","hentry","category-bez-kategorii","category-ciekawostki"],"_links":{"self":[{"href":"https:\/\/www.milosnicylasu.olsztyn.pl\/index.php?rest_route=\/wp\/v2\/posts\/5968","targetHints":{"allow":["GET"]}}],"collection":[{"href":"https:\/\/www.milosnicylasu.olsztyn.pl\/index.php?rest_route=\/wp\/v2\/posts"}],"about":[{"href":"https:\/\/www.milosnicylasu.olsztyn.pl\/index.php?rest_route=\/wp\/v2\/types\/post"}],"author":[{"embeddable":true,"href":"https:\/\/www.milosnicylasu.olsztyn.pl\/index.php?rest_route=\/wp\/v2\/users\/2"}],"replies":[{"embeddable":true,"href":"https:\/\/www.milosnicylasu.olsztyn.pl\/index.php?rest_route=%2Fwp%2Fv2%2Fcomments&post=5968"}],"version-history":[{"count":4,"href":"https:\/\/www.milosnicylasu.olsztyn.pl\/index.php?rest_route=\/wp\/v2\/posts\/5968\/revisions"}],"predecessor-version":[{"id":5976,"href":"https:\/\/www.milosnicylasu.olsztyn.pl\/index.php?rest_route=\/wp\/v2\/posts\/5968\/revisions\/5976"}],"wp:attachment":[{"href":"https:\/\/www.milosnicylasu.olsztyn.pl\/index.php?rest_route=%2Fwp%2Fv2%2Fmedia&parent=5968"}],"wp:term":[{"taxonomy":"category","embeddable":true,"href":"https:\/\/www.milosnicylasu.olsztyn.pl\/index.php?rest_route=%2Fwp%2Fv2%2Fcategories&post=5968"},{"taxonomy":"post_tag","embeddable":true,"href":"https:\/\/www.milosnicylasu.olsztyn.pl\/index.php?rest_route=%2Fwp%2Fv2%2Ftags&post=5968"}],"curies":[{"name":"wp","href":"https:\/\/api.w.org\/{rel}","templated":true}]}}