{"id":5977,"date":"2021-02-09T07:33:49","date_gmt":"2021-02-09T06:33:49","guid":{"rendered":"https:\/\/www.milosnicylasu.olsztyn.pl\/?p=5977"},"modified":"2021-02-09T07:58:24","modified_gmt":"2021-02-09T06:58:24","slug":"troche-egzotyki-fuksja-zwana-tez-ulanka","status":"publish","type":"post","link":"https:\/\/www.milosnicylasu.olsztyn.pl\/?p=5977","title":{"rendered":"Troch\u0119 egzotyki &#8211; fuksja zwana te\u017c u\u0142ank\u0105"},"content":{"rendered":"<p><a href=\"https:\/\/www.milosnicylasu.olsztyn.pl\/wp-content\/uploads\/2021\/02\/DSCN6875-www.jpg\" data-rel=\"lightbox-image-0\" data-magnific_type=\"image\" data-rl_title=\"\" data-rl_caption=\"\" title=\"\"><img loading=\"lazy\" decoding=\"async\" class=\"size-medium wp-image-5978 alignleft\" src=\"https:\/\/www.milosnicylasu.olsztyn.pl\/wp-content\/uploads\/2021\/02\/DSCN6875-www-300x225.jpg\" alt=\"\" width=\"300\" height=\"225\" srcset=\"https:\/\/www.milosnicylasu.olsztyn.pl\/wp-content\/uploads\/2021\/02\/DSCN6875-www-300x225.jpg 300w, https:\/\/www.milosnicylasu.olsztyn.pl\/wp-content\/uploads\/2021\/02\/DSCN6875-www-768x576.jpg 768w, https:\/\/www.milosnicylasu.olsztyn.pl\/wp-content\/uploads\/2021\/02\/DSCN6875-www.jpg 1024w\" sizes=\"auto, (max-width: 300px) 100vw, 300px\" \/><\/a>Inn\u0105 ro\u015blin\u0105 egzotyczn\u0105 kwitn\u0105c\u0105 w naszym domu, w\u0142a\u015bciwie od pocz\u0105tku stycznia, jest fuksja \/u\u0142anka\/.\u00a0 Fuksje pochodz\u0105 z Ameryki \u015arodkowej i Po\u0142udniowej oraz Nowej Zelandii. W stanie naturalnym zapylane s\u0105 przez <strong>kolibry<\/strong>. Uprawiane obecnie odmiany to wielokrotne krzy\u017c\u00f3wki, wynik prac wielu pokole\u0144 ogrodnik\u00f3w, niekt\u00f3re odmiany s\u0105 bardzo stare.<br \/>\nNazwa ro\u015bliny pochodzi od nazwiska niemieckiego botanika <strong>Leonharta Fuchsa<\/strong>.<\/p>\n<p>Nasza zimowa u\u0142anka nie kwitnie tak obficie jak latem na balkonie, ale kwiaty ma r\u00f3wnie pi\u0119kne.<\/p>\n<p><a href=\"https:\/\/www.milosnicylasu.olsztyn.pl\/wp-content\/uploads\/2021\/02\/P8060405-www.jpg\" data-rel=\"lightbox-image-1\" data-magnific_type=\"image\" data-rl_title=\"\" data-rl_caption=\"\" title=\"\"><img loading=\"lazy\" decoding=\"async\" class=\"size-medium wp-image-5982 alignright\" src=\"https:\/\/www.milosnicylasu.olsztyn.pl\/wp-content\/uploads\/2021\/02\/P8060405-www-300x225.jpg\" alt=\"\" width=\"300\" height=\"225\" srcset=\"https:\/\/www.milosnicylasu.olsztyn.pl\/wp-content\/uploads\/2021\/02\/P8060405-www-300x225.jpg 300w, https:\/\/www.milosnicylasu.olsztyn.pl\/wp-content\/uploads\/2021\/02\/P8060405-www-768x576.jpg 768w, https:\/\/www.milosnicylasu.olsztyn.pl\/wp-content\/uploads\/2021\/02\/P8060405-www.jpg 1024w\" sizes=\"auto, (max-width: 300px) 100vw, 300px\" \/><\/a><\/p>\n<p>Jeszcze jeden szczeg\u00f3\u0142 &#8211;\u00a0 poniewa\u017c nie ma u nas kolibr\u00f3w, balkonowa u\u0142anka\u00a0 musi zaprzyja\u017ani\u0107 si\u0119 z\u00a0 owadami, kt\u00f3re j\u0105 zapylaj\u0105. Oczywi\u015bcie to latem.<\/p>\n<p><a href=\"https:\/\/www.milosnicylasu.olsztyn.pl\/wp-content\/uploads\/2020\/07\/DSCN5846-www.jpg\" data-rel=\"lightbox-image-2\" data-magnific_type=\"image\" data-rl_title=\"\" data-rl_caption=\"\" title=\"\"><img loading=\"lazy\" decoding=\"async\" class=\"size-medium wp-image-5603 alignleft\" src=\"https:\/\/www.milosnicylasu.olsztyn.pl\/wp-content\/uploads\/2020\/07\/DSCN5846-www-300x169.jpg\" alt=\"\" width=\"300\" height=\"169\" srcset=\"https:\/\/www.milosnicylasu.olsztyn.pl\/wp-content\/uploads\/2020\/07\/DSCN5846-www-300x169.jpg 300w, https:\/\/www.milosnicylasu.olsztyn.pl\/wp-content\/uploads\/2020\/07\/DSCN5846-www-768x432.jpg 768w, https:\/\/www.milosnicylasu.olsztyn.pl\/wp-content\/uploads\/2020\/07\/DSCN5846-www-730x410.jpg 730w, https:\/\/www.milosnicylasu.olsztyn.pl\/wp-content\/uploads\/2020\/07\/DSCN5846-www.jpg 1024w\" sizes=\"auto, (max-width: 300px) 100vw, 300px\" \/><\/a><\/p>\n<p>&nbsp;<\/p>\n<p>&nbsp;<\/p>\n<p><a href=\"https:\/\/www.milosnicylasu.olsztyn.pl\/wp-content\/uploads\/2021\/02\/P8060408-www.jpg\" data-rel=\"lightbox-image-3\" data-magnific_type=\"image\" data-rl_title=\"\" data-rl_caption=\"\" title=\"\"><img loading=\"lazy\" decoding=\"async\" class=\"size-medium wp-image-5983 alignright\" src=\"https:\/\/www.milosnicylasu.olsztyn.pl\/wp-content\/uploads\/2021\/02\/P8060408-www-300x225.jpg\" alt=\"\" width=\"300\" height=\"225\" srcset=\"https:\/\/www.milosnicylasu.olsztyn.pl\/wp-content\/uploads\/2021\/02\/P8060408-www-300x225.jpg 300w, https:\/\/www.milosnicylasu.olsztyn.pl\/wp-content\/uploads\/2021\/02\/P8060408-www-768x576.jpg 768w, https:\/\/www.milosnicylasu.olsztyn.pl\/wp-content\/uploads\/2021\/02\/P8060408-www.jpg 1024w\" sizes=\"auto, (max-width: 300px) 100vw, 300px\" \/><\/a><\/p>\n<p>&nbsp;<\/p>\n<p>Czarne,\u00a0 dojrza\u0142e owoce fuksji s\u0105 jadalne. Maj\u0105 s\u0142odko-pikantny smak.<\/p>\n<p>&nbsp;<\/p>\n<p>&nbsp;<\/p>\n<p>&nbsp;<\/p>\n<p>Zdj\u0119cia Anatol Leszczy\u0144ski<\/p>\n","protected":false},"excerpt":{"rendered":"<p>Inn\u0105 ro\u015blin\u0105 egzotyczn\u0105 kwitn\u0105c\u0105 w naszym domu, w\u0142a\u015bciwie od pocz\u0105tku stycznia, jest fuksja \/u\u0142anka\/.\u00a0 Fuksje pochodz\u0105 z Ameryki \u015arodkowej i Po\u0142udniowej oraz Nowej Zelandii. W stanie naturalnym zapylane s\u0105 przez kolibry. Uprawiane obecnie odmiany to wielokrotne krzy\u017c\u00f3wki, wynik prac wielu pokole\u0144 ogrodnik\u00f3w, niekt\u00f3re odmiany s\u0105 bardzo stare. Nazwa ro\u015bliny pochodzi od nazwiska niemieckiego botanika Leonharta [&hellip;]<\/p>\n","protected":false},"author":2,"featured_media":0,"comment_status":"open","ping_status":"open","sticky":false,"template":"","format":"standard","meta":{"footnotes":""},"categories":[1,9,17],"tags":[],"class_list":["post-5977","post","type-post","status-publish","format-standard","hentry","category-bez-kategorii","category-ciekawostki","category-edukacja-w-terenie"],"_links":{"self":[{"href":"https:\/\/www.milosnicylasu.olsztyn.pl\/index.php?rest_route=\/wp\/v2\/posts\/5977","targetHints":{"allow":["GET"]}}],"collection":[{"href":"https:\/\/www.milosnicylasu.olsztyn.pl\/index.php?rest_route=\/wp\/v2\/posts"}],"about":[{"href":"https:\/\/www.milosnicylasu.olsztyn.pl\/index.php?rest_route=\/wp\/v2\/types\/post"}],"author":[{"embeddable":true,"href":"https:\/\/www.milosnicylasu.olsztyn.pl\/index.php?rest_route=\/wp\/v2\/users\/2"}],"replies":[{"embeddable":true,"href":"https:\/\/www.milosnicylasu.olsztyn.pl\/index.php?rest_route=%2Fwp%2Fv2%2Fcomments&post=5977"}],"version-history":[{"count":10,"href":"https:\/\/www.milosnicylasu.olsztyn.pl\/index.php?rest_route=\/wp\/v2\/posts\/5977\/revisions"}],"predecessor-version":[{"id":5990,"href":"https:\/\/www.milosnicylasu.olsztyn.pl\/index.php?rest_route=\/wp\/v2\/posts\/5977\/revisions\/5990"}],"wp:attachment":[{"href":"https:\/\/www.milosnicylasu.olsztyn.pl\/index.php?rest_route=%2Fwp%2Fv2%2Fmedia&parent=5977"}],"wp:term":[{"taxonomy":"category","embeddable":true,"href":"https:\/\/www.milosnicylasu.olsztyn.pl\/index.php?rest_route=%2Fwp%2Fv2%2Fcategories&post=5977"},{"taxonomy":"post_tag","embeddable":true,"href":"https:\/\/www.milosnicylasu.olsztyn.pl\/index.php?rest_route=%2Fwp%2Fv2%2Ftags&post=5977"}],"curies":[{"name":"wp","href":"https:\/\/api.w.org\/{rel}","templated":true}]}}