{"id":600,"date":"2013-10-07T11:55:46","date_gmt":"2013-10-07T09:55:46","guid":{"rendered":"http:\/\/www.milosnicylasu.olsztyn.pl\/?p=600"},"modified":"2013-10-07T12:03:18","modified_gmt":"2013-10-07T10:03:18","slug":"sobotni-rajd","status":"publish","type":"post","link":"https:\/\/www.milosnicylasu.olsztyn.pl\/?p=600","title":{"rendered":"Sobotni rajd"},"content":{"rendered":"<p>&nbsp;<\/p>\n<p>Pierwszy, po przewie wakacyjnej, rajd odby\u0142 si\u0119 w sobot\u0119 5 pa\u017adziernika 2013r.<\/p>\n<p>W \u00a0pi\u0119knej, s\u0142onecznej, jesiennej scenerii \u00a0przeszli\u015bmy lasem do jeziora Kielarskiego. Na polance obchodzili\u015bmy Dzie\u0144 Drzewa i Mi\u0119dzynarodowy Dzie\u0144 FSC- FSC Friday. Obchodzony jest ka\u017cdego roku, w ostatni \u00a0pi\u0105tek wrze\u015bnia. \u00a0Celem tej inicjatywy jest podkre\u015blenie znaczenia las\u00f3w na \u015bwiecie oraz roli odpowiedzialnego gospodarowania zasobami le\u015bnymi.<\/p>\n<p>\u201cFSC Friday to okazja, by wszyscy dowiedzieli si\u0119 jak wielk\u0105 warto\u015bci\u0105 s\u0105 lasy i jak, na r\u00f3\u017cne sposoby, mo\u017cna si\u0119 o nie troszczy\u0107. To tak\u017ce szansa, by przybli\u017cy\u0107 ide\u0119 certyfikacji oraz pokaza\u0107 w jaki spos\u00f3b pomaga chroni\u0107 cenne obszary. \u201c \u2013 m\u00f3wi Kim Carstensen, Dyrektor Generalny FSC.<a href=\"http:\/\/www.milosnicylasu.olsztyn.pl\/wp-content\/uploads\/2013\/10\/PA050035.jpg\" data-rel=\"lightbox-image-0\" data-magnific_type=\"image\" data-rl_title=\"\" data-rl_caption=\"\" title=\"\"><img loading=\"lazy\" decoding=\"async\" class=\"alignleft size-medium wp-image-601\" alt=\"PA050035\" src=\"http:\/\/www.milosnicylasu.olsztyn.pl\/wp-content\/uploads\/2013\/10\/PA050035-300x225.jpg\" width=\"300\" height=\"225\" srcset=\"https:\/\/www.milosnicylasu.olsztyn.pl\/wp-content\/uploads\/2013\/10\/PA050035-300x225.jpg 300w, https:\/\/www.milosnicylasu.olsztyn.pl\/wp-content\/uploads\/2013\/10\/PA050035-1024x768.jpg 1024w, https:\/\/www.milosnicylasu.olsztyn.pl\/wp-content\/uploads\/2013\/10\/PA050035-400x300.jpg 400w, https:\/\/www.milosnicylasu.olsztyn.pl\/wp-content\/uploads\/2013\/10\/PA050035.jpg 1280w\" sizes=\"auto, (max-width: 300px) 100vw, 300px\" \/><\/a><\/p>\n<p><a href=\"http:\/\/www.fscfriday.org\/\">\u00a0\u00a0\u00a0\u00a0\u00a0\u00a0\u00a0\u00a0\u00a0\u00a0\u00a0\u00a0\u00a0\u00a0\u00a0\u00a0\u00a0\u00a0\u00a0\u00a0\u00a0\u00a0 <\/a><\/p>\n<p>W ognisku, wcze\u015bniej przygotowanym przez Zosi\u0119 i W\u0142odka Siemianowskich, \u00a0piekli\u015bmy kie\u0142baski, wys\u0142uchali\u015bmy wierszy Benka \u00a0Kuckiego i Rysi Wiejek.<\/p>\n<p>&nbsp;<\/p>\n<p><a href=\"http:\/\/www.milosnicylasu.olsztyn.pl\/wp-content\/uploads\/2013\/10\/PA050044.jpg\" data-rel=\"lightbox-image-1\" data-magnific_type=\"image\" data-rl_title=\"\" data-rl_caption=\"\" title=\"\"><img loading=\"lazy\" decoding=\"async\" class=\"size-medium wp-image-602 alignright\" alt=\"PA050044\" src=\"http:\/\/www.milosnicylasu.olsztyn.pl\/wp-content\/uploads\/2013\/10\/PA050044-300x225.jpg\" width=\"300\" height=\"225\" srcset=\"https:\/\/www.milosnicylasu.olsztyn.pl\/wp-content\/uploads\/2013\/10\/PA050044-300x225.jpg 300w, https:\/\/www.milosnicylasu.olsztyn.pl\/wp-content\/uploads\/2013\/10\/PA050044-1024x768.jpg 1024w, https:\/\/www.milosnicylasu.olsztyn.pl\/wp-content\/uploads\/2013\/10\/PA050044-400x300.jpg 400w, https:\/\/www.milosnicylasu.olsztyn.pl\/wp-content\/uploads\/2013\/10\/PA050044.jpg 1280w\" sizes=\"auto, (max-width: 300px) 100vw, 300px\" \/><\/a><\/p>\n<p>Podziwiali\u015bmy, postawion\u0105<\/p>\n<p>przez le\u015bnik\u00f3w\u00a0now\u0105 wie\u017c\u0119 widokow\u0105.<\/p>\n","protected":false},"excerpt":{"rendered":"<p>&nbsp; Pierwszy, po przewie wakacyjnej, rajd odby\u0142 si\u0119 w sobot\u0119 5 pa\u017adziernika 2013r. W \u00a0pi\u0119knej, s\u0142onecznej, jesiennej scenerii \u00a0przeszli\u015bmy lasem do jeziora Kielarskiego. Na polance obchodzili\u015bmy Dzie\u0144 Drzewa i Mi\u0119dzynarodowy Dzie\u0144 FSC- FSC Friday. Obchodzony jest ka\u017cdego roku, w ostatni \u00a0pi\u0105tek wrze\u015bnia. \u00a0Celem tej inicjatywy jest podkre\u015blenie znaczenia las\u00f3w na \u015bwiecie oraz roli odpowiedzialnego gospodarowania [&hellip;]<\/p>\n","protected":false},"author":1,"featured_media":0,"comment_status":"open","ping_status":"open","sticky":false,"template":"","format":"standard","meta":{"footnotes":""},"categories":[1,10,2,5],"tags":[],"class_list":["post-600","post","type-post","status-publish","format-standard","hentry","category-bez-kategorii","category-llesny-kompleks-promocyjny-lasy-olsztynskie","category-rajdy","category-wycieczki"],"_links":{"self":[{"href":"https:\/\/www.milosnicylasu.olsztyn.pl\/index.php?rest_route=\/wp\/v2\/posts\/600","targetHints":{"allow":["GET"]}}],"collection":[{"href":"https:\/\/www.milosnicylasu.olsztyn.pl\/index.php?rest_route=\/wp\/v2\/posts"}],"about":[{"href":"https:\/\/www.milosnicylasu.olsztyn.pl\/index.php?rest_route=\/wp\/v2\/types\/post"}],"author":[{"embeddable":true,"href":"https:\/\/www.milosnicylasu.olsztyn.pl\/index.php?rest_route=\/wp\/v2\/users\/1"}],"replies":[{"embeddable":true,"href":"https:\/\/www.milosnicylasu.olsztyn.pl\/index.php?rest_route=%2Fwp%2Fv2%2Fcomments&post=600"}],"version-history":[{"count":5,"href":"https:\/\/www.milosnicylasu.olsztyn.pl\/index.php?rest_route=\/wp\/v2\/posts\/600\/revisions"}],"predecessor-version":[{"id":604,"href":"https:\/\/www.milosnicylasu.olsztyn.pl\/index.php?rest_route=\/wp\/v2\/posts\/600\/revisions\/604"}],"wp:attachment":[{"href":"https:\/\/www.milosnicylasu.olsztyn.pl\/index.php?rest_route=%2Fwp%2Fv2%2Fmedia&parent=600"}],"wp:term":[{"taxonomy":"category","embeddable":true,"href":"https:\/\/www.milosnicylasu.olsztyn.pl\/index.php?rest_route=%2Fwp%2Fv2%2Fcategories&post=600"},{"taxonomy":"post_tag","embeddable":true,"href":"https:\/\/www.milosnicylasu.olsztyn.pl\/index.php?rest_route=%2Fwp%2Fv2%2Ftags&post=600"}],"curies":[{"name":"wp","href":"https:\/\/api.w.org\/{rel}","templated":true}]}}