{"id":6000,"date":"2021-02-12T08:09:07","date_gmt":"2021-02-12T07:09:07","guid":{"rendered":"https:\/\/www.milosnicylasu.olsztyn.pl\/?p=6000"},"modified":"2021-02-12T08:14:44","modified_gmt":"2021-02-12T07:14:44","slug":"wspomnien-czar-kulig","status":"publish","type":"post","link":"https:\/\/www.milosnicylasu.olsztyn.pl\/?p=6000","title":{"rendered":"Wspomnie\u0144 czar&#8230;&#8230;kulig"},"content":{"rendered":"<p>Dawno, dawno temu&#8230;&#8230;.., a mo\u017ce nie tak znowu dawno, ka\u017cdego roku\u00a0 w lutym Rysia i Micha\u0142 K\u0142\u0119bukowscy\u00a0 organizowali kulig. Nie zawsze by\u0142 \u015bnieg ale zawsze by\u0142a fajna imprezka. W tym roku \u015bniegu dostatek, ale&#8230; wiadomo\u00a0 &#8222;zakazany owoc&#8221;. Zamkn\u0119li nas w domu, dla naszego dobra, ale jako\u015b tak smutno. Dobrze, \u017ce mamy kom\u00f3rki, internet&#8230;&#8230;ale to przecie\u017c nie to samo. Mamy nadziej\u0119, \u017ce wszyscy si\u0119 zaszczepimy i bezpiecznie zn\u00f3w p\u00f3jdziemy do lasu, pojedziemy na wycieczk\u0119, postrzelamy i&#8230;..zn\u00f3w pojedziemy saniami w las. Mimo wielkiego optymizmu, trudno mi przewidywa\u0107, \u017ce b\u0119dzie to mo\u017cliwe jeszcze w tym roku. Chyba, \u017ceby w grudniu spad\u0142 \u015bnieg? &#8230;&#8230;To jest mo\u017cliwe, przecie\u017c og\u0142aszali ocieplenie klimatu, \u017ce ju\u017c takiej prawdziwej zimy ju\u017c nie b\u0119dzie, a tu od dw\u00f3ch tygodni sypie \u015bniegiem, w oczy pr\u00f3szy &#8230;&#8230;.mr\u00f3z -14,5 stopnia&#8230;.<\/p>\n<p>A tak dla przypomnienia wierszyk Danusi Bobrzeckiej<\/p>\n<p><strong>\u00a0\u00a0\u00a0 <a href=\"https:\/\/www.milosnicylasu.olsztyn.pl\/wp-content\/uploads\/2016\/02\/DSCN5558-www-1.jpg\" data-rel=\"lightbox-image-0\" data-magnific_type=\"image\" data-rl_title=\"\" data-rl_caption=\"\" title=\"\"><img loading=\"lazy\" decoding=\"async\" class=\"size-medium wp-image-2550 alignleft\" src=\"https:\/\/www.milosnicylasu.olsztyn.pl\/wp-content\/uploads\/2016\/02\/DSCN5558-www-1-300x225.jpg\" alt=\"\" width=\"300\" height=\"225\" srcset=\"https:\/\/www.milosnicylasu.olsztyn.pl\/wp-content\/uploads\/2016\/02\/DSCN5558-www-1-300x225.jpg 300w, https:\/\/www.milosnicylasu.olsztyn.pl\/wp-content\/uploads\/2016\/02\/DSCN5558-www-1-768x576.jpg 768w, https:\/\/www.milosnicylasu.olsztyn.pl\/wp-content\/uploads\/2016\/02\/DSCN5558-www-1.jpg 1024w, https:\/\/www.milosnicylasu.olsztyn.pl\/wp-content\/uploads\/2016\/02\/DSCN5558-www-1-400x300.jpg 400w\" sizes=\"auto, (max-width: 300px) 100vw, 300px\" \/><\/a> Kulig akademik\u00f3w<\/strong><\/p>\n<p>Dzwoni\u0105 dzwonki i janczary,<\/p>\n<p>Jad\u0105 konie we dwie pary.<\/p>\n<p>Kog\u00f3\u017c wioz\u0105- to le\u015bnicy,<\/p>\n<p>Ko\u0142a las\u00f3w mi\u0142o\u015bnicy!<\/p>\n<p>Cieplutko si\u0119 ubierali,<\/p>\n<p>Grube buty naci\u0105gali<\/p>\n<p>I ju\u017c sanie w lekkim biegu<\/p>\n<p>Mkn\u0105 przez las po bia\u0142ym \u015bniegu!<\/p>\n<p>Ju\u017c w Marengo, przy ognisku,<\/p>\n<p><a href=\"https:\/\/www.milosnicylasu.olsztyn.pl\/wp-content\/uploads\/2016\/02\/DSCN5569-www.jpg\" data-rel=\"lightbox-image-1\" data-magnific_type=\"image\" data-rl_title=\"\" data-rl_caption=\"\" title=\"\"><img loading=\"lazy\" decoding=\"async\" class=\"size-medium wp-image-2551 alignright\" src=\"https:\/\/www.milosnicylasu.olsztyn.pl\/wp-content\/uploads\/2016\/02\/DSCN5569-www-300x225.jpg\" alt=\"\" width=\"300\" height=\"225\" srcset=\"https:\/\/www.milosnicylasu.olsztyn.pl\/wp-content\/uploads\/2016\/02\/DSCN5569-www-300x225.jpg 300w, https:\/\/www.milosnicylasu.olsztyn.pl\/wp-content\/uploads\/2016\/02\/DSCN5569-www-768x576.jpg 768w, https:\/\/www.milosnicylasu.olsztyn.pl\/wp-content\/uploads\/2016\/02\/DSCN5569-www.jpg 1024w, https:\/\/www.milosnicylasu.olsztyn.pl\/wp-content\/uploads\/2016\/02\/DSCN5569-www-400x300.jpg 400w\" sizes=\"auto, (max-width: 300px) 100vw, 300px\" \/><\/a>S\u0105 kie\u0142baski na patyku,<\/p>\n<p>A na pi\u0119trze przy kominku<\/p>\n<p>Mo\u017cna si\u0119 ogrza\u0107 drobink\u0119.<\/p>\n<p>Zaraz z kuchni wynosz\u0105<\/p>\n<p>Pierogi, pachn\u0105ce rozkosz\u0105<\/p>\n<p>Dla podniebienia ka\u017cdego,<\/p>\n<p>Po kuligu zg\u0142odnia\u0142ego!<\/p>\n<p>Tyle by\u0142o tu dla cia\u0142a,<\/p>\n<p><a href=\"https:\/\/www.milosnicylasu.olsztyn.pl\/wp-content\/uploads\/2015\/01\/DSCN5582.jpg\" data-rel=\"lightbox-image-2\" data-magnific_type=\"image\" data-rl_title=\"\" data-rl_caption=\"\" title=\"\"><img loading=\"lazy\" decoding=\"async\" class=\"size-medium wp-image-2563 alignleft\" src=\"https:\/\/www.milosnicylasu.olsztyn.pl\/wp-content\/uploads\/2015\/01\/DSCN5582-300x225.jpg\" alt=\"\" width=\"300\" height=\"225\" srcset=\"https:\/\/www.milosnicylasu.olsztyn.pl\/wp-content\/uploads\/2015\/01\/DSCN5582-300x225.jpg 300w, https:\/\/www.milosnicylasu.olsztyn.pl\/wp-content\/uploads\/2015\/01\/DSCN5582-768x576.jpg 768w, https:\/\/www.milosnicylasu.olsztyn.pl\/wp-content\/uploads\/2015\/01\/DSCN5582-1024x768.jpg 1024w, https:\/\/www.milosnicylasu.olsztyn.pl\/wp-content\/uploads\/2015\/01\/DSCN5582-400x300.jpg 400w\" sizes=\"auto, (max-width: 300px) 100vw, 300px\" \/><\/a>Dla ducha-rzecz niebywa\u0142a,<\/p>\n<p>Ka\u017cdy wr\u00f3\u017cby swe losowa\u0142,<\/p>\n<p>Potem czyta\u0142, kontemplowa\u0142.<\/p>\n<p>W sw\u00f3j kubeczek te\u017c zagl\u0105da\u0142,<\/p>\n<p>Zodiakowych prognoz si\u0119ga\u0142,<\/p>\n<p>Gromkim \u015bmiechom winni byli<\/p>\n<p>R,M.K\u0142\u0119bukowscy-<\/p>\n<p>Co zabaw\u0119 wymy\u015blili!<a href=\"https:\/\/www.milosnicylasu.olsztyn.pl\/wp-content\/uploads\/2016\/02\/DSCN5595-www.jpg\" data-rel=\"lightbox-image-3\" data-magnific_type=\"image\" data-rl_title=\"\" data-rl_caption=\"\" title=\"\"><img loading=\"lazy\" decoding=\"async\" class=\"size-medium wp-image-2552 alignright\" src=\"https:\/\/www.milosnicylasu.olsztyn.pl\/wp-content\/uploads\/2016\/02\/DSCN5595-www-300x225.jpg\" alt=\"\" width=\"300\" height=\"225\" srcset=\"https:\/\/www.milosnicylasu.olsztyn.pl\/wp-content\/uploads\/2016\/02\/DSCN5595-www-300x225.jpg 300w, https:\/\/www.milosnicylasu.olsztyn.pl\/wp-content\/uploads\/2016\/02\/DSCN5595-www-768x576.jpg 768w, https:\/\/www.milosnicylasu.olsztyn.pl\/wp-content\/uploads\/2016\/02\/DSCN5595-www.jpg 1024w, https:\/\/www.milosnicylasu.olsztyn.pl\/wp-content\/uploads\/2016\/02\/DSCN5595-www-400x300.jpg 400w\" sizes=\"auto, (max-width: 300px) 100vw, 300px\" \/><\/a><\/p>\n<p>&nbsp;<\/p>\n","protected":false},"excerpt":{"rendered":"<p>Dawno, dawno temu&#8230;&#8230;.., a mo\u017ce nie tak znowu dawno, ka\u017cdego roku\u00a0 w lutym Rysia i Micha\u0142 K\u0142\u0119bukowscy\u00a0 organizowali kulig. Nie zawsze by\u0142 \u015bnieg ale zawsze by\u0142a fajna imprezka. W tym roku \u015bniegu dostatek, ale&#8230; wiadomo\u00a0 &#8222;zakazany owoc&#8221;. Zamkn\u0119li nas w domu, dla naszego dobra, ale jako\u015b tak smutno. Dobrze, \u017ce mamy kom\u00f3rki, internet&#8230;&#8230;ale to przecie\u017c [&hellip;]<\/p>\n","protected":false},"author":2,"featured_media":0,"comment_status":"open","ping_status":"open","sticky":false,"template":"","format":"standard","meta":{"footnotes":""},"categories":[1,9,17,15,7,14],"tags":[],"class_list":["post-6000","post","type-post","status-publish","format-standard","hentry","category-bez-kategorii","category-ciekawostki","category-edukacja-w-terenie","category-komkurs","category-wiersze","category-zabawy"],"_links":{"self":[{"href":"https:\/\/www.milosnicylasu.olsztyn.pl\/index.php?rest_route=\/wp\/v2\/posts\/6000","targetHints":{"allow":["GET"]}}],"collection":[{"href":"https:\/\/www.milosnicylasu.olsztyn.pl\/index.php?rest_route=\/wp\/v2\/posts"}],"about":[{"href":"https:\/\/www.milosnicylasu.olsztyn.pl\/index.php?rest_route=\/wp\/v2\/types\/post"}],"author":[{"embeddable":true,"href":"https:\/\/www.milosnicylasu.olsztyn.pl\/index.php?rest_route=\/wp\/v2\/users\/2"}],"replies":[{"embeddable":true,"href":"https:\/\/www.milosnicylasu.olsztyn.pl\/index.php?rest_route=%2Fwp%2Fv2%2Fcomments&post=6000"}],"version-history":[{"count":3,"href":"https:\/\/www.milosnicylasu.olsztyn.pl\/index.php?rest_route=\/wp\/v2\/posts\/6000\/revisions"}],"predecessor-version":[{"id":6003,"href":"https:\/\/www.milosnicylasu.olsztyn.pl\/index.php?rest_route=\/wp\/v2\/posts\/6000\/revisions\/6003"}],"wp:attachment":[{"href":"https:\/\/www.milosnicylasu.olsztyn.pl\/index.php?rest_route=%2Fwp%2Fv2%2Fmedia&parent=6000"}],"wp:term":[{"taxonomy":"category","embeddable":true,"href":"https:\/\/www.milosnicylasu.olsztyn.pl\/index.php?rest_route=%2Fwp%2Fv2%2Fcategories&post=6000"},{"taxonomy":"post_tag","embeddable":true,"href":"https:\/\/www.milosnicylasu.olsztyn.pl\/index.php?rest_route=%2Fwp%2Fv2%2Ftags&post=6000"}],"curies":[{"name":"wp","href":"https:\/\/api.w.org\/{rel}","templated":true}]}}