{"id":6004,"date":"2021-02-13T16:09:27","date_gmt":"2021-02-13T15:09:27","guid":{"rendered":"https:\/\/www.milosnicylasu.olsztyn.pl\/?p=6004"},"modified":"2021-02-14T17:57:42","modified_gmt":"2021-02-14T16:57:42","slug":"las-zima","status":"publish","type":"post","link":"https:\/\/www.milosnicylasu.olsztyn.pl\/?p=6004","title":{"rendered":"\u00a0 Las zim\u0105\u00a0\u00a0\u00a0&#8230;&#8230;\u00a0\u00a0\u00a0\u00a0\u00a0\u00a0"},"content":{"rendered":"<p>Wiele,\u00a0 a mo\u017ce nie tak wiele lat temu,\u00a0 mieli\u015bmy ogromn\u0105 przyjemno\u015b\u0107 spotkania si\u0119\u00a0 najpierw w lesie &#8211; w Nadle\u015bnictwie Nidzica, p\u00f3\u017aniej w Regionalnej Dyrekcji las\u00f3w Pa\u0144stwowych w Olsztynie, z <strong>Panem W\u0142adys\u0142awem Dzi\u0119ga\u0142\u0105<\/strong> &#8211; le\u015bnikiem, kt\u00f3rego wiersze nas urzek\u0142y. W tomiku wierszy &#8222;\u015awiat w moich oczach&#8221;, kt\u00f3ry to tomik zosta\u0142 wydany dzi\u0119ki m.in RDLP w Olsztynie mogli\u015bmy przeczyta\u0107:<\/p>\n<p><em> &#8221; Wiersze pokazuj\u0105 przyrod\u0119 widzian\u0105 oczami le\u015bnika romantyka, traktuj\u0105cego las jako pi\u0119kny i kruchy dar przyrody, dla kt\u00f3rego warto \u017cy\u0107 i pracowa\u0107 aby zachowa\u0107 go dla nas i dla naszych zast\u0119pc\u00f3w.&#8221; <\/em><\/p>\n<p><a href=\"https:\/\/www.milosnicylasu.olsztyn.pl\/wp-content\/uploads\/2019\/01\/DSCN2220-www.jpg\" data-rel=\"lightbox-image-0\" data-magnific_type=\"image\" data-rl_title=\"\" data-rl_caption=\"\" title=\"\"><img loading=\"lazy\" decoding=\"async\" class=\"size-medium wp-image-4482 alignleft\" src=\"https:\/\/www.milosnicylasu.olsztyn.pl\/wp-content\/uploads\/2019\/01\/DSCN2220-www-300x225.jpg\" alt=\"\" width=\"300\" height=\"225\" srcset=\"https:\/\/www.milosnicylasu.olsztyn.pl\/wp-content\/uploads\/2019\/01\/DSCN2220-www-300x225.jpg 300w, https:\/\/www.milosnicylasu.olsztyn.pl\/wp-content\/uploads\/2019\/01\/DSCN2220-www-768x576.jpg 768w, https:\/\/www.milosnicylasu.olsztyn.pl\/wp-content\/uploads\/2019\/01\/DSCN2220-www.jpg 1024w, https:\/\/www.milosnicylasu.olsztyn.pl\/wp-content\/uploads\/2019\/01\/DSCN2220-www-400x300.jpg 400w\" sizes=\"auto, (max-width: 300px) 100vw, 300px\" \/><\/a>\u00a0 <strong>Las zim\u0105\u00a0\u00a0\u00a0\u00a0\u00a0\u00a0\u00a0\u00a0\u00a0\u00a0\u00a0\u00a0\u00a0\u00a0\u00a0\u00a0<\/strong><\/p>\n<p>Zasn\u0105\u0142 las bezlistny,<\/p>\n<p>Wewn\u0105trz i na brzegu,<\/p>\n<p>Na tapczanie runa,<\/p>\n<p>Pod pierzyn\u0105 \u015bniegu.<\/p>\n<p>Chrapie brzoza stara,<\/p>\n<p>Sosna szyszki mru\u017cy,<\/p>\n<p>D\u0105b przewietrza dziuple,<\/p>\n<p>Jakby fajk\u0119 kurzy\u0142.<\/p>\n<p>Szad\u017a zmieni\u0142a kniej\u0119<\/p>\n<p><a href=\"https:\/\/www.milosnicylasu.olsztyn.pl\/wp-content\/uploads\/2017\/01\/DSCN0057-www.jpg\" data-rel=\"lightbox-image-1\" data-magnific_type=\"image\" data-rl_title=\"\" data-rl_caption=\"\" title=\"\"><img loading=\"lazy\" decoding=\"async\" class=\"size-medium wp-image-3401 alignleft\" src=\"https:\/\/www.milosnicylasu.olsztyn.pl\/wp-content\/uploads\/2017\/01\/DSCN0057-www-300x225.jpg\" alt=\"\" width=\"300\" height=\"225\" srcset=\"https:\/\/www.milosnicylasu.olsztyn.pl\/wp-content\/uploads\/2017\/01\/DSCN0057-www-300x225.jpg 300w, https:\/\/www.milosnicylasu.olsztyn.pl\/wp-content\/uploads\/2017\/01\/DSCN0057-www-768x576.jpg 768w, https:\/\/www.milosnicylasu.olsztyn.pl\/wp-content\/uploads\/2017\/01\/DSCN0057-www.jpg 1024w, https:\/\/www.milosnicylasu.olsztyn.pl\/wp-content\/uploads\/2017\/01\/DSCN0057-www-400x300.jpg 400w\" sizes=\"auto, (max-width: 300px) 100vw, 300px\" \/><\/a>W las zaczarowany.<\/p>\n<p>Wzi\u0119ty prosto z bajki,<\/p>\n<p>B\u0142yszcz\u0105cy i szklany.<\/p>\n<p>Wiatr usypa\u0142 zaspy,<\/p>\n<p>Mr\u00f3z zap\u0119dy studzi,<\/p>\n<p>Po to, aby puszczy<\/p>\n<p>Ze snu nikt nie zbudzi\u0142.<\/p>\n<p><strong> Niestety, ju\u017c nie spotkamy Pana W\u0142adys\u0142awa . Zmar\u0142 18 lutego 2019 roku.<\/strong><\/p>\n<p>&nbsp;<\/p>\n","protected":false},"excerpt":{"rendered":"<p>Wiele,\u00a0 a mo\u017ce nie tak wiele lat temu,\u00a0 mieli\u015bmy ogromn\u0105 przyjemno\u015b\u0107 spotkania si\u0119\u00a0 najpierw w lesie &#8211; w Nadle\u015bnictwie Nidzica, p\u00f3\u017aniej w Regionalnej Dyrekcji las\u00f3w Pa\u0144stwowych w Olsztynie, z Panem W\u0142adys\u0142awem Dzi\u0119ga\u0142\u0105 &#8211; le\u015bnikiem, kt\u00f3rego wiersze nas urzek\u0142y. W tomiku wierszy &#8222;\u015awiat w moich oczach&#8221;, kt\u00f3ry to tomik zosta\u0142 wydany dzi\u0119ki m.in RDLP w Olsztynie [&hellip;]<\/p>\n","protected":false},"author":2,"featured_media":0,"comment_status":"open","ping_status":"open","sticky":false,"template":"","format":"standard","meta":{"footnotes":""},"categories":[1,9,17],"tags":[],"class_list":["post-6004","post","type-post","status-publish","format-standard","hentry","category-bez-kategorii","category-ciekawostki","category-edukacja-w-terenie"],"_links":{"self":[{"href":"https:\/\/www.milosnicylasu.olsztyn.pl\/index.php?rest_route=\/wp\/v2\/posts\/6004","targetHints":{"allow":["GET"]}}],"collection":[{"href":"https:\/\/www.milosnicylasu.olsztyn.pl\/index.php?rest_route=\/wp\/v2\/posts"}],"about":[{"href":"https:\/\/www.milosnicylasu.olsztyn.pl\/index.php?rest_route=\/wp\/v2\/types\/post"}],"author":[{"embeddable":true,"href":"https:\/\/www.milosnicylasu.olsztyn.pl\/index.php?rest_route=\/wp\/v2\/users\/2"}],"replies":[{"embeddable":true,"href":"https:\/\/www.milosnicylasu.olsztyn.pl\/index.php?rest_route=%2Fwp%2Fv2%2Fcomments&post=6004"}],"version-history":[{"count":4,"href":"https:\/\/www.milosnicylasu.olsztyn.pl\/index.php?rest_route=\/wp\/v2\/posts\/6004\/revisions"}],"predecessor-version":[{"id":6019,"href":"https:\/\/www.milosnicylasu.olsztyn.pl\/index.php?rest_route=\/wp\/v2\/posts\/6004\/revisions\/6019"}],"wp:attachment":[{"href":"https:\/\/www.milosnicylasu.olsztyn.pl\/index.php?rest_route=%2Fwp%2Fv2%2Fmedia&parent=6004"}],"wp:term":[{"taxonomy":"category","embeddable":true,"href":"https:\/\/www.milosnicylasu.olsztyn.pl\/index.php?rest_route=%2Fwp%2Fv2%2Fcategories&post=6004"},{"taxonomy":"post_tag","embeddable":true,"href":"https:\/\/www.milosnicylasu.olsztyn.pl\/index.php?rest_route=%2Fwp%2Fv2%2Ftags&post=6004"}],"curies":[{"name":"wp","href":"https:\/\/api.w.org\/{rel}","templated":true}]}}