{"id":6021,"date":"2021-02-16T05:29:11","date_gmt":"2021-02-16T04:29:11","guid":{"rendered":"https:\/\/www.milosnicylasu.olsztyn.pl\/?p=6021"},"modified":"2021-02-16T05:29:11","modified_gmt":"2021-02-16T04:29:11","slug":"wladca-torfowisk","status":"publish","type":"post","link":"https:\/\/www.milosnicylasu.olsztyn.pl\/?p=6021","title":{"rendered":"W\u0142adca torfowisk"},"content":{"rendered":"<p><strong> \u0141o\u015b\u00a0\u00a0\u00a0\u00a0\u00a0\u00a0\u00a0\u00a0\u00a0\u00a0\u00a0\u00a0\u00a0\u00a0\u00a0\u00a0 Wiersz napisa\u0142 W\u0142adys\u0142aw Dzi\u0119ga\u0142a<\/strong><\/p>\n<p>&nbsp;<\/p>\n<p><a href=\"https:\/\/www.milosnicylasu.olsztyn.pl\/wp-content\/uploads\/2021\/02\/lutu2021-6-www.jpg\" data-rel=\"lightbox-image-0\" data-magnific_type=\"image\" data-rl_title=\"\" data-rl_caption=\"\" title=\"\"><img loading=\"lazy\" decoding=\"async\" class=\"size-medium wp-image-5992 alignleft\" src=\"https:\/\/www.milosnicylasu.olsztyn.pl\/wp-content\/uploads\/2021\/02\/lutu2021-6-www-300x225.jpg\" alt=\"\" width=\"300\" height=\"225\" srcset=\"https:\/\/www.milosnicylasu.olsztyn.pl\/wp-content\/uploads\/2021\/02\/lutu2021-6-www-300x225.jpg 300w, https:\/\/www.milosnicylasu.olsztyn.pl\/wp-content\/uploads\/2021\/02\/lutu2021-6-www-768x576.jpg 768w, https:\/\/www.milosnicylasu.olsztyn.pl\/wp-content\/uploads\/2021\/02\/lutu2021-6-www.jpg 1024w\" sizes=\"auto, (max-width: 300px) 100vw, 300px\" \/><\/a><\/p>\n<p>&nbsp;<\/p>\n<p>\u0141o\u015b \u0142opaty nosi,<\/p>\n<p>Nie zawsze jak cz\u0142owiek,<\/p>\n<p>Nie trzyma\u00a0 ich w r\u0119ku,<\/p>\n<p>Lecz d\u017awiga na g\u0142owie.<\/p>\n<p>I cho\u0107 z niego pi\u0119kni\u015b<\/p>\n<p>Bywa prawie \u017caden,<\/p>\n<p>Jest w\u0142adc\u0105 torfowisk,<\/p>\n<p>Bagien i mokrade\u0142.<\/p>\n<p>&nbsp;<\/p>\n<p>Zna najdziksze miejsca,<\/p>\n<p>St\u0105pa bardzo cicho.<\/p>\n<p>Wie jako jedyny,<\/p>\n<p>Gdzie \u015bpi Le\u015bne Licho.<\/p>\n<p>A to dzi\u0119ki temu,<\/p>\n<p>Ze ma stopy takie,<\/p>\n<p>Ze bym je por\u00f3wna\u0142<\/p>\n<p>Jedynie z kajakiem.<\/p>\n<p>&nbsp;<\/p>\n<p>Lubi mr\u00f3z i zim\u0119,<\/p>\n<p>Puchowe kobierce.<\/p>\n<p>Natomiast mokrad\u0142a<\/p>\n<p>Kocha ca\u0142ym sercem,<\/p>\n<p>\u015api na go\u0142ej ziemi,<\/p>\n<p>Na trawie, pod krzakiem.<\/p>\n<p>I jest po\u015br\u00f3d zwierz\u0105t<\/p>\n<p>Najwi\u0119kszym dziwakiem.<\/p>\n","protected":false},"excerpt":{"rendered":"<p>\u0141o\u015b\u00a0\u00a0\u00a0\u00a0\u00a0\u00a0\u00a0\u00a0\u00a0\u00a0\u00a0\u00a0\u00a0\u00a0\u00a0\u00a0 Wiersz napisa\u0142 W\u0142adys\u0142aw Dzi\u0119ga\u0142a &nbsp; &nbsp; \u0141o\u015b \u0142opaty nosi, Nie zawsze jak cz\u0142owiek, Nie trzyma\u00a0 ich w r\u0119ku, Lecz d\u017awiga na g\u0142owie. I cho\u0107 z niego pi\u0119kni\u015b Bywa prawie \u017caden, Jest w\u0142adc\u0105 torfowisk, Bagien i mokrade\u0142. &nbsp; Zna najdziksze miejsca, St\u0105pa bardzo cicho. Wie jako jedyny, Gdzie \u015bpi Le\u015bne Licho. A to dzi\u0119ki temu, [&hellip;]<\/p>\n","protected":false},"author":2,"featured_media":0,"comment_status":"open","ping_status":"open","sticky":false,"template":"","format":"standard","meta":{"footnotes":""},"categories":[1,9,17],"tags":[],"class_list":["post-6021","post","type-post","status-publish","format-standard","hentry","category-bez-kategorii","category-ciekawostki","category-edukacja-w-terenie"],"_links":{"self":[{"href":"https:\/\/www.milosnicylasu.olsztyn.pl\/index.php?rest_route=\/wp\/v2\/posts\/6021","targetHints":{"allow":["GET"]}}],"collection":[{"href":"https:\/\/www.milosnicylasu.olsztyn.pl\/index.php?rest_route=\/wp\/v2\/posts"}],"about":[{"href":"https:\/\/www.milosnicylasu.olsztyn.pl\/index.php?rest_route=\/wp\/v2\/types\/post"}],"author":[{"embeddable":true,"href":"https:\/\/www.milosnicylasu.olsztyn.pl\/index.php?rest_route=\/wp\/v2\/users\/2"}],"replies":[{"embeddable":true,"href":"https:\/\/www.milosnicylasu.olsztyn.pl\/index.php?rest_route=%2Fwp%2Fv2%2Fcomments&post=6021"}],"version-history":[{"count":1,"href":"https:\/\/www.milosnicylasu.olsztyn.pl\/index.php?rest_route=\/wp\/v2\/posts\/6021\/revisions"}],"predecessor-version":[{"id":6022,"href":"https:\/\/www.milosnicylasu.olsztyn.pl\/index.php?rest_route=\/wp\/v2\/posts\/6021\/revisions\/6022"}],"wp:attachment":[{"href":"https:\/\/www.milosnicylasu.olsztyn.pl\/index.php?rest_route=%2Fwp%2Fv2%2Fmedia&parent=6021"}],"wp:term":[{"taxonomy":"category","embeddable":true,"href":"https:\/\/www.milosnicylasu.olsztyn.pl\/index.php?rest_route=%2Fwp%2Fv2%2Fcategories&post=6021"},{"taxonomy":"post_tag","embeddable":true,"href":"https:\/\/www.milosnicylasu.olsztyn.pl\/index.php?rest_route=%2Fwp%2Fv2%2Ftags&post=6021"}],"curies":[{"name":"wp","href":"https:\/\/api.w.org\/{rel}","templated":true}]}}