{"id":6023,"date":"2021-02-16T06:00:32","date_gmt":"2021-02-16T05:00:32","guid":{"rendered":"https:\/\/www.milosnicylasu.olsztyn.pl\/?p=6023"},"modified":"2021-02-16T06:00:32","modified_gmt":"2021-02-16T05:00:32","slug":"dziekuje","status":"publish","type":"post","link":"https:\/\/www.milosnicylasu.olsztyn.pl\/?p=6023","title":{"rendered":"Dzi\u0119kuj\u0119"},"content":{"rendered":"<p><strong><em>&#8222;teraz chc\u0119 podzi\u0119kowa\u0107 ci<\/em><\/strong><br \/>\n<strong><em>za ka\u017cdy wsp\u00f3lny dzie\u0144<\/em><\/strong><br \/>\n<strong><em>za milion pi\u0119knych chwil<\/em><\/strong><br \/>\n<strong><em>teraz chc\u0119 podzi\u0119kowa\u0107 ci<\/em><\/strong><br \/>\n<strong><em>ja p\u00f3jd\u0119 zawsze tam<\/em><\/strong><br \/>\n<strong><em>gdzie b\u0119dziesz dla mnie ty&#8221;<\/em><\/strong><\/p>\n<p><a href=\"https:\/\/www.milosnicylasu.olsztyn.pl\/wp-content\/uploads\/2018\/09\/P8280188-www.jpg\" data-rel=\"lightbox-image-0\" data-magnific_type=\"image\" data-rl_title=\"\" data-rl_caption=\"\" title=\"\"><img loading=\"lazy\" decoding=\"async\" class=\"size-medium wp-image-4252\" src=\"https:\/\/www.milosnicylasu.olsztyn.pl\/wp-content\/uploads\/2018\/09\/P8280188-www-300x225.jpg\" alt=\"\" width=\"300\" height=\"225\" srcset=\"https:\/\/www.milosnicylasu.olsztyn.pl\/wp-content\/uploads\/2018\/09\/P8280188-www-300x225.jpg 300w, https:\/\/www.milosnicylasu.olsztyn.pl\/wp-content\/uploads\/2018\/09\/P8280188-www-768x576.jpg 768w, https:\/\/www.milosnicylasu.olsztyn.pl\/wp-content\/uploads\/2018\/09\/P8280188-www.jpg 1024w, https:\/\/www.milosnicylasu.olsztyn.pl\/wp-content\/uploads\/2018\/09\/P8280188-www-400x300.jpg 400w\" sizes=\"auto, (max-width: 300px) 100vw, 300px\" \/><\/a><\/p>\n<p>&nbsp;<\/p>\n<p>To fragment pi\u0119knej piosenki. Nie wszystko musicie przyj\u0105\u0107 na powa\u017cnie. Mo\u017ce\u00a0 nie zawsze p\u00f3jd\u0119&#8230;&#8230;., ale do lasu , na wycieczk\u0119, czy na wyk\u0142ad&#8230;. oj bardzo ch\u0119tnie.\u00a0 I bardzo mi tego brakuje. Tych spotka\u0144. Mam nadziej\u0119, \u017ce wa\u017cn\u0105 namiastk\u0105 kontakt\u00f3w jest nasza strona internetowa. Dzi\u0119kuj\u0119, \u017ce wchodzicie, czytacie, p\u00f3\u017aniej dzwonicie i wiele os\u00f3b zamieszcza komentarze. To potwierdzenie, \u017ce to co robi\u0119 ma sens. A wi\u0119c dzisiaj chc\u0119 podzi\u0119kowa\u0107 za <strong>&#8222;ka\u017cdy wsp\u00f3lny dzie\u0144&#8221;. <\/strong>Dzi\u0119kuj\u0119 te\u017c za przes\u0142ane ciekawe zdj\u0119cia, kt\u00f3re s\u0105 wa\u017cn\u0105 ilustracj\u0105 wpis\u00f3w. Oczywi\u015bcie najwi\u0119cej jest zdj\u0119\u0107 Prezesa, kt\u00f3ry fotografuje, fotografuje &#8230; a p\u00f3\u017aniej bardzo mnie mobilizuje aby opisa\u0107 &#8230; I to tak si\u0119 kr\u0119ci.<\/p>\n<p><strong>A WI\u0118C DZI\u0118KUJ\u0118 I DO ZOBACZENIA\u00a0 &#8211;\u00a0 MO\u017bE WRESZCIE W REALU<\/strong><\/p>\n","protected":false},"excerpt":{"rendered":"<p>&#8222;teraz chc\u0119 podzi\u0119kowa\u0107 ci za ka\u017cdy wsp\u00f3lny dzie\u0144 za milion pi\u0119knych chwil teraz chc\u0119 podzi\u0119kowa\u0107 ci ja p\u00f3jd\u0119 zawsze tam gdzie b\u0119dziesz dla mnie ty&#8221; &nbsp; To fragment pi\u0119knej piosenki. Nie wszystko musicie przyj\u0105\u0107 na powa\u017cnie. Mo\u017ce\u00a0 nie zawsze p\u00f3jd\u0119&#8230;&#8230;., ale do lasu , na wycieczk\u0119, czy na wyk\u0142ad&#8230;. oj bardzo ch\u0119tnie.\u00a0 I bardzo mi [&hellip;]<\/p>\n","protected":false},"author":2,"featured_media":0,"comment_status":"open","ping_status":"open","sticky":false,"template":"","format":"standard","meta":{"footnotes":""},"categories":[1,9,7],"tags":[],"class_list":["post-6023","post","type-post","status-publish","format-standard","hentry","category-bez-kategorii","category-ciekawostki","category-wiersze"],"_links":{"self":[{"href":"https:\/\/www.milosnicylasu.olsztyn.pl\/index.php?rest_route=\/wp\/v2\/posts\/6023","targetHints":{"allow":["GET"]}}],"collection":[{"href":"https:\/\/www.milosnicylasu.olsztyn.pl\/index.php?rest_route=\/wp\/v2\/posts"}],"about":[{"href":"https:\/\/www.milosnicylasu.olsztyn.pl\/index.php?rest_route=\/wp\/v2\/types\/post"}],"author":[{"embeddable":true,"href":"https:\/\/www.milosnicylasu.olsztyn.pl\/index.php?rest_route=\/wp\/v2\/users\/2"}],"replies":[{"embeddable":true,"href":"https:\/\/www.milosnicylasu.olsztyn.pl\/index.php?rest_route=%2Fwp%2Fv2%2Fcomments&post=6023"}],"version-history":[{"count":1,"href":"https:\/\/www.milosnicylasu.olsztyn.pl\/index.php?rest_route=\/wp\/v2\/posts\/6023\/revisions"}],"predecessor-version":[{"id":6024,"href":"https:\/\/www.milosnicylasu.olsztyn.pl\/index.php?rest_route=\/wp\/v2\/posts\/6023\/revisions\/6024"}],"wp:attachment":[{"href":"https:\/\/www.milosnicylasu.olsztyn.pl\/index.php?rest_route=%2Fwp%2Fv2%2Fmedia&parent=6023"}],"wp:term":[{"taxonomy":"category","embeddable":true,"href":"https:\/\/www.milosnicylasu.olsztyn.pl\/index.php?rest_route=%2Fwp%2Fv2%2Fcategories&post=6023"},{"taxonomy":"post_tag","embeddable":true,"href":"https:\/\/www.milosnicylasu.olsztyn.pl\/index.php?rest_route=%2Fwp%2Fv2%2Ftags&post=6023"}],"curies":[{"name":"wp","href":"https:\/\/api.w.org\/{rel}","templated":true}]}}