{"id":6026,"date":"2021-02-19T07:01:00","date_gmt":"2021-02-19T06:01:00","guid":{"rendered":"https:\/\/www.milosnicylasu.olsztyn.pl\/?p=6026"},"modified":"2021-02-19T07:10:33","modified_gmt":"2021-02-19T06:10:33","slug":"idzie-wiosna","status":"publish","type":"post","link":"https:\/\/www.milosnicylasu.olsztyn.pl\/?p=6026","title":{"rendered":"Idzie wiosna?"},"content":{"rendered":"<p><a href=\"https:\/\/www.milosnicylasu.olsztyn.pl\/wp-content\/uploads\/2021\/02\/P2130030-www.jpg\" data-rel=\"lightbox-image-0\" data-magnific_type=\"image\" data-rl_title=\"\" data-rl_caption=\"\" title=\"\"><img loading=\"lazy\" decoding=\"async\" class=\"size-medium wp-image-6027 alignleft\" src=\"https:\/\/www.milosnicylasu.olsztyn.pl\/wp-content\/uploads\/2021\/02\/P2130030-www-300x225.jpg\" alt=\"\" width=\"300\" height=\"225\" srcset=\"https:\/\/www.milosnicylasu.olsztyn.pl\/wp-content\/uploads\/2021\/02\/P2130030-www-300x225.jpg 300w, https:\/\/www.milosnicylasu.olsztyn.pl\/wp-content\/uploads\/2021\/02\/P2130030-www-768x576.jpg 768w, https:\/\/www.milosnicylasu.olsztyn.pl\/wp-content\/uploads\/2021\/02\/P2130030-www.jpg 1024w\" sizes=\"auto, (max-width: 300px) 100vw, 300px\" \/><\/a><\/p>\n<p>Nie ka\u017cdego roku zamarza nasza olszty\u0144ska rzeka Wad\u0105g. \u00a0 W tym roku d\u0142ugo si\u0119 opiera\u0142a, ale jak wida\u0107 w ko\u0144cu pokry\u0142 j\u0105 l\u00f3d na tyle gruby, \u017ce swobodnie chadzaj\u0105 jakie\u015b zwierz\u0105tka. \u015alad\u00f3w du\u017co, mo\u017ce rozpoznacie ?<\/p>\n<p><a href=\"https:\/\/www.milosnicylasu.olsztyn.pl\/wp-content\/uploads\/2021\/02\/P2130024-www.jpg\" data-rel=\"lightbox-image-1\" data-magnific_type=\"image\" data-rl_title=\"\" data-rl_caption=\"\" title=\"\"><img loading=\"lazy\" decoding=\"async\" class=\"size-medium wp-image-6028 alignright\" src=\"https:\/\/www.milosnicylasu.olsztyn.pl\/wp-content\/uploads\/2021\/02\/P2130024-www-300x225.jpg\" alt=\"\" width=\"300\" height=\"225\" srcset=\"https:\/\/www.milosnicylasu.olsztyn.pl\/wp-content\/uploads\/2021\/02\/P2130024-www-300x225.jpg 300w, https:\/\/www.milosnicylasu.olsztyn.pl\/wp-content\/uploads\/2021\/02\/P2130024-www-768x576.jpg 768w, https:\/\/www.milosnicylasu.olsztyn.pl\/wp-content\/uploads\/2021\/02\/P2130024-www.jpg 1024w\" sizes=\"auto, (max-width: 300px) 100vw, 300px\" \/><\/a><\/p>\n<p>Przymrozi\u0142o, przysypa\u0142o, wydawa\u0142o si\u0119, \u017ce to mo\u017ce kilka dni, a to trwa i trwa. Coraz trudniej ptakom znale\u017a\u0107 po\u017cywienie, wi\u0119c pomagamy. &#8222;Pyzy&#8221; znikaj\u0105 w ci\u0105gu kliku dni. Na dzia\u0142ce ucztuj\u0105 przewa\u017cnie sikorki, ale przed domem, z okna kuchni, obserwujemy wrony, kwiczo\u0142y&#8230;.Cz\u0119\u015b\u0107 ptak\u00f3w dobiera si\u0119 do pyz powieszonych na ga\u0142\u0105zkach drzew, ale co sprytniejsi\u00a0 bywalcy &#8222;sto\u0142\u00f3wki&#8221;\u00a0 zbieraj\u0105 na \u015bniegu co spadnie z g\u00f3ry.<\/p>\n<p><a href=\"https:\/\/www.milosnicylasu.olsztyn.pl\/wp-content\/uploads\/2021\/02\/P2130019-www.jpg\" data-rel=\"lightbox-image-2\" data-magnific_type=\"image\" data-rl_title=\"\" data-rl_caption=\"\" title=\"\"><img loading=\"lazy\" decoding=\"async\" class=\"size-medium wp-image-6029 alignleft\" src=\"https:\/\/www.milosnicylasu.olsztyn.pl\/wp-content\/uploads\/2021\/02\/P2130019-www-300x225.jpg\" alt=\"\" width=\"300\" height=\"225\" srcset=\"https:\/\/www.milosnicylasu.olsztyn.pl\/wp-content\/uploads\/2021\/02\/P2130019-www-300x225.jpg 300w, https:\/\/www.milosnicylasu.olsztyn.pl\/wp-content\/uploads\/2021\/02\/P2130019-www-768x576.jpg 768w, https:\/\/www.milosnicylasu.olsztyn.pl\/wp-content\/uploads\/2021\/02\/P2130019-www.jpg 1024w\" sizes=\"auto, (max-width: 300px) 100vw, 300px\" \/><\/a><\/p>\n<p>Zima, zim\u0105, ale dzie\u0144 coraz d\u0142u\u017cszy, s\u0142onko przygrzewa i zauwa\u017cyli\u015bmy nietypowe ozdoby na naszym \u015bwierku. Czy\u017cby to nowe przybranie to nadchodz\u0105ca wiosna?<\/p>\n<p><a href=\"https:\/\/www.milosnicylasu.olsztyn.pl\/wp-content\/uploads\/2021\/02\/P2130021-www.jpg\" data-rel=\"lightbox-image-3\" data-magnific_type=\"image\" data-rl_title=\"\" data-rl_caption=\"\" title=\"\"><img loading=\"lazy\" decoding=\"async\" class=\"size-medium wp-image-6033 alignright\" src=\"https:\/\/www.milosnicylasu.olsztyn.pl\/wp-content\/uploads\/2021\/02\/P2130021-www-300x225.jpg\" alt=\"\" width=\"300\" height=\"225\" srcset=\"https:\/\/www.milosnicylasu.olsztyn.pl\/wp-content\/uploads\/2021\/02\/P2130021-www-300x225.jpg 300w, https:\/\/www.milosnicylasu.olsztyn.pl\/wp-content\/uploads\/2021\/02\/P2130021-www-768x576.jpg 768w, https:\/\/www.milosnicylasu.olsztyn.pl\/wp-content\/uploads\/2021\/02\/P2130021-www.jpg 1024w\" sizes=\"auto, (max-width: 300px) 100vw, 300px\" \/><\/a><\/p>\n<p>&nbsp;<\/p>\n","protected":false},"excerpt":{"rendered":"<p>Nie ka\u017cdego roku zamarza nasza olszty\u0144ska rzeka Wad\u0105g. \u00a0 W tym roku d\u0142ugo si\u0119 opiera\u0142a, ale jak wida\u0107 w ko\u0144cu pokry\u0142 j\u0105 l\u00f3d na tyle gruby, \u017ce swobodnie chadzaj\u0105 jakie\u015b zwierz\u0105tka. \u015alad\u00f3w du\u017co, mo\u017ce rozpoznacie ? Przymrozi\u0142o, przysypa\u0142o, wydawa\u0142o si\u0119, \u017ce to mo\u017ce kilka dni, a to trwa i trwa. Coraz trudniej ptakom znale\u017a\u0107 po\u017cywienie, [&hellip;]<\/p>\n","protected":false},"author":2,"featured_media":0,"comment_status":"open","ping_status":"open","sticky":false,"template":"","format":"standard","meta":{"footnotes":""},"categories":[1,9,17],"tags":[],"class_list":["post-6026","post","type-post","status-publish","format-standard","hentry","category-bez-kategorii","category-ciekawostki","category-edukacja-w-terenie"],"_links":{"self":[{"href":"https:\/\/www.milosnicylasu.olsztyn.pl\/index.php?rest_route=\/wp\/v2\/posts\/6026","targetHints":{"allow":["GET"]}}],"collection":[{"href":"https:\/\/www.milosnicylasu.olsztyn.pl\/index.php?rest_route=\/wp\/v2\/posts"}],"about":[{"href":"https:\/\/www.milosnicylasu.olsztyn.pl\/index.php?rest_route=\/wp\/v2\/types\/post"}],"author":[{"embeddable":true,"href":"https:\/\/www.milosnicylasu.olsztyn.pl\/index.php?rest_route=\/wp\/v2\/users\/2"}],"replies":[{"embeddable":true,"href":"https:\/\/www.milosnicylasu.olsztyn.pl\/index.php?rest_route=%2Fwp%2Fv2%2Fcomments&post=6026"}],"version-history":[{"count":5,"href":"https:\/\/www.milosnicylasu.olsztyn.pl\/index.php?rest_route=\/wp\/v2\/posts\/6026\/revisions"}],"predecessor-version":[{"id":6035,"href":"https:\/\/www.milosnicylasu.olsztyn.pl\/index.php?rest_route=\/wp\/v2\/posts\/6026\/revisions\/6035"}],"wp:attachment":[{"href":"https:\/\/www.milosnicylasu.olsztyn.pl\/index.php?rest_route=%2Fwp%2Fv2%2Fmedia&parent=6026"}],"wp:term":[{"taxonomy":"category","embeddable":true,"href":"https:\/\/www.milosnicylasu.olsztyn.pl\/index.php?rest_route=%2Fwp%2Fv2%2Fcategories&post=6026"},{"taxonomy":"post_tag","embeddable":true,"href":"https:\/\/www.milosnicylasu.olsztyn.pl\/index.php?rest_route=%2Fwp%2Fv2%2Ftags&post=6026"}],"curies":[{"name":"wp","href":"https:\/\/api.w.org\/{rel}","templated":true}]}}