{"id":6070,"date":"2021-03-02T07:50:28","date_gmt":"2021-03-02T06:50:28","guid":{"rendered":"https:\/\/www.milosnicylasu.olsztyn.pl\/?p=6070"},"modified":"2021-03-02T07:51:22","modified_gmt":"2021-03-02T06:51:22","slug":"tym-razem-na-niebiesko-ale-jakze-pieknie","status":"publish","type":"post","link":"https:\/\/www.milosnicylasu.olsztyn.pl\/?p=6070","title":{"rendered":"Tym razem na niebiesko, ale jak\u017ce pi\u0119knie"},"content":{"rendered":"<div class=\"row\">\n<div class=\"col-sm-12 col-md-12 col-lg-12 col-12\">\n<p><a href=\"https:\/\/www.milosnicylasu.olsztyn.pl\/wp-content\/uploads\/2021\/03\/PICT4008-www.jpg\" data-rel=\"lightbox-image-0\" data-magnific_type=\"image\" data-rl_title=\"\" data-rl_caption=\"\" title=\"\"><img loading=\"lazy\" decoding=\"async\" class=\"size-medium wp-image-6071 alignleft\" src=\"https:\/\/www.milosnicylasu.olsztyn.pl\/wp-content\/uploads\/2021\/03\/PICT4008-www-300x225.jpg\" alt=\"\" width=\"300\" height=\"225\" srcset=\"https:\/\/www.milosnicylasu.olsztyn.pl\/wp-content\/uploads\/2021\/03\/PICT4008-www-300x225.jpg 300w, https:\/\/www.milosnicylasu.olsztyn.pl\/wp-content\/uploads\/2021\/03\/PICT4008-www-768x576.jpg 768w, https:\/\/www.milosnicylasu.olsztyn.pl\/wp-content\/uploads\/2021\/03\/PICT4008-www.jpg 1024w\" sizes=\"auto, (max-width: 300px) 100vw, 300px\" \/><\/a><\/p>\n<h3>GORYCZKA TROJE\u015aCIOWA<\/h3>\n<p>Zauroczyli\u015bmy\u00a0 si\u0119 goryczk\u0105 w Bieszczadach. Pr\u00f3bowali\u015bmy j\u0105 zaprosi\u0107 do naszego ogrodu nad\u00a0 Wad\u0105giem, niestety bezskutecznie.<\/p>\n<p><em><strong> &#8222;Wyst\u0119powanie: G\u00f3ry \u015brodkowej i po\u0142udniowej Europy, Kaukaz. W Polsce g\u0142\u00f3wnie w Karpatach, rzadko w Sudetach. Wyst\u0119puje te\u017c na Wy\u017cynie \u015al\u0105skiej,\u00a0 w Jurze Krakowsko-Cz\u0119stochowskiej. Ro\u015bnie od regla dolnego po pi\u0119tro kosodrzewiny, na \u0142\u0105kach i polanach, na brzegach las\u00f3w, w zio\u0142oro\u015blach, nad potokami, niezale\u017cnie od pod\u0142o\u017ca.&#8221; <\/strong>tyle z internetu<strong><br \/>\n<\/strong><\/em><\/p>\n<p>Autor opisu chyba nigdy nie by\u0142 w Bieszczadach. Jak wida\u0107 na zdj\u0119ciu goryczka w tym rejonie kraju ma si\u0119 wspaniale.<\/p>\n<p><a href=\"https:\/\/www.milosnicylasu.olsztyn.pl\/wp-content\/uploads\/2021\/03\/PICT3736-www.jpg\" data-rel=\"lightbox-image-1\" data-magnific_type=\"image\" data-rl_title=\"\" data-rl_caption=\"\" title=\"\"><img loading=\"lazy\" decoding=\"async\" class=\"size-medium wp-image-6072 alignright\" src=\"https:\/\/www.milosnicylasu.olsztyn.pl\/wp-content\/uploads\/2021\/03\/PICT3736-www-300x225.jpg\" alt=\"\" width=\"300\" height=\"225\" srcset=\"https:\/\/www.milosnicylasu.olsztyn.pl\/wp-content\/uploads\/2021\/03\/PICT3736-www-300x225.jpg 300w, https:\/\/www.milosnicylasu.olsztyn.pl\/wp-content\/uploads\/2021\/03\/PICT3736-www-768x576.jpg 768w, https:\/\/www.milosnicylasu.olsztyn.pl\/wp-content\/uploads\/2021\/03\/PICT3736-www.jpg 1024w\" sizes=\"auto, (max-width: 300px) 100vw, 300px\" \/><\/a><\/p>\n<hr \/>\n<\/div>\n<\/div>\n","protected":false},"excerpt":{"rendered":"<p>GORYCZKA TROJE\u015aCIOWA Zauroczyli\u015bmy\u00a0 si\u0119 goryczk\u0105 w Bieszczadach. Pr\u00f3bowali\u015bmy j\u0105 zaprosi\u0107 do naszego ogrodu nad\u00a0 Wad\u0105giem, niestety bezskutecznie. &#8222;Wyst\u0119powanie: G\u00f3ry \u015brodkowej i po\u0142udniowej Europy, Kaukaz. W Polsce g\u0142\u00f3wnie w Karpatach, rzadko w Sudetach. Wyst\u0119puje te\u017c na Wy\u017cynie \u015al\u0105skiej,\u00a0 w Jurze Krakowsko-Cz\u0119stochowskiej. Ro\u015bnie od regla dolnego po pi\u0119tro kosodrzewiny, na \u0142\u0105kach i polanach, na brzegach las\u00f3w, w [&hellip;]<\/p>\n","protected":false},"author":2,"featured_media":0,"comment_status":"open","ping_status":"open","sticky":false,"template":"","format":"standard","meta":{"footnotes":""},"categories":[1,9,17],"tags":[],"class_list":["post-6070","post","type-post","status-publish","format-standard","hentry","category-bez-kategorii","category-ciekawostki","category-edukacja-w-terenie"],"_links":{"self":[{"href":"https:\/\/www.milosnicylasu.olsztyn.pl\/index.php?rest_route=\/wp\/v2\/posts\/6070","targetHints":{"allow":["GET"]}}],"collection":[{"href":"https:\/\/www.milosnicylasu.olsztyn.pl\/index.php?rest_route=\/wp\/v2\/posts"}],"about":[{"href":"https:\/\/www.milosnicylasu.olsztyn.pl\/index.php?rest_route=\/wp\/v2\/types\/post"}],"author":[{"embeddable":true,"href":"https:\/\/www.milosnicylasu.olsztyn.pl\/index.php?rest_route=\/wp\/v2\/users\/2"}],"replies":[{"embeddable":true,"href":"https:\/\/www.milosnicylasu.olsztyn.pl\/index.php?rest_route=%2Fwp%2Fv2%2Fcomments&post=6070"}],"version-history":[{"count":2,"href":"https:\/\/www.milosnicylasu.olsztyn.pl\/index.php?rest_route=\/wp\/v2\/posts\/6070\/revisions"}],"predecessor-version":[{"id":6074,"href":"https:\/\/www.milosnicylasu.olsztyn.pl\/index.php?rest_route=\/wp\/v2\/posts\/6070\/revisions\/6074"}],"wp:attachment":[{"href":"https:\/\/www.milosnicylasu.olsztyn.pl\/index.php?rest_route=%2Fwp%2Fv2%2Fmedia&parent=6070"}],"wp:term":[{"taxonomy":"category","embeddable":true,"href":"https:\/\/www.milosnicylasu.olsztyn.pl\/index.php?rest_route=%2Fwp%2Fv2%2Fcategories&post=6070"},{"taxonomy":"post_tag","embeddable":true,"href":"https:\/\/www.milosnicylasu.olsztyn.pl\/index.php?rest_route=%2Fwp%2Fv2%2Ftags&post=6070"}],"curies":[{"name":"wp","href":"https:\/\/api.w.org\/{rel}","templated":true}]}}