{"id":6075,"date":"2021-03-03T17:13:52","date_gmt":"2021-03-03T16:13:52","guid":{"rendered":"https:\/\/www.milosnicylasu.olsztyn.pl\/?p=6075"},"modified":"2021-03-03T17:38:45","modified_gmt":"2021-03-03T16:38:45","slug":"juz-wiosna-jaroty-w-olsztynie","status":"publish","type":"post","link":"https:\/\/www.milosnicylasu.olsztyn.pl\/?p=6075","title":{"rendered":"Ju\u017c wiosna &#8211; Jaroty w Olsztynie"},"content":{"rendered":"<p><a href=\"https:\/\/www.milosnicylasu.olsztyn.pl\/wp-content\/uploads\/2021\/03\/1614771700257-www.jpg\" data-rel=\"lightbox-image-0\" data-magnific_type=\"image\" data-rl_title=\"\" data-rl_caption=\"\" title=\"\"><img loading=\"lazy\" decoding=\"async\" class=\"size-medium wp-image-6076 alignleft\" src=\"https:\/\/www.milosnicylasu.olsztyn.pl\/wp-content\/uploads\/2021\/03\/1614771700257-www-300x169.jpg\" alt=\"\" width=\"300\" height=\"169\" srcset=\"https:\/\/www.milosnicylasu.olsztyn.pl\/wp-content\/uploads\/2021\/03\/1614771700257-www-300x169.jpg 300w, https:\/\/www.milosnicylasu.olsztyn.pl\/wp-content\/uploads\/2021\/03\/1614771700257-www-768x432.jpg 768w, https:\/\/www.milosnicylasu.olsztyn.pl\/wp-content\/uploads\/2021\/03\/1614771700257-www-730x410.jpg 730w, https:\/\/www.milosnicylasu.olsztyn.pl\/wp-content\/uploads\/2021\/03\/1614771700257-www.jpg 1024w\" sizes=\"auto, (max-width: 300px) 100vw, 300px\" \/><\/a><strong>Nasza korespondentka Danusia Horszwald przys\u0142a\u0142a nam zdj\u0119cie przebi\u015bnieg\u00f3w, zrobione na Jarotach w Olsztynie. Dzi\u0119kujemy. Kto nast\u0119pny?<\/strong><\/p>\n<p data-wtg-lazy=\"5\"><strong>Nie zdradzimy gdzie rosn\u0105 &#8211; jeszcze komu\u015b przysz\u0142oby do g\u0142owy zrobi\u0107 z nich bukiecik albo wyd\u0142uba\u0107 z ziemi cebulki. A tego nie wolno! Niestety, przebi\u015bniegi jako pierwsze wiosenne kwiaty zrywano kiedy\u015b niemal gar\u015bciami i dla nas niewiele ju\u017c zosta\u0142o. Wprawdzie w Polsce nie grozi im wygini\u0119cie, ale przebi\u015bniegi s\u0105 chronione.<\/strong><\/p>\n<h2><strong>Na spacer w\u015br\u00f3d przebi\u015bnieg\u00f3w<a href=\"https:\/\/www.milosnicylasu.olsztyn.pl\/wp-content\/uploads\/2018\/04\/3-www.jpg\" data-rel=\"lightbox-image-1\" data-magnific_type=\"image\" data-rl_title=\"\" data-rl_caption=\"\" title=\"\"><img loading=\"lazy\" decoding=\"async\" class=\"size-medium wp-image-4093 alignright\" src=\"https:\/\/www.milosnicylasu.olsztyn.pl\/wp-content\/uploads\/2018\/04\/3-www-300x225.jpg\" alt=\"\" width=\"300\" height=\"225\" srcset=\"https:\/\/www.milosnicylasu.olsztyn.pl\/wp-content\/uploads\/2018\/04\/3-www-300x225.jpg 300w, https:\/\/www.milosnicylasu.olsztyn.pl\/wp-content\/uploads\/2018\/04\/3-www-768x576.jpg 768w, https:\/\/www.milosnicylasu.olsztyn.pl\/wp-content\/uploads\/2018\/04\/3-www.jpg 1024w, https:\/\/www.milosnicylasu.olsztyn.pl\/wp-content\/uploads\/2018\/04\/3-www-400x300.jpg 400w\" sizes=\"auto, (max-width: 300px) 100vw, 300px\" \/><\/a><\/strong><\/h2>\n<p data-wtg-lazy=\"6\"><strong>Nie tylko nam podobaj\u0105 si\u0119 przebi\u015bniegi. W Anglii, Szkocji i Irlandii ich podziwianie to ju\u017c narodowa tradycja. W lutym Wyspiarze ca\u0142ymi rodzinami wybieraj\u0105 si\u0119 na spacery specjalnie po to, by ogl\u0105da\u0107 bia\u0142e dywany w parkach, rezydencjach i prywatnych ogrodach, w\u0142a\u015bnie z tej okazji otwieranych dla publiczno\u015bci. U nas nie ma takich przebi\u015bniegowych park\u00f3w, ale kwiaty wypatrzy\u0107 mo\u017cna w ca\u0142ej Polsce ale najwi\u0119cej podobno\u00a0 w rezerwacie \u015anie\u017cyczki w nadbu\u017ca\u0144skiej gminie Repki.<\/strong><\/p>\n","protected":false},"excerpt":{"rendered":"<p>Nasza korespondentka Danusia Horszwald przys\u0142a\u0142a nam zdj\u0119cie przebi\u015bnieg\u00f3w, zrobione na Jarotach w Olsztynie. Dzi\u0119kujemy. Kto nast\u0119pny? Nie zdradzimy gdzie rosn\u0105 &#8211; jeszcze komu\u015b przysz\u0142oby do g\u0142owy zrobi\u0107 z nich bukiecik albo wyd\u0142uba\u0107 z ziemi cebulki. A tego nie wolno! Niestety, przebi\u015bniegi jako pierwsze wiosenne kwiaty zrywano kiedy\u015b niemal gar\u015bciami i dla nas niewiele ju\u017c zosta\u0142o. [&hellip;]<\/p>\n","protected":false},"author":2,"featured_media":0,"comment_status":"open","ping_status":"open","sticky":false,"template":"","format":"standard","meta":{"footnotes":""},"categories":[1,9,17],"tags":[],"class_list":["post-6075","post","type-post","status-publish","format-standard","hentry","category-bez-kategorii","category-ciekawostki","category-edukacja-w-terenie"],"_links":{"self":[{"href":"https:\/\/www.milosnicylasu.olsztyn.pl\/index.php?rest_route=\/wp\/v2\/posts\/6075","targetHints":{"allow":["GET"]}}],"collection":[{"href":"https:\/\/www.milosnicylasu.olsztyn.pl\/index.php?rest_route=\/wp\/v2\/posts"}],"about":[{"href":"https:\/\/www.milosnicylasu.olsztyn.pl\/index.php?rest_route=\/wp\/v2\/types\/post"}],"author":[{"embeddable":true,"href":"https:\/\/www.milosnicylasu.olsztyn.pl\/index.php?rest_route=\/wp\/v2\/users\/2"}],"replies":[{"embeddable":true,"href":"https:\/\/www.milosnicylasu.olsztyn.pl\/index.php?rest_route=%2Fwp%2Fv2%2Fcomments&post=6075"}],"version-history":[{"count":4,"href":"https:\/\/www.milosnicylasu.olsztyn.pl\/index.php?rest_route=\/wp\/v2\/posts\/6075\/revisions"}],"predecessor-version":[{"id":6083,"href":"https:\/\/www.milosnicylasu.olsztyn.pl\/index.php?rest_route=\/wp\/v2\/posts\/6075\/revisions\/6083"}],"wp:attachment":[{"href":"https:\/\/www.milosnicylasu.olsztyn.pl\/index.php?rest_route=%2Fwp%2Fv2%2Fmedia&parent=6075"}],"wp:term":[{"taxonomy":"category","embeddable":true,"href":"https:\/\/www.milosnicylasu.olsztyn.pl\/index.php?rest_route=%2Fwp%2Fv2%2Fcategories&post=6075"},{"taxonomy":"post_tag","embeddable":true,"href":"https:\/\/www.milosnicylasu.olsztyn.pl\/index.php?rest_route=%2Fwp%2Fv2%2Ftags&post=6075"}],"curies":[{"name":"wp","href":"https:\/\/api.w.org\/{rel}","templated":true}]}}