{"id":6085,"date":"2021-03-07T14:38:44","date_gmt":"2021-03-07T13:38:44","guid":{"rendered":"https:\/\/www.milosnicylasu.olsztyn.pl\/?p=6085"},"modified":"2021-03-07T19:34:07","modified_gmt":"2021-03-07T18:34:07","slug":"zyczenia-na-dzien-kobiet","status":"publish","type":"post","link":"https:\/\/www.milosnicylasu.olsztyn.pl\/?p=6085","title":{"rendered":"\u017byczenia na Dzie\u0144 Kobiet"},"content":{"rendered":"<hr \/>\n<p><a href=\"https:\/\/www.milosnicylasu.olsztyn.pl\/wp-content\/uploads\/2021\/03\/P3260079-www.jpg\" data-rel=\"lightbox-image-0\" data-magnific_type=\"image\" data-rl_title=\"\" data-rl_caption=\"\" title=\"\"><img loading=\"lazy\" decoding=\"async\" class=\"size-medium wp-image-6086 alignleft\" src=\"https:\/\/www.milosnicylasu.olsztyn.pl\/wp-content\/uploads\/2021\/03\/P3260079-www-225x300.jpg\" alt=\"\" width=\"225\" height=\"300\" srcset=\"https:\/\/www.milosnicylasu.olsztyn.pl\/wp-content\/uploads\/2021\/03\/P3260079-www-225x300.jpg 225w, https:\/\/www.milosnicylasu.olsztyn.pl\/wp-content\/uploads\/2021\/03\/P3260079-www.jpg 768w\" sizes=\"auto, (max-width: 225px) 100vw, 225px\" \/><\/a><\/p>\n<p><strong>Z bukietem irys\u00f3w nie mog\u0119\u00a0 przyj\u015b\u0107<\/strong><br \/>\n<strong>By z\u0142o\u017cy\u0107 Ci \u017cyczenia<\/strong><br \/>\n<strong>Lecz w s\u0142owach mych jest taka my\u015bl<\/strong><br \/>\n<strong>Niech si\u0119 spe\u0142ni\u0105 Twe marzenia<\/strong><br \/>\n<strong>Du\u017co sukces\u00f3w oraz rado\u015bci<\/strong><br \/>\n<strong>Du\u017co u\u015bmiech\u00f3w i spe\u0142nienia marze\u0144<\/strong><\/p>\n<p><a href=\"https:\/\/www.milosnicylasu.olsztyn.pl\/wp-content\/uploads\/2021\/03\/P3260084-www.jpg\" data-rel=\"lightbox-image-1\" data-magnific_type=\"image\" data-rl_title=\"\" data-rl_caption=\"\" title=\"\"><img loading=\"lazy\" decoding=\"async\" class=\"size-medium wp-image-6089 alignright\" src=\"https:\/\/www.milosnicylasu.olsztyn.pl\/wp-content\/uploads\/2021\/03\/P3260084-www-300x225.jpg\" alt=\"\" width=\"300\" height=\"225\" srcset=\"https:\/\/www.milosnicylasu.olsztyn.pl\/wp-content\/uploads\/2021\/03\/P3260084-www-300x225.jpg 300w, https:\/\/www.milosnicylasu.olsztyn.pl\/wp-content\/uploads\/2021\/03\/P3260084-www-768x576.jpg 768w, https:\/\/www.milosnicylasu.olsztyn.pl\/wp-content\/uploads\/2021\/03\/P3260084-www.jpg 1024w\" sizes=\"auto, (max-width: 300px) 100vw, 300px\" \/><\/a><\/p>\n<p><strong>Moc s\u0142odyczy w Dniu Kobiet<\/strong><\/p>\n<p><a href=\"https:\/\/www.milosnicylasu.olsztyn.pl\/wp-content\/uploads\/2021\/03\/P3260080-www.jpg\" data-rel=\"lightbox-image-2\" data-magnific_type=\"image\" data-rl_title=\"\" data-rl_caption=\"\" title=\"\"><img loading=\"lazy\" decoding=\"async\" class=\"size-medium wp-image-6087 aligncenter\" src=\"https:\/\/www.milosnicylasu.olsztyn.pl\/wp-content\/uploads\/2021\/03\/P3260080-www-225x300.jpg\" alt=\"\" width=\"225\" height=\"300\" srcset=\"https:\/\/www.milosnicylasu.olsztyn.pl\/wp-content\/uploads\/2021\/03\/P3260080-www-225x300.jpg 225w, https:\/\/www.milosnicylasu.olsztyn.pl\/wp-content\/uploads\/2021\/03\/P3260080-www.jpg 768w\" sizes=\"auto, (max-width: 225px) 100vw, 225px\" \/><\/a><\/p>\n<p>&nbsp;<\/p>\n<p><strong>Wszystkim Kole\u017cankom z Ko\u0142a Mi\u0142o\u015bnik\u00f3w Lasu i Militari\u00f3w\u00a0 \u017cyczy prezes Ko\u0142a Tolek Leszczy\u0144ski<\/strong><\/p>\n<p>I \u017ceby nie by\u0142o tak \u0142atwo&#8230; to ma\u0142y konkurs. Gdzie widzieli\u015bmy takie pi\u0119kne irysy ?<\/p>\n<p>&nbsp;<\/p>\n<p><a href=\"https:\/\/www.milosnicylasu.olsztyn.pl\/wp-content\/uploads\/2021\/03\/P3260083-www.jpg\" data-rel=\"lightbox-image-3\" data-magnific_type=\"image\" data-rl_title=\"\" data-rl_caption=\"\" title=\"\"><img loading=\"lazy\" decoding=\"async\" class=\"size-medium wp-image-6088\" src=\"https:\/\/www.milosnicylasu.olsztyn.pl\/wp-content\/uploads\/2021\/03\/P3260083-www-300x225.jpg\" alt=\"\" width=\"300\" height=\"225\" srcset=\"https:\/\/www.milosnicylasu.olsztyn.pl\/wp-content\/uploads\/2021\/03\/P3260083-www-300x225.jpg 300w, https:\/\/www.milosnicylasu.olsztyn.pl\/wp-content\/uploads\/2021\/03\/P3260083-www-768x576.jpg 768w, https:\/\/www.milosnicylasu.olsztyn.pl\/wp-content\/uploads\/2021\/03\/P3260083-www.jpg 1024w\" sizes=\"auto, (max-width: 300px) 100vw, 300px\" \/><\/a><\/p>\n<p><strong>Pierwsza odpowiedzia\u0142a Basia Bruzgo. Doskonale pami\u0119ta\u0142a, \u017ce podczas wycieczki &#8222;Prze\u0142om Bugu&#8221; zwiedzili\u015bmy Ogr\u00f3d Botaniczny w Lublinie i podziwiali\u015bmy irysy ale te\u017c\u00a0 pi\u0119kne piwonie i inne pi\u0119kne ro\u015bliny. By\u0142a to wspania\u0142a wycieczka, podczas kt\u00f3rej zwiedzili\u015bmy wiele miejscowo\u015bci z ciekawymi r\u00f3\u017cnorodnymi obiektami. Basia wspomina\u0142a\u00a0 m.in, stadnin\u0119 koni w Janowie Podlaskim, zesp\u00f3\u0142 klasztorno &#8211;\u00a0 cerkiewny w Jab\u0142ecznej, W\u0142odaw\u0119, Zamo\u015b\u0107, Lublin, Koz\u0142\u00f3wk\u0119, W\u0105wolnic\u0119, Kazimierz Dolny, sanktuarium w Kodniu. Dzi\u0119kujemy za informacje i podziwiamy za refleks.<\/strong><\/p>\n<p><a href=\"https:\/\/www.milosnicylasu.olsztyn.pl\/wp-content\/uploads\/2021\/03\/P3260063-www.jpg\" data-rel=\"lightbox-image-4\" data-magnific_type=\"image\" data-rl_title=\"\" data-rl_caption=\"\" title=\"\"><img loading=\"lazy\" decoding=\"async\" class=\"size-medium wp-image-6099 alignright\" src=\"https:\/\/www.milosnicylasu.olsztyn.pl\/wp-content\/uploads\/2021\/03\/P3260063-www-300x225.jpg\" alt=\"\" width=\"300\" height=\"225\" srcset=\"https:\/\/www.milosnicylasu.olsztyn.pl\/wp-content\/uploads\/2021\/03\/P3260063-www-300x225.jpg 300w, https:\/\/www.milosnicylasu.olsztyn.pl\/wp-content\/uploads\/2021\/03\/P3260063-www-768x576.jpg 768w, https:\/\/www.milosnicylasu.olsztyn.pl\/wp-content\/uploads\/2021\/03\/P3260063-www.jpg 1024w\" sizes=\"auto, (max-width: 300px) 100vw, 300px\" \/><\/a><\/p>\n<p><a href=\"https:\/\/www.milosnicylasu.olsztyn.pl\/wp-content\/uploads\/2021\/03\/P3250043-www.jpg\" data-rel=\"lightbox-image-5\" data-magnific_type=\"image\" data-rl_title=\"\" data-rl_caption=\"\" title=\"\"><img loading=\"lazy\" decoding=\"async\" class=\"size-medium wp-image-6098\" src=\"https:\/\/www.milosnicylasu.olsztyn.pl\/wp-content\/uploads\/2021\/03\/P3250043-www-300x225.jpg\" alt=\"\" width=\"300\" height=\"225\" srcset=\"https:\/\/www.milosnicylasu.olsztyn.pl\/wp-content\/uploads\/2021\/03\/P3250043-www-300x225.jpg 300w, https:\/\/www.milosnicylasu.olsztyn.pl\/wp-content\/uploads\/2021\/03\/P3250043-www-768x576.jpg 768w, https:\/\/www.milosnicylasu.olsztyn.pl\/wp-content\/uploads\/2021\/03\/P3250043-www.jpg 1024w\" sizes=\"auto, (max-width: 300px) 100vw, 300px\" \/><\/a><\/p>\n<p>&nbsp;<\/p>\n<p><strong>Du\u017co ciekawych miejsc, pi\u0119kna pogoda, ale nie oby\u0142o si\u0119 od nieprzewidzianych zdarze\u0144. W jednej z miejscowo\u015bci, w kt\u00f3rej mieli\u015bmy nocleg kierowca wieczorem zaparkowa\u0142 autokar, ale rano aby wyjecha\u0107 trzeba by\u0142o cz\u0119\u015bciowo rozebra\u0107 kawa\u0142ek p\u0142otu&#8230;&#8230;&#8230;.<\/strong><\/p>\n<p><strong>\u00a0<\/strong><\/p>\n","protected":false},"excerpt":{"rendered":"<p>Z bukietem irys\u00f3w nie mog\u0119\u00a0 przyj\u015b\u0107 By z\u0142o\u017cy\u0107 Ci \u017cyczenia Lecz w s\u0142owach mych jest taka my\u015bl Niech si\u0119 spe\u0142ni\u0105 Twe marzenia Du\u017co sukces\u00f3w oraz rado\u015bci Du\u017co u\u015bmiech\u00f3w i spe\u0142nienia marze\u0144 Moc s\u0142odyczy w Dniu Kobiet &nbsp; Wszystkim Kole\u017cankom z Ko\u0142a Mi\u0142o\u015bnik\u00f3w Lasu i Militari\u00f3w\u00a0 \u017cyczy prezes Ko\u0142a Tolek Leszczy\u0144ski I \u017ceby nie by\u0142o tak [&hellip;]<\/p>\n","protected":false},"author":2,"featured_media":0,"comment_status":"open","ping_status":"open","sticky":false,"template":"","format":"standard","meta":{"footnotes":""},"categories":[1,17,15],"tags":[],"class_list":["post-6085","post","type-post","status-publish","format-standard","hentry","category-bez-kategorii","category-edukacja-w-terenie","category-komkurs"],"_links":{"self":[{"href":"https:\/\/www.milosnicylasu.olsztyn.pl\/index.php?rest_route=\/wp\/v2\/posts\/6085","targetHints":{"allow":["GET"]}}],"collection":[{"href":"https:\/\/www.milosnicylasu.olsztyn.pl\/index.php?rest_route=\/wp\/v2\/posts"}],"about":[{"href":"https:\/\/www.milosnicylasu.olsztyn.pl\/index.php?rest_route=\/wp\/v2\/types\/post"}],"author":[{"embeddable":true,"href":"https:\/\/www.milosnicylasu.olsztyn.pl\/index.php?rest_route=\/wp\/v2\/users\/2"}],"replies":[{"embeddable":true,"href":"https:\/\/www.milosnicylasu.olsztyn.pl\/index.php?rest_route=%2Fwp%2Fv2%2Fcomments&post=6085"}],"version-history":[{"count":10,"href":"https:\/\/www.milosnicylasu.olsztyn.pl\/index.php?rest_route=\/wp\/v2\/posts\/6085\/revisions"}],"predecessor-version":[{"id":6101,"href":"https:\/\/www.milosnicylasu.olsztyn.pl\/index.php?rest_route=\/wp\/v2\/posts\/6085\/revisions\/6101"}],"wp:attachment":[{"href":"https:\/\/www.milosnicylasu.olsztyn.pl\/index.php?rest_route=%2Fwp%2Fv2%2Fmedia&parent=6085"}],"wp:term":[{"taxonomy":"category","embeddable":true,"href":"https:\/\/www.milosnicylasu.olsztyn.pl\/index.php?rest_route=%2Fwp%2Fv2%2Fcategories&post=6085"},{"taxonomy":"post_tag","embeddable":true,"href":"https:\/\/www.milosnicylasu.olsztyn.pl\/index.php?rest_route=%2Fwp%2Fv2%2Ftags&post=6085"}],"curies":[{"name":"wp","href":"https:\/\/api.w.org\/{rel}","templated":true}]}}