{"id":6106,"date":"2021-03-10T10:45:13","date_gmt":"2021-03-10T09:45:13","guid":{"rendered":"https:\/\/www.milosnicylasu.olsztyn.pl\/?p=6106"},"modified":"2021-03-10T10:51:46","modified_gmt":"2021-03-10T09:51:46","slug":"10-marca-dzien-mezczyzny","status":"publish","type":"post","link":"https:\/\/www.milosnicylasu.olsztyn.pl\/?p=6106","title":{"rendered":"10 marca &#8211; Dzie\u0144 M\u0119\u017cczyzny"},"content":{"rendered":"<p><a href=\"https:\/\/www.milosnicylasu.olsztyn.pl\/wp-content\/uploads\/2020\/05\/DSCN5370-www.jpg\" data-rel=\"lightbox-image-0\" data-magnific_type=\"image\" data-rl_title=\"\" data-rl_caption=\"\" title=\"\"><img loading=\"lazy\" decoding=\"async\" class=\"size-medium wp-image-5502 alignleft\" src=\"https:\/\/www.milosnicylasu.olsztyn.pl\/wp-content\/uploads\/2020\/05\/DSCN5370-www-300x169.jpg\" alt=\"\" width=\"300\" height=\"169\" srcset=\"https:\/\/www.milosnicylasu.olsztyn.pl\/wp-content\/uploads\/2020\/05\/DSCN5370-www-300x169.jpg 300w, https:\/\/www.milosnicylasu.olsztyn.pl\/wp-content\/uploads\/2020\/05\/DSCN5370-www-768x432.jpg 768w, https:\/\/www.milosnicylasu.olsztyn.pl\/wp-content\/uploads\/2020\/05\/DSCN5370-www-730x410.jpg 730w, https:\/\/www.milosnicylasu.olsztyn.pl\/wp-content\/uploads\/2020\/05\/DSCN5370-www.jpg 1024w\" sizes=\"auto, (max-width: 300px) 100vw, 300px\" \/><\/a><strong>Dzie\u0144 M\u0119\u017cczyzny wypada dwa dni po Dniu Kobiet, czyli 10 marca. W 2021 roku jest to \u015broda. Jest to dosy\u0107 nowe \u015bwi\u0119to &#8211; pierwszy\u00a0 raz Dzie\u0144 M\u0119\u017cczyzn by\u0142 obchodzony w Trynidadzie i Tobago w 1999 r.<\/strong><\/p>\n<p><strong>Du\u017co u\u015bmiechu, wiele rado\u015bci,<\/strong><br \/>\n<strong>spe\u0142nienia marze\u0144 oraz mi\u0142o\u015bci!<\/strong><br \/>\n<strong>Samych sukces\u00f3w i morza wra\u017ce\u0144,<\/strong><br \/>\n<strong>bez pozyskiwania nowych obra\u017ce\u0144!<\/strong><\/p>\n<p><strong>wszystkim Kolegom z Ko\u0142a Mi\u0142o\u015bnik\u00f3w Lasu i Militari\u00f3w LOK\u00a0 <\/strong><\/p>\n<p><strong>w dniu Ich \u015awi\u0119ta \u017cycz\u0105 pami\u0119taj\u0105ce Kole\u017canki<\/strong><\/p>\n","protected":false},"excerpt":{"rendered":"<p>Dzie\u0144 M\u0119\u017cczyzny wypada dwa dni po Dniu Kobiet, czyli 10 marca. W 2021 roku jest to \u015broda. Jest to dosy\u0107 nowe \u015bwi\u0119to &#8211; pierwszy\u00a0 raz Dzie\u0144 M\u0119\u017cczyzn by\u0142 obchodzony w Trynidadzie i Tobago w 1999 r. Du\u017co u\u015bmiechu, wiele rado\u015bci, spe\u0142nienia marze\u0144 oraz mi\u0142o\u015bci! Samych sukces\u00f3w i morza wra\u017ce\u0144, bez pozyskiwania nowych obra\u017ce\u0144! wszystkim Kolegom [&hellip;]<\/p>\n","protected":false},"author":2,"featured_media":0,"comment_status":"open","ping_status":"open","sticky":false,"template":"","format":"standard","meta":{"footnotes":""},"categories":[1,9],"tags":[],"class_list":["post-6106","post","type-post","status-publish","format-standard","hentry","category-bez-kategorii","category-ciekawostki"],"_links":{"self":[{"href":"https:\/\/www.milosnicylasu.olsztyn.pl\/index.php?rest_route=\/wp\/v2\/posts\/6106","targetHints":{"allow":["GET"]}}],"collection":[{"href":"https:\/\/www.milosnicylasu.olsztyn.pl\/index.php?rest_route=\/wp\/v2\/posts"}],"about":[{"href":"https:\/\/www.milosnicylasu.olsztyn.pl\/index.php?rest_route=\/wp\/v2\/types\/post"}],"author":[{"embeddable":true,"href":"https:\/\/www.milosnicylasu.olsztyn.pl\/index.php?rest_route=\/wp\/v2\/users\/2"}],"replies":[{"embeddable":true,"href":"https:\/\/www.milosnicylasu.olsztyn.pl\/index.php?rest_route=%2Fwp%2Fv2%2Fcomments&post=6106"}],"version-history":[{"count":5,"href":"https:\/\/www.milosnicylasu.olsztyn.pl\/index.php?rest_route=\/wp\/v2\/posts\/6106\/revisions"}],"predecessor-version":[{"id":6111,"href":"https:\/\/www.milosnicylasu.olsztyn.pl\/index.php?rest_route=\/wp\/v2\/posts\/6106\/revisions\/6111"}],"wp:attachment":[{"href":"https:\/\/www.milosnicylasu.olsztyn.pl\/index.php?rest_route=%2Fwp%2Fv2%2Fmedia&parent=6106"}],"wp:term":[{"taxonomy":"category","embeddable":true,"href":"https:\/\/www.milosnicylasu.olsztyn.pl\/index.php?rest_route=%2Fwp%2Fv2%2Fcategories&post=6106"},{"taxonomy":"post_tag","embeddable":true,"href":"https:\/\/www.milosnicylasu.olsztyn.pl\/index.php?rest_route=%2Fwp%2Fv2%2Ftags&post=6106"}],"curies":[{"name":"wp","href":"https:\/\/api.w.org\/{rel}","templated":true}]}}