{"id":6123,"date":"2021-03-31T12:25:18","date_gmt":"2021-03-31T10:25:18","guid":{"rendered":"https:\/\/www.milosnicylasu.olsztyn.pl\/?p=6123"},"modified":"2021-03-31T12:48:32","modified_gmt":"2021-03-31T10:48:32","slug":"to-juz-wiosna","status":"publish","type":"post","link":"https:\/\/www.milosnicylasu.olsztyn.pl\/?p=6123","title":{"rendered":"To ju\u017c wiosna"},"content":{"rendered":"<p><a href=\"https:\/\/www.milosnicylasu.olsztyn.pl\/wp-content\/uploads\/2021\/03\/www.jpg\" data-rel=\"lightbox-image-0\" data-magnific_type=\"image\" data-rl_title=\"\" data-rl_caption=\"\" title=\"\"><img loading=\"lazy\" decoding=\"async\" class=\"size-medium wp-image-6124 alignleft\" src=\"https:\/\/www.milosnicylasu.olsztyn.pl\/wp-content\/uploads\/2021\/03\/www-300x225.jpg\" alt=\"\" width=\"300\" height=\"225\" srcset=\"https:\/\/www.milosnicylasu.olsztyn.pl\/wp-content\/uploads\/2021\/03\/www-300x225.jpg 300w, https:\/\/www.milosnicylasu.olsztyn.pl\/wp-content\/uploads\/2021\/03\/www-768x576.jpg 768w, https:\/\/www.milosnicylasu.olsztyn.pl\/wp-content\/uploads\/2021\/03\/www.jpg 1024w\" sizes=\"auto, (max-width: 300px) 100vw, 300px\" \/><\/a>Adam Siemakowicz przys\u0142a\u0142 pi\u0119kne wiosenne zdj\u0119cia. W tym roku tak jakby wio\u015bnie si\u0119 nie spieszy\u0142o &#8211; szaro, zimno, a nawet \u015bnie\u017cnie. Tym bardziej dzi\u0119kujemy za wszystkie zdj\u0119cia, kt\u00f3re udowadniaj\u0105, \u017ce\u00a0 wiosna\u00a0\u00a0 ju\u017c jest !<a href=\"https:\/\/www.milosnicylasu.olsztyn.pl\/wp-content\/uploads\/2021\/03\/IMG-20210331-WA0009-www.jpg\" data-rel=\"lightbox-image-1\" data-magnific_type=\"image\" data-rl_title=\"\" data-rl_caption=\"\" title=\"\"><img loading=\"lazy\" decoding=\"async\" class=\"size-medium wp-image-6125 alignright\" src=\"https:\/\/www.milosnicylasu.olsztyn.pl\/wp-content\/uploads\/2021\/03\/IMG-20210331-WA0009-www-225x300.jpg\" alt=\"\" width=\"225\" height=\"300\" srcset=\"https:\/\/www.milosnicylasu.olsztyn.pl\/wp-content\/uploads\/2021\/03\/IMG-20210331-WA0009-www-225x300.jpg 225w, https:\/\/www.milosnicylasu.olsztyn.pl\/wp-content\/uploads\/2021\/03\/IMG-20210331-WA0009-www.jpg 768w\" sizes=\"auto, (max-width: 225px) 100vw, 225px\" \/><\/a><\/p>\n<p>i jeszcze zdj\u0119cia Tolka Leszczy\u0144skiego<\/p>\n<p><a href=\"https:\/\/www.milosnicylasu.olsztyn.pl\/wp-content\/uploads\/2021\/03\/DSCN7242-www.jpg\" data-rel=\"lightbox-image-2\" data-magnific_type=\"image\" data-rl_title=\"\" data-rl_caption=\"\" title=\"\"><img loading=\"lazy\" decoding=\"async\" class=\"size-medium wp-image-6128 alignright\" src=\"https:\/\/www.milosnicylasu.olsztyn.pl\/wp-content\/uploads\/2021\/03\/DSCN7242-www-300x225.jpg\" alt=\"\" width=\"300\" height=\"225\" srcset=\"https:\/\/www.milosnicylasu.olsztyn.pl\/wp-content\/uploads\/2021\/03\/DSCN7242-www-300x225.jpg 300w, https:\/\/www.milosnicylasu.olsztyn.pl\/wp-content\/uploads\/2021\/03\/DSCN7242-www-768x576.jpg 768w, https:\/\/www.milosnicylasu.olsztyn.pl\/wp-content\/uploads\/2021\/03\/DSCN7242-www.jpg 1024w\" sizes=\"auto, (max-width: 300px) 100vw, 300px\" \/><\/a><\/p>\n<p><a href=\"https:\/\/www.milosnicylasu.olsztyn.pl\/wp-content\/uploads\/2021\/03\/P3220212-www.jpg\" data-rel=\"lightbox-image-3\" data-magnific_type=\"image\" data-rl_title=\"\" data-rl_caption=\"\" title=\"\"><img loading=\"lazy\" decoding=\"async\" class=\"size-medium wp-image-6129\" src=\"https:\/\/www.milosnicylasu.olsztyn.pl\/wp-content\/uploads\/2021\/03\/P3220212-www-300x225.jpg\" alt=\"\" width=\"300\" height=\"225\" srcset=\"https:\/\/www.milosnicylasu.olsztyn.pl\/wp-content\/uploads\/2021\/03\/P3220212-www-300x225.jpg 300w, https:\/\/www.milosnicylasu.olsztyn.pl\/wp-content\/uploads\/2021\/03\/P3220212-www-768x576.jpg 768w, https:\/\/www.milosnicylasu.olsztyn.pl\/wp-content\/uploads\/2021\/03\/P3220212-www.jpg 1024w\" sizes=\"auto, (max-width: 300px) 100vw, 300px\" \/><\/a><\/p>\n<p>&nbsp;<\/p>\n","protected":false},"excerpt":{"rendered":"<p>Adam Siemakowicz przys\u0142a\u0142 pi\u0119kne wiosenne zdj\u0119cia. W tym roku tak jakby wio\u015bnie si\u0119 nie spieszy\u0142o &#8211; szaro, zimno, a nawet \u015bnie\u017cnie. Tym bardziej dzi\u0119kujemy za wszystkie zdj\u0119cia, kt\u00f3re udowadniaj\u0105, \u017ce\u00a0 wiosna\u00a0\u00a0 ju\u017c jest ! i jeszcze zdj\u0119cia Tolka Leszczy\u0144skiego &nbsp;<\/p>\n","protected":false},"author":2,"featured_media":0,"comment_status":"open","ping_status":"open","sticky":false,"template":"","format":"standard","meta":{"footnotes":""},"categories":[1,9,17],"tags":[],"class_list":["post-6123","post","type-post","status-publish","format-standard","hentry","category-bez-kategorii","category-ciekawostki","category-edukacja-w-terenie"],"_links":{"self":[{"href":"https:\/\/www.milosnicylasu.olsztyn.pl\/index.php?rest_route=\/wp\/v2\/posts\/6123","targetHints":{"allow":["GET"]}}],"collection":[{"href":"https:\/\/www.milosnicylasu.olsztyn.pl\/index.php?rest_route=\/wp\/v2\/posts"}],"about":[{"href":"https:\/\/www.milosnicylasu.olsztyn.pl\/index.php?rest_route=\/wp\/v2\/types\/post"}],"author":[{"embeddable":true,"href":"https:\/\/www.milosnicylasu.olsztyn.pl\/index.php?rest_route=\/wp\/v2\/users\/2"}],"replies":[{"embeddable":true,"href":"https:\/\/www.milosnicylasu.olsztyn.pl\/index.php?rest_route=%2Fwp%2Fv2%2Fcomments&post=6123"}],"version-history":[{"count":4,"href":"https:\/\/www.milosnicylasu.olsztyn.pl\/index.php?rest_route=\/wp\/v2\/posts\/6123\/revisions"}],"predecessor-version":[{"id":6131,"href":"https:\/\/www.milosnicylasu.olsztyn.pl\/index.php?rest_route=\/wp\/v2\/posts\/6123\/revisions\/6131"}],"wp:attachment":[{"href":"https:\/\/www.milosnicylasu.olsztyn.pl\/index.php?rest_route=%2Fwp%2Fv2%2Fmedia&parent=6123"}],"wp:term":[{"taxonomy":"category","embeddable":true,"href":"https:\/\/www.milosnicylasu.olsztyn.pl\/index.php?rest_route=%2Fwp%2Fv2%2Fcategories&post=6123"},{"taxonomy":"post_tag","embeddable":true,"href":"https:\/\/www.milosnicylasu.olsztyn.pl\/index.php?rest_route=%2Fwp%2Fv2%2Ftags&post=6123"}],"curies":[{"name":"wp","href":"https:\/\/api.w.org\/{rel}","templated":true}]}}