{"id":613,"date":"2013-10-15T17:16:45","date_gmt":"2013-10-15T15:16:45","guid":{"rendered":"http:\/\/www.milosnicylasu.olsztyn.pl\/?p=613"},"modified":"2013-10-21T11:49:54","modified_gmt":"2013-10-21T09:49:54","slug":"sobotni-rajd-12-x-2013r","status":"publish","type":"post","link":"https:\/\/www.milosnicylasu.olsztyn.pl\/?p=613","title":{"rendered":"Sobotni rajd 12. X. 2013r"},"content":{"rendered":"<p>Tak jak w poprzedni\u0105 sobot\u0119, dalej w\u0119drowali\u015bmy po Le\u015bnictwie Zazdro\u015b\u0107. <a href=\"http:\/\/www.milosnicylasu.olsztyn.pl\/wp-content\/uploads\/2013\/10\/PA120127.jpg\" data-rel=\"lightbox-image-0\" data-magnific_type=\"image\" data-rl_title=\"\" data-rl_caption=\"\" title=\"\"><img loading=\"lazy\" decoding=\"async\" class=\"size-medium wp-image-614 alignright\" alt=\"PA120127\" src=\"http:\/\/www.milosnicylasu.olsztyn.pl\/wp-content\/uploads\/2013\/10\/PA120127-300x225.jpg\" width=\"300\" height=\"225\" srcset=\"https:\/\/www.milosnicylasu.olsztyn.pl\/wp-content\/uploads\/2013\/10\/PA120127-300x225.jpg 300w, https:\/\/www.milosnicylasu.olsztyn.pl\/wp-content\/uploads\/2013\/10\/PA120127-1024x768.jpg 1024w, https:\/\/www.milosnicylasu.olsztyn.pl\/wp-content\/uploads\/2013\/10\/PA120127-400x300.jpg 400w, https:\/\/www.milosnicylasu.olsztyn.pl\/wp-content\/uploads\/2013\/10\/PA120127.jpg 2048w\" sizes=\"auto, (max-width: 300px) 100vw, 300px\" \/><\/a><\/p>\n<p>&nbsp;<\/p>\n<p>Mogli\u015bmy si\u0119 jeszcze raz przekona\u0107 jak kolorowo wygl\u0105da las w jesiennej krasie. \u00a0Wygl\u0105da pi\u0119knie i bogato, mieni si\u0119 r\u00f3\u017cnymi odcieniami \u017c\u00f3\u0142ci, br\u0105zu, czerwieni, zieleni, z\u0142ota\u2026\u2026a jak pachnie&#8230;&#8230;..<\/p>\n<p>&nbsp;<\/p>\n<p>Na swojej drodze spotkali\u015bmy\u00a0 wiele dorodnych grzyb\u00f3w, z kt\u00f3rych cz\u0119\u015b\u0107 oczywi\u015bcie trafi\u0142a na nasze sto\u0142y.\u00a0<a href=\"http:\/\/www.milosnicylasu.olsztyn.pl\/wp-content\/uploads\/2013\/10\/PA120122-www.jpg\" data-rel=\"lightbox-image-1\" data-magnific_type=\"image\" data-rl_title=\"\" data-rl_caption=\"\" title=\"\"><img loading=\"lazy\" decoding=\"async\" class=\"alignleft size-medium wp-image-627\" alt=\"PA120122 -www\" src=\"http:\/\/www.milosnicylasu.olsztyn.pl\/wp-content\/uploads\/2013\/10\/PA120122-www-300x225.jpg\" width=\"300\" height=\"225\" srcset=\"https:\/\/www.milosnicylasu.olsztyn.pl\/wp-content\/uploads\/2013\/10\/PA120122-www-300x225.jpg 300w, https:\/\/www.milosnicylasu.olsztyn.pl\/wp-content\/uploads\/2013\/10\/PA120122-www-400x300.jpg 400w, https:\/\/www.milosnicylasu.olsztyn.pl\/wp-content\/uploads\/2013\/10\/PA120122-www.jpg 1024w\" sizes=\"auto, (max-width: 300px) 100vw, 300px\" \/><\/a><\/p>\n<p>&nbsp;<\/p>\n<p>&nbsp;<\/p>\n<p>&nbsp;<\/p>\n<p>&nbsp;<\/p>\n<p>&nbsp;<\/p>\n<p>By\u0142y te\u017c niespodzianki. Otrzymali\u015bmy broszurki\u00a0opisuj\u0105ce \u015bwierki.<a href=\"http:\/\/www.milosnicylasu.olsztyn.pl\/wp-content\/uploads\/2013\/10\/PA120118-www.jpg\" data-rel=\"lightbox-image-2\" data-magnific_type=\"image\" data-rl_title=\"\" data-rl_caption=\"\" title=\"\"><img loading=\"lazy\" decoding=\"async\" class=\"size-medium wp-image-629 alignright\" alt=\"PA120118-www\" src=\"http:\/\/www.milosnicylasu.olsztyn.pl\/wp-content\/uploads\/2013\/10\/PA120118-www-300x225.jpg\" width=\"300\" height=\"225\" srcset=\"https:\/\/www.milosnicylasu.olsztyn.pl\/wp-content\/uploads\/2013\/10\/PA120118-www-300x225.jpg 300w, https:\/\/www.milosnicylasu.olsztyn.pl\/wp-content\/uploads\/2013\/10\/PA120118-www-400x300.jpg 400w, https:\/\/www.milosnicylasu.olsztyn.pl\/wp-content\/uploads\/2013\/10\/PA120118-www.jpg 1024w\" sizes=\"auto, (max-width: 300px) 100vw, 300px\" \/><\/a> Prezes Anatol Leszczy\u0144ski obiecuje podobne niespodzianki na kolejnych spotkaniach. Zapraszamy wszystkich ch\u0119tnych w najbli\u017csz\u0105\u00a0sobot\u0119 \u00a019 pa\u017adziernika, godzina 10.00, przy ulicy Wilczy\u0144skiego, w pobli\u017cu ko\u015bcio\u0142a i stacji benzynowej.<\/p>\n<p>&nbsp;<\/p>\n","protected":false},"excerpt":{"rendered":"<p>Tak jak w poprzedni\u0105 sobot\u0119, dalej w\u0119drowali\u015bmy po Le\u015bnictwie Zazdro\u015b\u0107. &nbsp; Mogli\u015bmy si\u0119 jeszcze raz przekona\u0107 jak kolorowo wygl\u0105da las w jesiennej krasie. \u00a0Wygl\u0105da pi\u0119knie i bogato, mieni si\u0119 r\u00f3\u017cnymi odcieniami \u017c\u00f3\u0142ci, br\u0105zu, czerwieni, zieleni, z\u0142ota\u2026\u2026a jak pachnie&#8230;&#8230;.. &nbsp; Na swojej drodze spotkali\u015bmy\u00a0 wiele dorodnych grzyb\u00f3w, z kt\u00f3rych cz\u0119\u015b\u0107 oczywi\u015bcie trafi\u0142a na nasze sto\u0142y.\u00a0 &nbsp; [&hellip;]<\/p>\n","protected":false},"author":1,"featured_media":0,"comment_status":"open","ping_status":"open","sticky":false,"template":"","format":"standard","meta":{"footnotes":""},"categories":[1,9,2],"tags":[],"class_list":["post-613","post","type-post","status-publish","format-standard","hentry","category-bez-kategorii","category-ciekawostki","category-rajdy"],"_links":{"self":[{"href":"https:\/\/www.milosnicylasu.olsztyn.pl\/index.php?rest_route=\/wp\/v2\/posts\/613","targetHints":{"allow":["GET"]}}],"collection":[{"href":"https:\/\/www.milosnicylasu.olsztyn.pl\/index.php?rest_route=\/wp\/v2\/posts"}],"about":[{"href":"https:\/\/www.milosnicylasu.olsztyn.pl\/index.php?rest_route=\/wp\/v2\/types\/post"}],"author":[{"embeddable":true,"href":"https:\/\/www.milosnicylasu.olsztyn.pl\/index.php?rest_route=\/wp\/v2\/users\/1"}],"replies":[{"embeddable":true,"href":"https:\/\/www.milosnicylasu.olsztyn.pl\/index.php?rest_route=%2Fwp%2Fv2%2Fcomments&post=613"}],"version-history":[{"count":8,"href":"https:\/\/www.milosnicylasu.olsztyn.pl\/index.php?rest_route=\/wp\/v2\/posts\/613\/revisions"}],"predecessor-version":[{"id":641,"href":"https:\/\/www.milosnicylasu.olsztyn.pl\/index.php?rest_route=\/wp\/v2\/posts\/613\/revisions\/641"}],"wp:attachment":[{"href":"https:\/\/www.milosnicylasu.olsztyn.pl\/index.php?rest_route=%2Fwp%2Fv2%2Fmedia&parent=613"}],"wp:term":[{"taxonomy":"category","embeddable":true,"href":"https:\/\/www.milosnicylasu.olsztyn.pl\/index.php?rest_route=%2Fwp%2Fv2%2Fcategories&post=613"},{"taxonomy":"post_tag","embeddable":true,"href":"https:\/\/www.milosnicylasu.olsztyn.pl\/index.php?rest_route=%2Fwp%2Fv2%2Ftags&post=613"}],"curies":[{"name":"wp","href":"https:\/\/api.w.org\/{rel}","templated":true}]}}