{"id":6138,"date":"2021-04-09T06:52:01","date_gmt":"2021-04-09T04:52:01","guid":{"rendered":"https:\/\/www.milosnicylasu.olsztyn.pl\/?p=6138"},"modified":"2021-04-09T06:57:32","modified_gmt":"2021-04-09T04:57:32","slug":"ciekawy-dolny-slask","status":"publish","type":"post","link":"https:\/\/www.milosnicylasu.olsztyn.pl\/?p=6138","title":{"rendered":"Ciekawy Dolny \u015al\u0105sk"},"content":{"rendered":"<p><strong>Marzec, to niekoniecznie dobry miesi\u0105c na zwiedzanie, ale mo\u017ce? Szczeg\u00f3lnie, gdy obiekty znajduj\u0105 si\u0119 w lesie. A to ciekawe miejsce do zwiedzania znajduje si\u0119 w\u0142a\u015bnie w Lasku Miejskim w Lewinie K\u0142odzkim.<\/strong><\/p>\n<p><strong><a href=\"https:\/\/www.milosnicylasu.olsztyn.pl\/wp-content\/uploads\/2021\/04\/P3140117-www.jpg\" data-rel=\"lightbox-image-0\" data-magnific_type=\"image\" data-rl_title=\"\" data-rl_caption=\"\" title=\"\"><img loading=\"lazy\" decoding=\"async\" class=\"size-medium wp-image-6139 alignleft\" src=\"https:\/\/www.milosnicylasu.olsztyn.pl\/wp-content\/uploads\/2021\/04\/P3140117-www-225x300.jpg\" alt=\"\" width=\"225\" height=\"300\" srcset=\"https:\/\/www.milosnicylasu.olsztyn.pl\/wp-content\/uploads\/2021\/04\/P3140117-www-225x300.jpg 225w, https:\/\/www.milosnicylasu.olsztyn.pl\/wp-content\/uploads\/2021\/04\/P3140117-www.jpg 768w\" sizes=\"auto, (max-width: 225px) 100vw, 225px\" \/><\/a><\/strong><\/p>\n<p><strong>Kaplica \u015bw. Jana Nepomucena<\/strong><\/p>\n<p><strong>Kaplica powsta\u0142a w latach 1727 \u2013 1730 z inicjatywy m\u0142ynarza Dawida Walke z Jawornicy, kt\u00f3ry przeznaczy\u0142 na jej budow\u0119 300 gulden\u00f3w. Jego to inicja\u0142y DW oraz data fundacji 1727 umieszczone zosta\u0142y nad wej\u015bciem do kaplicy. Zbudowano j\u0105 na podarowanej przez miasto Lewin parceli le\u015bnej, na rozwidleniu dr\u00f3g wiod\u0105cych do Taszowa i Kot\u0142a oraz dalej do Czech. Kaplica powsta\u0142a jako wotywna, w podzi\u0119ce za uzdrowienie ci\u0119\u017cko chorej 20 letniej c\u00f3rki fundatora.<\/strong><\/p>\n<h2><strong>Kalwaria w Lasku Miejskim<\/strong><\/h2>\n<p><strong><a href=\"https:\/\/www.milosnicylasu.olsztyn.pl\/wp-content\/uploads\/2021\/04\/P3140121-www.jpg\" data-rel=\"lightbox-image-1\" data-magnific_type=\"image\" data-rl_title=\"\" data-rl_caption=\"\" title=\"\"><img loading=\"lazy\" decoding=\"async\" class=\"size-medium wp-image-6141 alignright\" src=\"https:\/\/www.milosnicylasu.olsztyn.pl\/wp-content\/uploads\/2021\/04\/P3140121-www-300x225.jpg\" alt=\"\" width=\"300\" height=\"225\" srcset=\"https:\/\/www.milosnicylasu.olsztyn.pl\/wp-content\/uploads\/2021\/04\/P3140121-www-300x225.jpg 300w, https:\/\/www.milosnicylasu.olsztyn.pl\/wp-content\/uploads\/2021\/04\/P3140121-www-768x576.jpg 768w, https:\/\/www.milosnicylasu.olsztyn.pl\/wp-content\/uploads\/2021\/04\/P3140121-www.jpg 1024w\" sizes=\"auto, (max-width: 300px) 100vw, 300px\" \/><\/a><\/strong><\/p>\n<p><strong>Na p\u00f3\u0142nocnym stoku wzniesienia s\u0105siaduj\u0105cego z kaplic\u0105 \u015bw. Jana Nepomucena w Lasku Miejskim znajdziemy KALWARI\u0118. Jest to 15 kapliczek wykutych z piaskowca. Na 14 metalowych p\u0142ytach przedstawione s\u0105 m\u0119ki Pana Jezusa, a w ostatniej umieszczono figurk\u0119 Jezusa Zmartwychwsta\u0142ego. Na stoku za kaplic\u0105 mo\u017cna zwiedzi\u0107 kompletn\u0105 (to unikat) Drog\u0119 Krzy\u017cow\u0105, powsta\u0142\u0105 w 1894 r. Ufundowa\u0142 j\u0105 pustelnik Benedikt Seidel, stra\u017cnik kaplicy mszalnej \u015bw. Jana Nepomucena stoj\u0105cej obok. Stacje Drogi Krzy\u017cowej opisane s\u0105 w j\u0119zykach trzech narod\u00f3w \u017cyj\u0105cych dawniej i obecnie na tych ziemiach: czeskim, niemieckim i polskim.<\/strong><\/p>\n<p><strong><a href=\"https:\/\/www.milosnicylasu.olsztyn.pl\/wp-content\/uploads\/2021\/04\/P3140127-www.jpg\" data-rel=\"lightbox-image-2\" data-magnific_type=\"image\" data-rl_title=\"\" data-rl_caption=\"\" title=\"\"><img loading=\"lazy\" decoding=\"async\" class=\"size-medium wp-image-6140\" src=\"https:\/\/www.milosnicylasu.olsztyn.pl\/wp-content\/uploads\/2021\/04\/P3140127-www-225x300.jpg\" alt=\"\" width=\"225\" height=\"300\" srcset=\"https:\/\/www.milosnicylasu.olsztyn.pl\/wp-content\/uploads\/2021\/04\/P3140127-www-225x300.jpg 225w, https:\/\/www.milosnicylasu.olsztyn.pl\/wp-content\/uploads\/2021\/04\/P3140127-www.jpg 768w\" sizes=\"auto, (max-width: 225px) 100vw, 225px\" \/><\/a><\/strong><\/p>\n<p><strong>Po drugiej stronie ulicy naprzeciw kaplicy \u015bw. Jana Nepumucena znajduje si\u0119 krzy\u017c wykonany przez Kazimierza Klahra\u00a0 z L\u0105dka Zdroju.\u00a0 Ufundowa\u0142 go bogaty Kupiec Siegel z Lewina jak wotum za koniec wojen napoleo\u0144skich w 1818 roku<\/strong><\/p>\n<p><a href=\"https:\/\/www.milosnicylasu.olsztyn.pl\/wp-content\/uploads\/2021\/04\/P3140116-www-scaled.jpg\" data-rel=\"lightbox-image-3\" data-magnific_type=\"image\" data-rl_title=\"\" data-rl_caption=\"\" title=\"\"><img loading=\"lazy\" decoding=\"async\" class=\"size-medium wp-image-6143\" src=\"https:\/\/www.milosnicylasu.olsztyn.pl\/wp-content\/uploads\/2021\/04\/P3140116-www-225x300.jpg\" alt=\"\" width=\"225\" height=\"300\" srcset=\"https:\/\/www.milosnicylasu.olsztyn.pl\/wp-content\/uploads\/2021\/04\/P3140116-www-225x300.jpg 225w, https:\/\/www.milosnicylasu.olsztyn.pl\/wp-content\/uploads\/2021\/04\/P3140116-www-768x1024.jpg 768w, https:\/\/www.milosnicylasu.olsztyn.pl\/wp-content\/uploads\/2021\/04\/P3140116-www-1152x1536.jpg 1152w, https:\/\/www.milosnicylasu.olsztyn.pl\/wp-content\/uploads\/2021\/04\/P3140116-www-1536x2048.jpg 1536w, https:\/\/www.milosnicylasu.olsztyn.pl\/wp-content\/uploads\/2021\/04\/P3140116-www-scaled.jpg 1920w\" sizes=\"auto, (max-width: 225px) 100vw, 225px\" \/><\/a><\/p>\n","protected":false},"excerpt":{"rendered":"<p>Marzec, to niekoniecznie dobry miesi\u0105c na zwiedzanie, ale mo\u017ce? Szczeg\u00f3lnie, gdy obiekty znajduj\u0105 si\u0119 w lesie. A to ciekawe miejsce do zwiedzania znajduje si\u0119 w\u0142a\u015bnie w Lasku Miejskim w Lewinie K\u0142odzkim. Kaplica \u015bw. Jana Nepomucena Kaplica powsta\u0142a w latach 1727 \u2013 1730 z inicjatywy m\u0142ynarza Dawida Walke z Jawornicy, kt\u00f3ry przeznaczy\u0142 na jej budow\u0119 300 [&hellip;]<\/p>\n","protected":false},"author":2,"featured_media":0,"comment_status":"open","ping_status":"open","sticky":false,"template":"","format":"standard","meta":{"footnotes":""},"categories":[1],"tags":[],"class_list":["post-6138","post","type-post","status-publish","format-standard","hentry","category-bez-kategorii"],"_links":{"self":[{"href":"https:\/\/www.milosnicylasu.olsztyn.pl\/index.php?rest_route=\/wp\/v2\/posts\/6138","targetHints":{"allow":["GET"]}}],"collection":[{"href":"https:\/\/www.milosnicylasu.olsztyn.pl\/index.php?rest_route=\/wp\/v2\/posts"}],"about":[{"href":"https:\/\/www.milosnicylasu.olsztyn.pl\/index.php?rest_route=\/wp\/v2\/types\/post"}],"author":[{"embeddable":true,"href":"https:\/\/www.milosnicylasu.olsztyn.pl\/index.php?rest_route=\/wp\/v2\/users\/2"}],"replies":[{"embeddable":true,"href":"https:\/\/www.milosnicylasu.olsztyn.pl\/index.php?rest_route=%2Fwp%2Fv2%2Fcomments&post=6138"}],"version-history":[{"count":6,"href":"https:\/\/www.milosnicylasu.olsztyn.pl\/index.php?rest_route=\/wp\/v2\/posts\/6138\/revisions"}],"predecessor-version":[{"id":6149,"href":"https:\/\/www.milosnicylasu.olsztyn.pl\/index.php?rest_route=\/wp\/v2\/posts\/6138\/revisions\/6149"}],"wp:attachment":[{"href":"https:\/\/www.milosnicylasu.olsztyn.pl\/index.php?rest_route=%2Fwp%2Fv2%2Fmedia&parent=6138"}],"wp:term":[{"taxonomy":"category","embeddable":true,"href":"https:\/\/www.milosnicylasu.olsztyn.pl\/index.php?rest_route=%2Fwp%2Fv2%2Fcategories&post=6138"},{"taxonomy":"post_tag","embeddable":true,"href":"https:\/\/www.milosnicylasu.olsztyn.pl\/index.php?rest_route=%2Fwp%2Fv2%2Ftags&post=6138"}],"curies":[{"name":"wp","href":"https:\/\/api.w.org\/{rel}","templated":true}]}}