{"id":6164,"date":"2021-04-15T11:16:26","date_gmt":"2021-04-15T09:16:26","guid":{"rendered":"https:\/\/www.milosnicylasu.olsztyn.pl\/?p=6164"},"modified":"2021-04-15T11:27:06","modified_gmt":"2021-04-15T09:27:06","slug":"ciekawy-dolny-slask-lewin-klodzki","status":"publish","type":"post","link":"https:\/\/www.milosnicylasu.olsztyn.pl\/?p=6164","title":{"rendered":"Ciekawy Dolny \u015al\u0105sk &#8211; Lewin K\u0142odzki"},"content":{"rendered":"<p><strong>Wi\u0119kszo\u015b\u0107 z nas us\u0142ysza\u0142a o Lewinie K\u0142odzkim w zwi\u0105zku z Violett\u0105 Villas, kt\u00f3ra\u00a0 zamieszka\u0142a tu z rodzicami po wojnie, tutaj si\u0119 wychowywa\u0142a i st\u0105d w 1959 roku wystartowa\u0142a do swej kariery piosenkarskiej. W 1998 roku wr\u00f3ci\u0142a do rodzinnego domu, w kt\u00f3rym mieszka\u0142a a\u017c do \u015bmierci 5 grudnia 2011 roku.Pochowana zosta\u0142a na Starych Pow\u0105zkach w Warszawie.<br \/>\n<\/strong><\/p>\n<p><strong>G\u0142os Violetty Villas to najwspanialszy g\u0142os w historii polskiej muzyki rozrywkowej, a \u017cyciorys, nadaje si\u0119 na scenariusz melodramatu i dreszczowca w jednym. Violetta Villas podbi\u0142a najwi\u0119ksze sale \u015bwiata. Wyst\u0119powa\u0142a w Car\u00adnegie Hall w Nowym Jorku, w paryskiej Olimpii, na Broadwayu i w Las Vegas. By\u0142a gwiazd\u0105 rewii Casino de Paris. \u015apiewa\u0142a tam swoim czterooktawowym g\u0142osem arie operetkowe i operowe w 9 j\u0119zykach. Mia\u0142a sw\u00f3j balet, na scen\u0119 wje\u017cd\u017ca\u0142a na bia\u0142ym koniu lub jaguarem XK-E. Jej osza\u0142amiaj\u0105ce kreacje projektowali najlepsi krawcy Diora. Ameryka\u0144ska prasa pisa\u0142a o niej &#8222;g\u0142os ery atomowej\u201d, &#8222;bia\u0142y kruk wokalistyki \u015bwiatowej\u201d. Do Bia\u0142ego Domu zaprasza\u0142 j\u0105 sam prezydent USA George Bush. Wyst\u0119powa\u0142a z Paulem Ank\u0105, Charlesem Aznavourem, Barbr\u0105 Streisand czy Frankiem Sinatr\u0105.<\/strong><\/p>\n<p><strong>Lewin K\u0142odzki to miasteczko z ciekawymi zabytkami:<\/strong><\/p>\n<ul>\n<li><strong>Ko\u015bci\u00f3\u0142 parafialny pod wezwaniem \u015bw. Micha\u0142a Archanio\u0142a<\/strong><br \/>\n<strong>w Lewinie K\u0142odzkim<\/strong><\/li>\n<\/ul>\n<p>&nbsp;<\/p>\n<p><strong><a href=\"https:\/\/www.milosnicylasu.olsztyn.pl\/wp-content\/uploads\/2021\/04\/P3140108-www.jpg\" data-rel=\"lightbox-image-0\" data-magnific_type=\"image\" data-rl_title=\"\" data-rl_caption=\"\" title=\"\"><img loading=\"lazy\" decoding=\"async\" class=\"size-medium wp-image-6165 alignleft\" src=\"https:\/\/www.milosnicylasu.olsztyn.pl\/wp-content\/uploads\/2021\/04\/P3140108-www-300x225.jpg\" alt=\"\" width=\"300\" height=\"225\" srcset=\"https:\/\/www.milosnicylasu.olsztyn.pl\/wp-content\/uploads\/2021\/04\/P3140108-www-300x225.jpg 300w, https:\/\/www.milosnicylasu.olsztyn.pl\/wp-content\/uploads\/2021\/04\/P3140108-www-768x576.jpg 768w, https:\/\/www.milosnicylasu.olsztyn.pl\/wp-content\/uploads\/2021\/04\/P3140108-www.jpg 1024w\" sizes=\"auto, (max-width: 300px) 100vw, 300px\" \/><\/a><\/strong><\/p>\n<p><strong>Pierwsze wzmianki o Ko\u015bciele pochodz\u0105 z 1340 roku. Na przestrzeni lat ko\u015bci\u00f3\u0142 by\u0142 wielokrotnie przebudowywany. W 1681 roku strop nad prezbiterium zast\u0105piono sklepieniem \u0142ukowym, w 1697 roku podwy\u017cszono wie\u017c\u0119 ko\u015bcio\u0142a. W roku 1714 odnowiono fasad\u0119 ko\u015bcio\u0142a, a w 1729 roku wybudowano z inicjatywy lewi\u0144skich kupc\u00f3w p\u0142\u00f3ciennych (g\u0142\u00f3wnie Georga Stanke) dwukondygnacyjn\u0105 przybud\u00f3wk\u0119 przy prezbiterium, zawieraj\u0105c\u0105 w przyziemiu zakrysti\u0119, a na pi\u0119trze oratorium przeznaczone dla w\u0142adz miejskich, kolator\u00f3w i lewi\u0144skiego kupiectwa.<\/strong><\/p>\n<p><strong><a href=\"https:\/\/www.milosnicylasu.olsztyn.pl\/wp-content\/uploads\/2021\/04\/P3140099-www.jpg\" data-rel=\"lightbox-image-1\" data-magnific_type=\"image\" data-rl_title=\"\" data-rl_caption=\"\" title=\"\"><img loading=\"lazy\" decoding=\"async\" class=\"size-medium wp-image-6166 alignright\" src=\"https:\/\/www.milosnicylasu.olsztyn.pl\/wp-content\/uploads\/2021\/04\/P3140099-www-300x225.jpg\" alt=\"\" width=\"300\" height=\"225\" srcset=\"https:\/\/www.milosnicylasu.olsztyn.pl\/wp-content\/uploads\/2021\/04\/P3140099-www-300x225.jpg 300w, https:\/\/www.milosnicylasu.olsztyn.pl\/wp-content\/uploads\/2021\/04\/P3140099-www-768x576.jpg 768w, https:\/\/www.milosnicylasu.olsztyn.pl\/wp-content\/uploads\/2021\/04\/P3140099-www.jpg 1024w\" sizes=\"auto, (max-width: 300px) 100vw, 300px\" \/><\/a><\/strong><\/p>\n<p><strong>Mo\u017cna tu znale\u017a\u0107 w\u0105tki gotyckie, renesansowe i barokowe. W bogatych wn\u0119trzach zobaczymy renesansowy o\u0142tarz z 1618 roku, renesansow\u0105 ambon\u0119 z 1620 roku, boczny o\u0142tarz pod wezwaniem dzieci\u0105tka Jezus (Freundschaft Christi) ufundowany przez radc\u0119 handlowego kr\u00f3la Prus Fryderyka Wielkiego \u2013 Ignatza Straucha z 1772 roku.<\/strong><\/p>\n<p>&nbsp;<\/p>\n<ul>\n<li><strong>Wiadukt kolejowy<a href=\"https:\/\/www.milosnicylasu.olsztyn.pl\/wp-content\/uploads\/2021\/04\/DSCN7222-www.jpg\" data-rel=\"lightbox-image-2\" data-magnific_type=\"image\" data-rl_title=\"\" data-rl_caption=\"\" title=\"\"><img loading=\"lazy\" decoding=\"async\" class=\"size-medium wp-image-6167 alignleft\" src=\"https:\/\/www.milosnicylasu.olsztyn.pl\/wp-content\/uploads\/2021\/04\/DSCN7222-www-300x225.jpg\" alt=\"\" width=\"300\" height=\"225\" srcset=\"https:\/\/www.milosnicylasu.olsztyn.pl\/wp-content\/uploads\/2021\/04\/DSCN7222-www-300x225.jpg 300w, https:\/\/www.milosnicylasu.olsztyn.pl\/wp-content\/uploads\/2021\/04\/DSCN7222-www-768x576.jpg 768w, https:\/\/www.milosnicylasu.olsztyn.pl\/wp-content\/uploads\/2021\/04\/DSCN7222-www.jpg 1024w\" sizes=\"auto, (max-width: 300px) 100vw, 300px\" \/><\/a><\/strong><\/li>\n<\/ul>\n<p><strong>Wiadukt kolejowy &#8211; jeden z najwi\u0119kszych i naj\u0142adniej wkomponowany w otoczenie wiadukt\u00f3w Dolnego \u015al\u0105ska zosta\u0142 wybudowany przez w\u0142oskich in\u017cynier\u00f3w. D\u0142ugi na 120 metr\u00f3w i wysoki na 27 m pi\u0119knym \u0142ukiem wpisuje si\u0119 w panoram\u0119 miejscowo\u015bci i stanowi jeden z najcz\u0119\u015bciej fotografowanych obiekt\u00f3w.<\/strong><\/p>\n<p><strong>W roku 2005 mieszka\u0144cy gminy Lewin K\u0142odzki upami\u0119tnili budowniczych mostu tablic\u0105 pami\u0105tkow\u0105 wmurowan\u0105 u jego podstawy. Znajduje si\u0119 na niej napis: 1905 \u2013 2005 Ku pami\u0119ci budowniczych wiaduktu w jego 100 rocznic\u0119 tablic\u0119 pami\u0105tkow\u0105 ufundowali mieszka\u0144cy gminy Lewin K\u0142odzki.<\/strong><\/p>\n<p><strong>W grudniu 2013 roku po kilku latach przerwy wznowiono po\u0142\u0105czenia kolejowe z K\u0142odzka do Kudowy \u2013 Zdroju. Podr\u00f3\u017c do Lewina K\u0142odzkiego jest prawdziw\u0105 przyjemno\u015bci\u0105 dla podr\u00f3\u017cnych, gdy\u017c linia kolejowa biegnie malownicz\u0105 tras\u0105, w tym oko\u0142o p\u00f3\u0142 kilometra pod masywem Grod\u017aca, w okolicy Kulina K\u0142odzkiego.<\/strong><\/p>\n","protected":false},"excerpt":{"rendered":"<p>Wi\u0119kszo\u015b\u0107 z nas us\u0142ysza\u0142a o Lewinie K\u0142odzkim w zwi\u0105zku z Violett\u0105 Villas, kt\u00f3ra\u00a0 zamieszka\u0142a tu z rodzicami po wojnie, tutaj si\u0119 wychowywa\u0142a i st\u0105d w 1959 roku wystartowa\u0142a do swej kariery piosenkarskiej. W 1998 roku wr\u00f3ci\u0142a do rodzinnego domu, w kt\u00f3rym mieszka\u0142a a\u017c do \u015bmierci 5 grudnia 2011 roku.Pochowana zosta\u0142a na Starych Pow\u0105zkach w Warszawie. [&hellip;]<\/p>\n","protected":false},"author":2,"featured_media":0,"comment_status":"open","ping_status":"open","sticky":false,"template":"","format":"standard","meta":{"footnotes":""},"categories":[1],"tags":[],"class_list":["post-6164","post","type-post","status-publish","format-standard","hentry","category-bez-kategorii"],"_links":{"self":[{"href":"https:\/\/www.milosnicylasu.olsztyn.pl\/index.php?rest_route=\/wp\/v2\/posts\/6164","targetHints":{"allow":["GET"]}}],"collection":[{"href":"https:\/\/www.milosnicylasu.olsztyn.pl\/index.php?rest_route=\/wp\/v2\/posts"}],"about":[{"href":"https:\/\/www.milosnicylasu.olsztyn.pl\/index.php?rest_route=\/wp\/v2\/types\/post"}],"author":[{"embeddable":true,"href":"https:\/\/www.milosnicylasu.olsztyn.pl\/index.php?rest_route=\/wp\/v2\/users\/2"}],"replies":[{"embeddable":true,"href":"https:\/\/www.milosnicylasu.olsztyn.pl\/index.php?rest_route=%2Fwp%2Fv2%2Fcomments&post=6164"}],"version-history":[{"count":6,"href":"https:\/\/www.milosnicylasu.olsztyn.pl\/index.php?rest_route=\/wp\/v2\/posts\/6164\/revisions"}],"predecessor-version":[{"id":6173,"href":"https:\/\/www.milosnicylasu.olsztyn.pl\/index.php?rest_route=\/wp\/v2\/posts\/6164\/revisions\/6173"}],"wp:attachment":[{"href":"https:\/\/www.milosnicylasu.olsztyn.pl\/index.php?rest_route=%2Fwp%2Fv2%2Fmedia&parent=6164"}],"wp:term":[{"taxonomy":"category","embeddable":true,"href":"https:\/\/www.milosnicylasu.olsztyn.pl\/index.php?rest_route=%2Fwp%2Fv2%2Fcategories&post=6164"},{"taxonomy":"post_tag","embeddable":true,"href":"https:\/\/www.milosnicylasu.olsztyn.pl\/index.php?rest_route=%2Fwp%2Fv2%2Ftags&post=6164"}],"curies":[{"name":"wp","href":"https:\/\/api.w.org\/{rel}","templated":true}]}}