{"id":6178,"date":"2021-04-22T07:02:56","date_gmt":"2021-04-22T05:02:56","guid":{"rendered":"https:\/\/www.milosnicylasu.olsztyn.pl\/?p=6178"},"modified":"2021-04-23T00:11:04","modified_gmt":"2021-04-22T22:11:04","slug":"ciekawy-dolny-slask-kudowa-zdroj-gora-parkowa","status":"publish","type":"post","link":"https:\/\/www.milosnicylasu.olsztyn.pl\/?p=6178","title":{"rendered":"Ciekawy Dolny \u015al\u0105sk &#8211; Kudowa Zdr\u00f3j &#8211; G\u00f3ra Parkowa"},"content":{"rendered":"<p><strong>Marzec, z przydzia\u0142u NFZ,\u00a0 sp\u0119dzili\u015bmy w Kudowie Zdroju. Nie by\u0142o tak kolorowo jak latem, ale bardzo &#8222;przejrzy\u015bcie&#8221;. Po prostu przyroda by\u0142a troch\u0119 jakby &#8222;nagusie\u0144ka&#8221;, co pozwoli\u0142o zobaczy\u0107 to co trudno by\u0142oby zobaczy\u0107 latem. I tak dla porz\u0105dku to:<\/strong><\/p>\n<p><strong>Kudowa-Zdr\u00f3j \u2013 miasto uzdrowiskowe w Polsce po\u0142o\u017cone w wojew\u00f3dztwie dolno\u015bl\u0105skim, w powiecie k\u0142odzkim. Wed\u0142ug danych z 31 grudnia 2019 r. miasto mia\u0142o 9886 mieszka\u0144c\u00f3w. A co zwiedzali\u015bmy w Kudowie:<\/strong><\/p>\n<p><strong>Na pocz\u0105tek G\u00f3ra Parkowa. Stanowi rozci\u0105gni\u0119te wzniesienie w kszta\u0142cie ma\u0142ego grzbietu g\u00f3rskiego, o stromych po\u0142udniowych zboczach, g\u00f3ruj\u0105ce nad Kudow\u0105-Zdr\u00f3j.\u00a0 Po\u0142udniowo-zachodnie oraz po\u0142udniowe zbocza wzniesienia do\u015b\u0107 stromo opadaj\u0105 w kierunku Kudowskiego Potoku nad, kt\u00f3rym po\u0142o\u017cona jest Kudowa Zdr\u00f3j. Po\u0142udniowe zbocze wzniesienia stanowi przed\u0142u\u017cenie Parku Zdrojowego os\u0142aniaj\u0105ce park i kurort od p\u00f3\u0142nocy wzd\u0142u\u017c ulicy Moniuszki, na kt\u00f3rym w XVIII wieku, wytyczono pierwsze alejki spacerowe<\/strong><\/p>\n<p><strong>.Niezbyt trudne do pokonania wzniesienie, nawet dla os\u00f3b nie zaprawionych w &#8222;g\u00f3rskich wspinaczkach&#8221;. W kilku miejscach, przy schodach zamontowano por\u0119cze, przygotowano \u0142aweczki &#8230;.. Troch\u0119 wysi\u0142ku i naprawd\u0119 warto.<\/strong><\/p>\n<p><strong>A jak pokonamy wzniesienie to mo\u017cemy zobaczy\u0107:<\/strong><\/p>\n<p><strong><a href=\"https:\/\/www.milosnicylasu.olsztyn.pl\/wp-content\/uploads\/2021\/04\/P3120025-www.jpg\" data-rel=\"lightbox-image-0\" data-magnific_type=\"image\" data-rl_title=\"\" data-rl_caption=\"\" title=\"\"><img loading=\"lazy\" decoding=\"async\" class=\"size-medium wp-image-6179 alignleft\" src=\"https:\/\/www.milosnicylasu.olsztyn.pl\/wp-content\/uploads\/2021\/04\/P3120025-www-300x225.jpg\" alt=\"\" width=\"300\" height=\"225\" srcset=\"https:\/\/www.milosnicylasu.olsztyn.pl\/wp-content\/uploads\/2021\/04\/P3120025-www-300x225.jpg 300w, https:\/\/www.milosnicylasu.olsztyn.pl\/wp-content\/uploads\/2021\/04\/P3120025-www-768x576.jpg 768w, https:\/\/www.milosnicylasu.olsztyn.pl\/wp-content\/uploads\/2021\/04\/P3120025-www.jpg 1024w\" sizes=\"auto, (max-width: 300px) 100vw, 300px\" \/><\/a><\/strong><\/p>\n<p><strong>Ko\u015bci\u00f3\u0142 Chrystusa Pana \u2013 ewangelicko-augsburski ko\u015bci\u00f3\u0142 filialny nale\u017c\u0105cy do parafii Ewangelicko-Augsburskiej w K\u0142odzku. \u015awi\u0105tynia zosta\u0142a zbudowana w latach 1797\u20131798 w stylu eklektycznym. Po\u015bwi\u0119cono j\u0105 w 1798 roku.<\/strong><\/p>\n<p><strong><a href=\"https:\/\/www.milosnicylasu.olsztyn.pl\/wp-content\/uploads\/2021\/04\/P3120031-www.jpg\" data-rel=\"lightbox-image-1\" data-magnific_type=\"image\" data-rl_title=\"\" data-rl_caption=\"\" title=\"\"><img loading=\"lazy\" decoding=\"async\" class=\"size-medium wp-image-6180 alignright\" src=\"https:\/\/www.milosnicylasu.olsztyn.pl\/wp-content\/uploads\/2021\/04\/P3120031-www-300x225.jpg\" alt=\"\" width=\"300\" height=\"225\" srcset=\"https:\/\/www.milosnicylasu.olsztyn.pl\/wp-content\/uploads\/2021\/04\/P3120031-www-300x225.jpg 300w, https:\/\/www.milosnicylasu.olsztyn.pl\/wp-content\/uploads\/2021\/04\/P3120031-www-768x576.jpg 768w, https:\/\/www.milosnicylasu.olsztyn.pl\/wp-content\/uploads\/2021\/04\/P3120031-www.jpg 1024w\" sizes=\"auto, (max-width: 300px) 100vw, 300px\" \/><\/a><\/strong><\/p>\n<p><strong>Na po\u0142udniowym zboczu g\u00f3ry na wysoko\u015bci 440 m n.p.m. umiejscowiona jest drewniana altana widokowa zwana Altan\u0105 Mi\u0142o\u015bci.W jej wn\u0119trzu zakochani zostawili k\u0142\u00f3dki &#8211; ciekawostka, tym razem k\u0142\u00f3dki w altanie, a nie na mo\u015bcie. S\u0142odkie !<\/strong><\/p>\n<p>&nbsp;<\/p>\n<p><strong><a href=\"https:\/\/www.milosnicylasu.olsztyn.pl\/wp-content\/uploads\/2021\/04\/P3120033-www.jpg\" data-rel=\"lightbox-image-2\" data-magnific_type=\"image\" data-rl_title=\"\" data-rl_caption=\"\" title=\"\"><img loading=\"lazy\" decoding=\"async\" class=\"size-medium wp-image-6181 aligncenter\" src=\"https:\/\/www.milosnicylasu.olsztyn.pl\/wp-content\/uploads\/2021\/04\/P3120033-www-300x225.jpg\" alt=\"\" width=\"300\" height=\"225\" srcset=\"https:\/\/www.milosnicylasu.olsztyn.pl\/wp-content\/uploads\/2021\/04\/P3120033-www-300x225.jpg 300w, https:\/\/www.milosnicylasu.olsztyn.pl\/wp-content\/uploads\/2021\/04\/P3120033-www-768x576.jpg 768w, https:\/\/www.milosnicylasu.olsztyn.pl\/wp-content\/uploads\/2021\/04\/P3120033-www.jpg 1024w\" sizes=\"auto, (max-width: 300px) 100vw, 300px\" \/><\/a><\/strong><\/p>\n<p><strong>Jest \u00a0to niezwykle urokliwe miejsce, z kt\u00f3rego roztacza si\u0119 przepi\u0119kny widok. na kudowski\u00a0 zabytkowy\u00a0 Park Zdrojowy i na zabudowania miejskiej cz\u0119\u015bci gminy.<\/strong><\/p>\n<p>&nbsp;<\/p>\n<p><strong><a href=\"https:\/\/www.milosnicylasu.olsztyn.pl\/wp-content\/uploads\/2021\/04\/P3120034www.jpg\" data-rel=\"lightbox-image-3\" data-magnific_type=\"image\" data-rl_title=\"\" data-rl_caption=\"\" title=\"\"><img loading=\"lazy\" decoding=\"async\" class=\"size-medium wp-image-6182 alignleft\" src=\"https:\/\/www.milosnicylasu.olsztyn.pl\/wp-content\/uploads\/2021\/04\/P3120034www-300x225.jpg\" alt=\"\" width=\"300\" height=\"225\" srcset=\"https:\/\/www.milosnicylasu.olsztyn.pl\/wp-content\/uploads\/2021\/04\/P3120034www-300x225.jpg 300w, https:\/\/www.milosnicylasu.olsztyn.pl\/wp-content\/uploads\/2021\/04\/P3120034www-768x576.jpg 768w, https:\/\/www.milosnicylasu.olsztyn.pl\/wp-content\/uploads\/2021\/04\/P3120034www.jpg 1024w\" sizes=\"auto, (max-width: 300px) 100vw, 300px\" \/><\/a><\/strong><\/p>\n<p><strong>W oddali dostrzegalne s\u0105 jeszcze Wzg\u00f3rza Lewi\u0144skie i pog\u00f3rze G\u00f3r Orlickich<\/strong><\/p>\n<p><strong>Kudowsk\u0105 Altan\u0119 Mi\u0142o\u015bci gruntownie odnowiono w 2014 roku, w ramach projektu budowy i modernizacji wie\u017c i punkt\u00f3w widokowych po czeskiej i polskiej stronie Pogranicza K\u0142odzkiego. Projekt ten nosi nazw\u0119 &#8222;Miejsca pe\u0142ne widok\u00f3w w Euroregionie Glacensis&#8221;.<\/strong><\/p>\n<p>&nbsp;<\/p>\n<p><strong>A G\u00f3ry Parkowej pilnuje&#8230;&#8230;.w\u0142a\u015bnie kto? Poszmera\u0142am Go po nosie&#8230;..i nic. Straszono mnie, \u017ce kichnie, ale mo\u017ce jeszcze spa\u0142 snem zimowym &#8230;..<\/strong><\/p>\n<p><a href=\"https:\/\/www.milosnicylasu.olsztyn.pl\/wp-content\/uploads\/2021\/04\/P3120024-www.jpg\" data-rel=\"lightbox-image-4\" data-magnific_type=\"image\" data-rl_title=\"\" data-rl_caption=\"\" title=\"\"><img loading=\"lazy\" decoding=\"async\" class=\"size-medium wp-image-6188 alignright\" src=\"https:\/\/www.milosnicylasu.olsztyn.pl\/wp-content\/uploads\/2021\/04\/P3120024-www-300x225.jpg\" alt=\"\" width=\"300\" height=\"225\" srcset=\"https:\/\/www.milosnicylasu.olsztyn.pl\/wp-content\/uploads\/2021\/04\/P3120024-www-300x225.jpg 300w, https:\/\/www.milosnicylasu.olsztyn.pl\/wp-content\/uploads\/2021\/04\/P3120024-www-768x576.jpg 768w, https:\/\/www.milosnicylasu.olsztyn.pl\/wp-content\/uploads\/2021\/04\/P3120024-www.jpg 1024w\" sizes=\"auto, (max-width: 300px) 100vw, 300px\" \/><\/a><\/p>\n<p>&nbsp;<\/p>\n","protected":false},"excerpt":{"rendered":"<p>Marzec, z przydzia\u0142u NFZ,\u00a0 sp\u0119dzili\u015bmy w Kudowie Zdroju. Nie by\u0142o tak kolorowo jak latem, ale bardzo &#8222;przejrzy\u015bcie&#8221;. Po prostu przyroda by\u0142a troch\u0119 jakby &#8222;nagusie\u0144ka&#8221;, co pozwoli\u0142o zobaczy\u0107 to co trudno by\u0142oby zobaczy\u0107 latem. I tak dla porz\u0105dku to: Kudowa-Zdr\u00f3j \u2013 miasto uzdrowiskowe w Polsce po\u0142o\u017cone w wojew\u00f3dztwie dolno\u015bl\u0105skim, w powiecie k\u0142odzkim. Wed\u0142ug danych z 31 [&hellip;]<\/p>\n","protected":false},"author":2,"featured_media":0,"comment_status":"open","ping_status":"open","sticky":false,"template":"","format":"standard","meta":{"footnotes":""},"categories":[1,9,17],"tags":[],"class_list":["post-6178","post","type-post","status-publish","format-standard","hentry","category-bez-kategorii","category-ciekawostki","category-edukacja-w-terenie"],"_links":{"self":[{"href":"https:\/\/www.milosnicylasu.olsztyn.pl\/index.php?rest_route=\/wp\/v2\/posts\/6178","targetHints":{"allow":["GET"]}}],"collection":[{"href":"https:\/\/www.milosnicylasu.olsztyn.pl\/index.php?rest_route=\/wp\/v2\/posts"}],"about":[{"href":"https:\/\/www.milosnicylasu.olsztyn.pl\/index.php?rest_route=\/wp\/v2\/types\/post"}],"author":[{"embeddable":true,"href":"https:\/\/www.milosnicylasu.olsztyn.pl\/index.php?rest_route=\/wp\/v2\/users\/2"}],"replies":[{"embeddable":true,"href":"https:\/\/www.milosnicylasu.olsztyn.pl\/index.php?rest_route=%2Fwp%2Fv2%2Fcomments&post=6178"}],"version-history":[{"count":7,"href":"https:\/\/www.milosnicylasu.olsztyn.pl\/index.php?rest_route=\/wp\/v2\/posts\/6178\/revisions"}],"predecessor-version":[{"id":6191,"href":"https:\/\/www.milosnicylasu.olsztyn.pl\/index.php?rest_route=\/wp\/v2\/posts\/6178\/revisions\/6191"}],"wp:attachment":[{"href":"https:\/\/www.milosnicylasu.olsztyn.pl\/index.php?rest_route=%2Fwp%2Fv2%2Fmedia&parent=6178"}],"wp:term":[{"taxonomy":"category","embeddable":true,"href":"https:\/\/www.milosnicylasu.olsztyn.pl\/index.php?rest_route=%2Fwp%2Fv2%2Fcategories&post=6178"},{"taxonomy":"post_tag","embeddable":true,"href":"https:\/\/www.milosnicylasu.olsztyn.pl\/index.php?rest_route=%2Fwp%2Fv2%2Ftags&post=6178"}],"curies":[{"name":"wp","href":"https:\/\/api.w.org\/{rel}","templated":true}]}}