{"id":6208,"date":"2021-04-28T05:26:26","date_gmt":"2021-04-28T03:26:26","guid":{"rendered":"https:\/\/www.milosnicylasu.olsztyn.pl\/?p=6208"},"modified":"2021-04-28T05:28:28","modified_gmt":"2021-04-28T03:28:28","slug":"lesny-lud-w-kudowie","status":"publish","type":"post","link":"https:\/\/www.milosnicylasu.olsztyn.pl\/?p=6208","title":{"rendered":"Le\u015bny Lud w Kudowie"},"content":{"rendered":"<div>\n<div class=\"split split--xs mb--md\">\n<div class=\"split__left\">\n<p><a href=\"https:\/\/www.milosnicylasu.olsztyn.pl\/wp-content\/uploads\/2021\/04\/P3120024-www.jpg\" data-rel=\"lightbox-image-0\" data-magnific_type=\"image\" data-rl_title=\"\" data-rl_caption=\"\" title=\"\"><img loading=\"lazy\" decoding=\"async\" class=\"size-medium wp-image-6188 alignleft\" src=\"https:\/\/www.milosnicylasu.olsztyn.pl\/wp-content\/uploads\/2021\/04\/P3120024-www-300x225.jpg\" alt=\"\" width=\"300\" height=\"225\" srcset=\"https:\/\/www.milosnicylasu.olsztyn.pl\/wp-content\/uploads\/2021\/04\/P3120024-www-300x225.jpg 300w, https:\/\/www.milosnicylasu.olsztyn.pl\/wp-content\/uploads\/2021\/04\/P3120024-www-768x576.jpg 768w, https:\/\/www.milosnicylasu.olsztyn.pl\/wp-content\/uploads\/2021\/04\/P3120024-www.jpg 1024w\" sizes=\"auto, (max-width: 300px) 100vw, 300px\" \/><\/a><\/p>\n<\/div>\n<\/div>\n<div class=\"card-box\">\n<div class=\"content\">\n<div class=\"js-opis-pelny\">\n<div data-id_lokalizacji=\"155823\">\n<p><strong>Po opublikowaniu informacji na temat G\u00f3ry Parkowej w Kudowie, by\u0142y pytania dotycz\u0105ce zamieszczonej na jednym zdj\u0119ciu rze\u017aby. A wi\u0119c :<\/strong><\/p>\n<p><strong>Le\u015bny Lud to rze\u017aba, kt\u00f3ra zosta\u0142a wkomponowana w G\u00f3r\u0119 Parkow\u0105 niedaleko budynku sanatorium Bristol. Powoli wyrasta na atrakcj\u0119 Kudowy-Zdroju, staj\u0105c si\u0119 jednym z ulubionych miejsc, w jakim fotografuj\u0105 si\u0119 odwiedzaj\u0105cy miasto tury\u015bci.<\/strong><\/p>\n<p><strong>Rze\u017aba posta\u0142a w roku 2015 i przedstawia g\u0142ow\u0119 oraz dwie r\u0119ce. Instalacja Le\u015bnego Luda opr\u00f3cz pos\u0105gu obejmuje r\u00f3wnie\u017c nowe nasadzenia ro\u015blin. Dzi\u0119ki temu pomnik wiosn\u0105 wygl\u0105da naprawd\u0119 wspaniale.<\/strong><\/p>\n<\/div>\n<\/div>\n<\/div>\n<\/div>\n<\/div>\n","protected":false},"excerpt":{"rendered":"<p>Po opublikowaniu informacji na temat G\u00f3ry Parkowej w Kudowie, by\u0142y pytania dotycz\u0105ce zamieszczonej na jednym zdj\u0119ciu rze\u017aby. A wi\u0119c : Le\u015bny Lud to rze\u017aba, kt\u00f3ra zosta\u0142a wkomponowana w G\u00f3r\u0119 Parkow\u0105 niedaleko budynku sanatorium Bristol. Powoli wyrasta na atrakcj\u0119 Kudowy-Zdroju, staj\u0105c si\u0119 jednym z ulubionych miejsc, w jakim fotografuj\u0105 si\u0119 odwiedzaj\u0105cy miasto tury\u015bci. Rze\u017aba posta\u0142a w [&hellip;]<\/p>\n","protected":false},"author":2,"featured_media":0,"comment_status":"open","ping_status":"open","sticky":false,"template":"","format":"standard","meta":{"footnotes":""},"categories":[1,9,17],"tags":[],"class_list":["post-6208","post","type-post","status-publish","format-standard","hentry","category-bez-kategorii","category-ciekawostki","category-edukacja-w-terenie"],"_links":{"self":[{"href":"https:\/\/www.milosnicylasu.olsztyn.pl\/index.php?rest_route=\/wp\/v2\/posts\/6208","targetHints":{"allow":["GET"]}}],"collection":[{"href":"https:\/\/www.milosnicylasu.olsztyn.pl\/index.php?rest_route=\/wp\/v2\/posts"}],"about":[{"href":"https:\/\/www.milosnicylasu.olsztyn.pl\/index.php?rest_route=\/wp\/v2\/types\/post"}],"author":[{"embeddable":true,"href":"https:\/\/www.milosnicylasu.olsztyn.pl\/index.php?rest_route=\/wp\/v2\/users\/2"}],"replies":[{"embeddable":true,"href":"https:\/\/www.milosnicylasu.olsztyn.pl\/index.php?rest_route=%2Fwp%2Fv2%2Fcomments&post=6208"}],"version-history":[{"count":3,"href":"https:\/\/www.milosnicylasu.olsztyn.pl\/index.php?rest_route=\/wp\/v2\/posts\/6208\/revisions"}],"predecessor-version":[{"id":6211,"href":"https:\/\/www.milosnicylasu.olsztyn.pl\/index.php?rest_route=\/wp\/v2\/posts\/6208\/revisions\/6211"}],"wp:attachment":[{"href":"https:\/\/www.milosnicylasu.olsztyn.pl\/index.php?rest_route=%2Fwp%2Fv2%2Fmedia&parent=6208"}],"wp:term":[{"taxonomy":"category","embeddable":true,"href":"https:\/\/www.milosnicylasu.olsztyn.pl\/index.php?rest_route=%2Fwp%2Fv2%2Fcategories&post=6208"},{"taxonomy":"post_tag","embeddable":true,"href":"https:\/\/www.milosnicylasu.olsztyn.pl\/index.php?rest_route=%2Fwp%2Fv2%2Ftags&post=6208"}],"curies":[{"name":"wp","href":"https:\/\/api.w.org\/{rel}","templated":true}]}}