{"id":6212,"date":"2021-04-28T06:14:07","date_gmt":"2021-04-28T04:14:07","guid":{"rendered":"https:\/\/www.milosnicylasu.olsztyn.pl\/?p=6212"},"modified":"2021-04-28T06:17:25","modified_gmt":"2021-04-28T04:17:25","slug":"kudowa-park-zdrojowy","status":"publish","type":"post","link":"https:\/\/www.milosnicylasu.olsztyn.pl\/?p=6212","title":{"rendered":"Kudowa &#8211; Park Centralny"},"content":{"rendered":"<p><strong>Najstarsz\u0105 i najbardziej reprezentacyjn\u0105 Kudowy cz\u0119\u015bci\u0105 jest Park Centralny. <a href=\"https:\/\/www.milosnicylasu.olsztyn.pl\/wp-content\/uploads\/2021\/04\/DSCN7171-www.jpg\" data-rel=\"lightbox-image-0\" data-magnific_type=\"image\" data-rl_title=\"\" data-rl_caption=\"\" title=\"\"><img loading=\"lazy\" decoding=\"async\" class=\"size-medium wp-image-6213 alignleft\" src=\"https:\/\/www.milosnicylasu.olsztyn.pl\/wp-content\/uploads\/2021\/04\/DSCN7171-www-300x225.jpg\" alt=\"\" width=\"300\" height=\"225\" srcset=\"https:\/\/www.milosnicylasu.olsztyn.pl\/wp-content\/uploads\/2021\/04\/DSCN7171-www-300x225.jpg 300w, https:\/\/www.milosnicylasu.olsztyn.pl\/wp-content\/uploads\/2021\/04\/DSCN7171-www-768x576.jpg 768w, https:\/\/www.milosnicylasu.olsztyn.pl\/wp-content\/uploads\/2021\/04\/DSCN7171-www.jpg 1024w\" sizes=\"auto, (max-width: 300px) 100vw, 300px\" \/><\/a>O\u015b za\u0142o\u017cenia stanowi g\u0142\u00f3wna promenada maj\u0105ca sw\u00f3j pocz\u0105tek w okolicach pijalni, gdzie znajduje si\u0119 bogactwo ciekawej ro\u015blinno\u015bci. Wszystkie cz\u0119\u015bci parku urozmaicone s\u0105 licznymi \u015bcie\u017ckami i alejkami. <\/strong><\/p>\n<p>&nbsp;<\/p>\n<p><strong>Na obszarze parku Zdrojowego oraz wzd\u0142u\u017c g\u0142\u00f3wnej promenady spacerowej znajduj\u0105 si\u0119 najwa\u017cniejsze obiekty architektoniczne: \u201eZameczek\u201d, \u201ePolonia\u201d, muszla koncertowa, pod\u015bwietlana fontanna, pijalnia<\/strong><\/p>\n<p><a href=\"https:\/\/www.milosnicylasu.olsztyn.pl\/wp-content\/uploads\/2021\/04\/P3130095-www.jpg\" data-rel=\"lightbox-image-1\" data-magnific_type=\"image\" data-rl_title=\"\" data-rl_caption=\"\" title=\"\"><img loading=\"lazy\" decoding=\"async\" class=\"size-medium wp-image-6214 alignright\" src=\"https:\/\/www.milosnicylasu.olsztyn.pl\/wp-content\/uploads\/2021\/04\/P3130095-www-300x225.jpg\" alt=\"\" width=\"300\" height=\"225\" srcset=\"https:\/\/www.milosnicylasu.olsztyn.pl\/wp-content\/uploads\/2021\/04\/P3130095-www-300x225.jpg 300w, https:\/\/www.milosnicylasu.olsztyn.pl\/wp-content\/uploads\/2021\/04\/P3130095-www-768x576.jpg 768w, https:\/\/www.milosnicylasu.olsztyn.pl\/wp-content\/uploads\/2021\/04\/P3130095-www.jpg 1024w\" sizes=\"auto, (max-width: 300px) 100vw, 300px\" \/><\/a><\/p>\n<p><strong> oraz dawna hala spacerowa, czyli otwarta konstrukcja \u017celiwna, zwana dzi\u015b \u201eTeatrem Pod Blach\u0105\u201d, gdzie cz\u0119sto odbywaj\u0105 si\u0119 koncerty muzyki uzdrowiskowej oraz s\u0105siaduj\u0105cy z ni\u0105 teatr Zdrojowy.<\/strong><\/p>\n<p><a href=\"https:\/\/www.milosnicylasu.olsztyn.pl\/wp-content\/uploads\/2021\/04\/P3120059-www.jpg\" data-rel=\"lightbox-image-2\" data-magnific_type=\"image\" data-rl_title=\"\" data-rl_caption=\"\" title=\"\"><img loading=\"lazy\" decoding=\"async\" class=\"size-medium wp-image-6216 alignleft\" src=\"https:\/\/www.milosnicylasu.olsztyn.pl\/wp-content\/uploads\/2021\/04\/P3120059-www-300x225.jpg\" alt=\"\" width=\"300\" height=\"225\" srcset=\"https:\/\/www.milosnicylasu.olsztyn.pl\/wp-content\/uploads\/2021\/04\/P3120059-www-300x225.jpg 300w, https:\/\/www.milosnicylasu.olsztyn.pl\/wp-content\/uploads\/2021\/04\/P3120059-www-768x576.jpg 768w, https:\/\/www.milosnicylasu.olsztyn.pl\/wp-content\/uploads\/2021\/04\/P3120059-www.jpg 1024w\" sizes=\"auto, (max-width: 300px) 100vw, 300px\" \/><\/a><\/p>\n<p><a href=\"https:\/\/www.milosnicylasu.olsztyn.pl\/wp-content\/uploads\/2021\/04\/P3120045-www.jpg\" data-rel=\"lightbox-image-3\" data-magnific_type=\"image\" data-rl_title=\"\" data-rl_caption=\"\" title=\"\"><img loading=\"lazy\" decoding=\"async\" class=\"size-medium wp-image-6215 alignright\" src=\"https:\/\/www.milosnicylasu.olsztyn.pl\/wp-content\/uploads\/2021\/04\/P3120045-www-300x225.jpg\" alt=\"\" width=\"300\" height=\"225\" srcset=\"https:\/\/www.milosnicylasu.olsztyn.pl\/wp-content\/uploads\/2021\/04\/P3120045-www-300x225.jpg 300w, https:\/\/www.milosnicylasu.olsztyn.pl\/wp-content\/uploads\/2021\/04\/P3120045-www-768x576.jpg 768w, https:\/\/www.milosnicylasu.olsztyn.pl\/wp-content\/uploads\/2021\/04\/P3120045-www.jpg 1024w\" sizes=\"auto, (max-width: 300px) 100vw, 300px\" \/><\/a><\/p>\n<p><strong>Od zachodu park zamkni\u0119ty jest okaza\u0142ym stawem. Lata 20. XX wieku uwa\u017cane s\u0105 za lata \u015bwietno\u015bci parku. Jego niedawna renowacja przywr\u00f3ci\u0142a mu w\u0142a\u015bnie \u00f3wczesny, znany z rycin, obraz\u00f3w i starych fotografii wygl\u0105d.<\/strong><\/p>\n<p>&nbsp;<\/p>\n<p>&nbsp;<\/p>\n<p><strong>Ciekaw\u0105 cz\u0119\u015bci\u0105 <\/strong><strong>\u00a0parku \u00a0jest Ogr\u00f3d Muzyczny im. druha harcmistrza W\u0142adys\u0142awa Skoraczewskiego. Jest to niewielki, ale bardzo malowniczy obszar, na kt\u00f3rym znajduj\u0105 si\u0119 fortepian, harfa, kontrabas i stanowisko dyrygenta.<\/strong><\/p>\n<p><a href=\"https:\/\/www.milosnicylasu.olsztyn.pl\/wp-content\/uploads\/2021\/04\/P3120063-www.jpg\" data-rel=\"lightbox-image-4\" data-magnific_type=\"image\" data-rl_title=\"\" data-rl_caption=\"\" title=\"\"><img loading=\"lazy\" decoding=\"async\" class=\"size-medium wp-image-6217\" src=\"https:\/\/www.milosnicylasu.olsztyn.pl\/wp-content\/uploads\/2021\/04\/P3120063-www-300x225.jpg\" alt=\"\" width=\"300\" height=\"225\" srcset=\"https:\/\/www.milosnicylasu.olsztyn.pl\/wp-content\/uploads\/2021\/04\/P3120063-www-300x225.jpg 300w, https:\/\/www.milosnicylasu.olsztyn.pl\/wp-content\/uploads\/2021\/04\/P3120063-www-768x576.jpg 768w, https:\/\/www.milosnicylasu.olsztyn.pl\/wp-content\/uploads\/2021\/04\/P3120063-www.jpg 1024w\" sizes=\"auto, (max-width: 300px) 100vw, 300px\" \/><\/a><\/p>\n","protected":false},"excerpt":{"rendered":"<p>Najstarsz\u0105 i najbardziej reprezentacyjn\u0105 Kudowy cz\u0119\u015bci\u0105 jest Park Centralny. O\u015b za\u0142o\u017cenia stanowi g\u0142\u00f3wna promenada maj\u0105ca sw\u00f3j pocz\u0105tek w okolicach pijalni, gdzie znajduje si\u0119 bogactwo ciekawej ro\u015blinno\u015bci. Wszystkie cz\u0119\u015bci parku urozmaicone s\u0105 licznymi \u015bcie\u017ckami i alejkami. &nbsp; Na obszarze parku Zdrojowego oraz wzd\u0142u\u017c g\u0142\u00f3wnej promenady spacerowej znajduj\u0105 si\u0119 najwa\u017cniejsze obiekty architektoniczne: \u201eZameczek\u201d, \u201ePolonia\u201d, muszla koncertowa, pod\u015bwietlana [&hellip;]<\/p>\n","protected":false},"author":2,"featured_media":0,"comment_status":"open","ping_status":"open","sticky":false,"template":"","format":"standard","meta":{"footnotes":""},"categories":[1,9,17],"tags":[],"class_list":["post-6212","post","type-post","status-publish","format-standard","hentry","category-bez-kategorii","category-ciekawostki","category-edukacja-w-terenie"],"_links":{"self":[{"href":"https:\/\/www.milosnicylasu.olsztyn.pl\/index.php?rest_route=\/wp\/v2\/posts\/6212","targetHints":{"allow":["GET"]}}],"collection":[{"href":"https:\/\/www.milosnicylasu.olsztyn.pl\/index.php?rest_route=\/wp\/v2\/posts"}],"about":[{"href":"https:\/\/www.milosnicylasu.olsztyn.pl\/index.php?rest_route=\/wp\/v2\/types\/post"}],"author":[{"embeddable":true,"href":"https:\/\/www.milosnicylasu.olsztyn.pl\/index.php?rest_route=\/wp\/v2\/users\/2"}],"replies":[{"embeddable":true,"href":"https:\/\/www.milosnicylasu.olsztyn.pl\/index.php?rest_route=%2Fwp%2Fv2%2Fcomments&post=6212"}],"version-history":[{"count":4,"href":"https:\/\/www.milosnicylasu.olsztyn.pl\/index.php?rest_route=\/wp\/v2\/posts\/6212\/revisions"}],"predecessor-version":[{"id":6221,"href":"https:\/\/www.milosnicylasu.olsztyn.pl\/index.php?rest_route=\/wp\/v2\/posts\/6212\/revisions\/6221"}],"wp:attachment":[{"href":"https:\/\/www.milosnicylasu.olsztyn.pl\/index.php?rest_route=%2Fwp%2Fv2%2Fmedia&parent=6212"}],"wp:term":[{"taxonomy":"category","embeddable":true,"href":"https:\/\/www.milosnicylasu.olsztyn.pl\/index.php?rest_route=%2Fwp%2Fv2%2Fcategories&post=6212"},{"taxonomy":"post_tag","embeddable":true,"href":"https:\/\/www.milosnicylasu.olsztyn.pl\/index.php?rest_route=%2Fwp%2Fv2%2Ftags&post=6212"}],"curies":[{"name":"wp","href":"https:\/\/api.w.org\/{rel}","templated":true}]}}