{"id":623,"date":"2013-10-15T17:35:12","date_gmt":"2013-10-15T15:35:12","guid":{"rendered":"http:\/\/www.milosnicylasu.olsztyn.pl\/?p=623"},"modified":"2013-10-15T17:36:36","modified_gmt":"2013-10-15T15:36:36","slug":"zmiana-terminu-wyjazdu-do-nadlesnictwa-milomlyn","status":"publish","type":"post","link":"https:\/\/www.milosnicylasu.olsztyn.pl\/?p=623","title":{"rendered":"Zmiana terminu wyjazdu do Nadle\u015bnictwa Mi\u0142om\u0142yn"},"content":{"rendered":"<p>Informujemy, \u017ce z przyczyn od nas niezale\u017cnych zosta\u0142 zmieniony termin wyjazdu do Nadle\u015bnictwa Mi\u0142om\u0142yn. Wyjazd nast\u0105pi 8 listopada 2013r. Zbi\u00f3rka przy Teatrze Lalek, o godzinie 8.45.<\/p>\n<p>Organizatorzy<\/p>\n<p>Barbara Bruzgo , Anatol Leszczy\u0144ski<\/p>\n","protected":false},"excerpt":{"rendered":"<p>Informujemy, \u017ce z przyczyn od nas niezale\u017cnych zosta\u0142 zmieniony termin wyjazdu do Nadle\u015bnictwa Mi\u0142om\u0142yn. Wyjazd nast\u0105pi 8 listopada 2013r. Zbi\u00f3rka przy Teatrze Lalek, o godzinie 8.45. Organizatorzy Barbara Bruzgo , Anatol Leszczy\u0144ski<\/p>\n","protected":false},"author":1,"featured_media":0,"comment_status":"open","ping_status":"open","sticky":false,"template":"","format":"standard","meta":{"footnotes":""},"categories":[1,9,2,5],"tags":[],"class_list":["post-623","post","type-post","status-publish","format-standard","hentry","category-bez-kategorii","category-ciekawostki","category-rajdy","category-wycieczki"],"_links":{"self":[{"href":"https:\/\/www.milosnicylasu.olsztyn.pl\/index.php?rest_route=\/wp\/v2\/posts\/623","targetHints":{"allow":["GET"]}}],"collection":[{"href":"https:\/\/www.milosnicylasu.olsztyn.pl\/index.php?rest_route=\/wp\/v2\/posts"}],"about":[{"href":"https:\/\/www.milosnicylasu.olsztyn.pl\/index.php?rest_route=\/wp\/v2\/types\/post"}],"author":[{"embeddable":true,"href":"https:\/\/www.milosnicylasu.olsztyn.pl\/index.php?rest_route=\/wp\/v2\/users\/1"}],"replies":[{"embeddable":true,"href":"https:\/\/www.milosnicylasu.olsztyn.pl\/index.php?rest_route=%2Fwp%2Fv2%2Fcomments&post=623"}],"version-history":[{"count":3,"href":"https:\/\/www.milosnicylasu.olsztyn.pl\/index.php?rest_route=\/wp\/v2\/posts\/623\/revisions"}],"predecessor-version":[{"id":626,"href":"https:\/\/www.milosnicylasu.olsztyn.pl\/index.php?rest_route=\/wp\/v2\/posts\/623\/revisions\/626"}],"wp:attachment":[{"href":"https:\/\/www.milosnicylasu.olsztyn.pl\/index.php?rest_route=%2Fwp%2Fv2%2Fmedia&parent=623"}],"wp:term":[{"taxonomy":"category","embeddable":true,"href":"https:\/\/www.milosnicylasu.olsztyn.pl\/index.php?rest_route=%2Fwp%2Fv2%2Fcategories&post=623"},{"taxonomy":"post_tag","embeddable":true,"href":"https:\/\/www.milosnicylasu.olsztyn.pl\/index.php?rest_route=%2Fwp%2Fv2%2Ftags&post=623"}],"curies":[{"name":"wp","href":"https:\/\/api.w.org\/{rel}","templated":true}]}}