{"id":6246,"date":"2021-05-02T20:07:31","date_gmt":"2021-05-02T18:07:31","guid":{"rendered":"https:\/\/www.milosnicylasu.olsztyn.pl\/?p=6246"},"modified":"2021-05-03T11:02:38","modified_gmt":"2021-05-03T09:02:38","slug":"co-swietujemy","status":"publish","type":"post","link":"https:\/\/www.milosnicylasu.olsztyn.pl\/?p=6246","title":{"rendered":"Co \u015bwi\u0119tujemy ?"},"content":{"rendered":"<p><strong>Co \u015bwi\u0119tujemy 1 maja, co 2 maja, a jakie \u015bwi\u0119to przypada 3 maja?<\/strong><\/p>\n<p><strong>1 maja\u00a0\u2013\u00a0\u015awi\u0119to Pracy<\/strong><\/p>\n<p>1 maja to \u015awi\u0119to Pracy, inaczej Mi\u0119dzynarodowy Dzie\u0144 Solidarno\u015bci Ludzi Pracy. W Polsce jest obchodzony od 1890 r., jednak \u015bwi\u0119tem pa\u0144stwowym jest od 1950 r<\/p>\n<p><strong>2 maja\u00a0\u2013\u00a0Dzie\u0144 Flagi<\/strong><\/p>\n<p>Z kolei 2 maja to Dzie\u0144 Flagi. \u015awi\u0119to to wprowadzone zosta\u0142o do kalendarza w 2004 r. na pami\u0105tk\u0119 wydarzenia, jakim by\u0142o wywieszenie polskiej flagi podczas walk o Berlin na 67-metrowej Kolumnie Zwyci\u0119stwa\u00a0 Siegessaule oraz\u00a0 za\u0142o\u017cenie 2 maja 1945 r\u00a0 na Reichstagu w Berlinie\u00a0 &#8211; polskiej bia\u0142o &#8211; czerwonej flagi przez polskich \u017co\u0142nierzy zdobywaj\u0105cych stolic\u0119 hitlerowskich Niemiec.<strong><br \/>\n<\/strong><\/p>\n<p><strong>3 maja\u00a0\u2013 \u015bwi\u0119to uchwalenia Konstytucji 3 maja<\/strong><\/p>\n<p>Natomiast 3 maja jest \u015bwi\u0119tem pa\u0144stwowym na pami\u0105tk\u0119 uchwalenia w\u00a01791 r. Konstytucji 3 maja. By\u0142a ona pierwsz\u0105 w\u00a0Europie i\u00a0drug\u0105 na \u015bwiecie, niezwykle post\u0119pow\u0105 konstytucj\u0105, kt\u00f3ra sta\u0142a si\u0119 symbolem historyczno-narodowym. Kolejne rocznice jej uchwalenia by\u0142y okazj\u0105 do zamanifestowania wolno\u015bci narodu wzgl\u0119dem obcej w\u0142adzy czy suwerenno\u015bci spo\u0142ecze\u0144stwa wobec rz\u0105dz\u0105cych.<\/p>\n<p>_________________________<\/p>\n<div class=\"c1 withTopMargin40\">\n<div class=\"article\">\n<div class=\"title\"><strong>\u00a0<em>Polska Zbrojna<\/em><em> &#8222;Tajemnice polskiej flagi nad Berlinem&#8221; 2015 r,.<\/em><\/strong><\/div>\n<div class=\"content tinyMce\">\n<p><strong>By\u0142 ostatnim z pi\u0119ciu bohater\u00f3w, kt\u00f3rzy 2 maja 1945 roku zawiesili bia\u0142o-czerwon\u0105 flag\u0119 na Kolumnie Zwyci\u0119stwa w Berlinie. Wydarzenie, w kt\u00f3rym wzi\u0105\u0142 udzia\u0142 kapitan Antoni Jab\u0142o\u0144ski, sta\u0142o si\u0119 symbolem zwyci\u0119stwa Polak\u00f3w w II wojnie \u015bwiatowej. <\/strong><strong>Wspomina\u0142:<\/strong><\/p>\n<p><strong><img decoding=\"async\" class=\"alignleft\" src=\"http:\/\/www.polska-zbrojna.pl\/imageslibrary\/GetImage\/40682\" alt=\"\" \/><\/strong><br \/>\n<strong>\u2013 Noc\u0105 z 1 na 2 maja 1945 roku nasz oddzia\u0142 dotar\u0142 do Kolumny Zwyci\u0119stwa w Berlinie i do \u015bwitu siedzieli\u015bmy pod schodami, kryj\u0105c si\u0119 przed ostrza\u0142em \u2013 opowiada\u0142 kapitan Antoni Jab\u0142o\u0144ski w wywiadzie radiowym w 2012 roku.<\/strong><\/p>\n<p><strong>Jab\u0142o\u0144ski walczy\u0142 o zdobycie Berlina jako kapral w 1 Pu\u0142ku Artylerii Lekkiej 1 Dywizji Piechoty im. Tadeusza Ko\u015bciuszki. Wspomina\u0142, \u017ce rano 2 maja jego dow\u00f3dca zobaczy\u0142, i\u017c Niemcy sk\u0142adaj\u0105 bro\u0144. To wtedy zadecydowa\u0142, \u017ce jego \u017co\u0142nierze musz\u0105 wywiesi\u0107 polsk\u0105 flag\u0119 na blisko 67-metrowym monumencie.<\/strong><\/p>\n<p><em><strong>Pi\u0119ciu odwa\u017cnych<\/strong><\/em><\/p>\n<p><strong>Wykonania zadania <em>podj\u0119\u0142o<\/em> si\u0119 pi\u0119ciu \u017co\u0142nierzy. Dowodzi\u0142 nimi 40-letni ppor. Miko\u0142aj Troicki, zast\u0119pca dow\u00f3dcy baterii ds. polityczno-wychowawczych. W czasie kampanii wrze\u015bniowej walczy\u0142 w bitwie nad Bzur\u0105, potem dzia\u0142a\u0142 w Armii Krajowej. Wojenna zawierucha sprawi\u0142a, \u017ce w 1945 roku znalaz\u0142 si\u0119 w 1 Armii Wojska Polskiego.<\/strong><\/p>\n<p><strong>Do zawieszenia flagi zg\u0142osi\u0142 si\u0119 tak\u017ce kapral Jab\u0142o\u0144ski pochodz\u0105cy z podlaskiego Sura\u017cu. Kiedy we wrze\u015bniu 1939 roku przyszli tam Rosjanie, wcielili go si\u0142\u0105 do Armii Czerwonej. Walczy\u0142 w jej szeregach do sierpnia 1941 roku, a potem pracowa\u0142 w batalionach roboczych na Uralu. Nie zd\u0105\u017cy\u0142 do armii gen. W\u0142adys\u0142awa Andersa i w 1943 roku zaci\u0105gn\u0105\u0142 si\u0119 do tworz\u0105cej si\u0119 w Sielcach nad Ok\u0105 1 Dywizji Piechoty p\u0142k. Zygmunta Berlinga. \u2013 S\u0142u\u017cy\u0142em w artylerii, obs\u0142ugiwa\u0142em radiostacj\u0119 \u2013 opowiada\u0142 Jab\u0142o\u0144ski. Walczy\u0142 potem pod Lenino, Warszaw\u0105 i o Wa\u0142 Pomorski.<\/strong><\/p>\n<p><strong>Ca\u0142\u0105 drog\u0119 znad Oki przeszed\u0142 te\u017c 25-letni plutonowy Kazimierz Otap. Sowieci wywie\u017ali go w 1939 roku spod Bia\u0142egostoku na Sybir i tak jak Jab\u0142o\u0144ski wyszed\u0142 z ZSRR z Berlingiem.<\/strong><\/p>\n<p><strong>Czwarty z \u017co\u0142nierzy \u2013 21-letni kanonier Eugeniusz Mierzejewski w czasie okupacji wsp\u00f3\u0142pracowa\u0142 z podziemiem, a jesieni\u0105 1944 roku po wkroczeniu Armii Czerwonej wst\u0105pi\u0142 w szeregi polskiego wojska. Najmniej wiadomo o losach pi\u0105tego bohatera \u2013 kanoniera Aleksandra Karpowicza.<\/strong><\/p>\n<p><strong>Pi\u0119ciu \u017co\u0142nierzy po wysokich schodach wspi\u0119\u0142o si\u0119 na szczyt kolumny, kt\u00f3ra wcze\u015bniej s\u0142u\u017cy\u0142a hitlerowcom za punkt obserwacyjny. \u2013 Potykali\u015bmy si\u0119 o sploty przewod\u00f3w telefonicznych, skrzynki od amunicji i \u0142uski po wystrzelonych pociskach \u2013 opowiada\u0142 Troicki w latach 70. na \u0142amach \u201eExpressu Wieczornego\u201d.<\/strong><\/p>\n<p><strong>Plut. Otap przyznawa\u0142 we wspomnieniach, \u017ce ba\u0142 si\u0119 podczas tej w\u0119dr\u00f3wki. \u2013 W kilku punktach miasta bi\u0142a jeszcze artyleria niemiecka i wspinaj\u0105c si\u0119 na szczyt ze sztandarem spodziewali\u015bmy si\u0119 ci\u0105gle strza\u0142u \u2013 m\u00f3wi\u0142 podoficer. To w\u0142a\u015bnie on przymocowa\u0142 do pos\u0105gu polsk\u0105 flag\u0119.<\/strong><\/p>\n<p><strong><img decoding=\"async\" class=\"alignright\" src=\"http:\/\/www.polska-zbrojna.pl\/imageslibrary\/GetImage\/40683\" alt=\"\" \/>Sztandar przywi\u0105zano niemieckimi kablami do drzewca wyci\u0119tego w pobliskim parku. \u2013 Ch\u0142opcy, przypad\u0142o nam w udziale zawiesi\u0107 flag\u0119 narodu polskiego pod Berlinem \u2013 powiedzia\u0142 na szczycie kolumny ppor. Troicki.<\/strong><\/p>\n<p><strong>Dzie\u0144 Flagi na cze\u015b\u0107 bohater\u00f3w<\/strong><\/p>\n<p><strong>Mimo r\u00f3\u017cnych w\u0105tpliwo\u015bci dotycz\u0105cych przebiegu zdarze\u0144 z 2 maja 1945 roku pewne jest jedno: \u2013 Po wojnie sta\u0142o si\u0119 ono symbolem udzia\u0142u Polak\u00f3w w szturmie Berlina \u2013 m\u00f3wi Franciszek Kowalik, badacz dziej\u00f3w II wojny. By\u0142o te\u017c jedn\u0105 z inspiracji do ustanowienia w 2004 roku2 maja\u00a0 Dniem Flagi.<\/strong><\/p>\n<p><strong>Pi\u0105tka \u017co\u0142nierzy, kt\u00f3rzy w dniu kapitulacji hitlerowskiej stolicy zawiesili bia\u0142o-czerwony sztandar, wr\u00f3ci\u0142a do Polski. Mierzejewski zamieszka\u0142 pod Dzia\u0142dowem, a ppor. Troicki w rodzinnym Sochaczewie. Oficer zmar\u0142 12 kwietnia 1989 roku. Kazimierz Otap po wojnie by\u0142 konduktorem na kolei, potem pracowa\u0142 w Petrochemii P\u0142ockiej. Zmar\u0142 26 lutego 2006 roku w wieku 86 lat. Antoni Jab\u0142o\u0144ski mieszka\u0142 w Sura\u017cu, by\u0142 sprzedawc\u0105 i listonoszem, potem dzia\u0142a\u0142 w organizacjach kombatanckich, zmar\u0142 6 lipca 2015\u00a0 roku w wieku 96 lat.<\/strong><\/p>\n<\/div>\n<div class=\"content tinyMce\"><\/div>\n<div class=\"artAuthor\"><strong>na podstawie artyku\u0142u\u00a0 Anny D\u0105browskiej<\/strong><\/div>\n<\/div>\n<\/div>\n","protected":false},"excerpt":{"rendered":"<p>Co \u015bwi\u0119tujemy 1 maja, co 2 maja, a jakie \u015bwi\u0119to przypada 3 maja? 1 maja\u00a0\u2013\u00a0\u015awi\u0119to Pracy 1 maja to \u015awi\u0119to Pracy, inaczej Mi\u0119dzynarodowy Dzie\u0144 Solidarno\u015bci Ludzi Pracy. W Polsce jest obchodzony od 1890 r., jednak \u015bwi\u0119tem pa\u0144stwowym jest od 1950 r 2 maja\u00a0\u2013\u00a0Dzie\u0144 Flagi Z kolei 2 maja to Dzie\u0144 Flagi. \u015awi\u0119to to wprowadzone zosta\u0142o [&hellip;]<\/p>\n","protected":false},"author":2,"featured_media":0,"comment_status":"open","ping_status":"open","sticky":false,"template":"","format":"standard","meta":{"footnotes":""},"categories":[1,9],"tags":[],"class_list":["post-6246","post","type-post","status-publish","format-standard","hentry","category-bez-kategorii","category-ciekawostki"],"_links":{"self":[{"href":"https:\/\/www.milosnicylasu.olsztyn.pl\/index.php?rest_route=\/wp\/v2\/posts\/6246","targetHints":{"allow":["GET"]}}],"collection":[{"href":"https:\/\/www.milosnicylasu.olsztyn.pl\/index.php?rest_route=\/wp\/v2\/posts"}],"about":[{"href":"https:\/\/www.milosnicylasu.olsztyn.pl\/index.php?rest_route=\/wp\/v2\/types\/post"}],"author":[{"embeddable":true,"href":"https:\/\/www.milosnicylasu.olsztyn.pl\/index.php?rest_route=\/wp\/v2\/users\/2"}],"replies":[{"embeddable":true,"href":"https:\/\/www.milosnicylasu.olsztyn.pl\/index.php?rest_route=%2Fwp%2Fv2%2Fcomments&post=6246"}],"version-history":[{"count":10,"href":"https:\/\/www.milosnicylasu.olsztyn.pl\/index.php?rest_route=\/wp\/v2\/posts\/6246\/revisions"}],"predecessor-version":[{"id":6256,"href":"https:\/\/www.milosnicylasu.olsztyn.pl\/index.php?rest_route=\/wp\/v2\/posts\/6246\/revisions\/6256"}],"wp:attachment":[{"href":"https:\/\/www.milosnicylasu.olsztyn.pl\/index.php?rest_route=%2Fwp%2Fv2%2Fmedia&parent=6246"}],"wp:term":[{"taxonomy":"category","embeddable":true,"href":"https:\/\/www.milosnicylasu.olsztyn.pl\/index.php?rest_route=%2Fwp%2Fv2%2Fcategories&post=6246"},{"taxonomy":"post_tag","embeddable":true,"href":"https:\/\/www.milosnicylasu.olsztyn.pl\/index.php?rest_route=%2Fwp%2Fv2%2Ftags&post=6246"}],"curies":[{"name":"wp","href":"https:\/\/api.w.org\/{rel}","templated":true}]}}