{"id":6257,"date":"2021-05-07T05:41:31","date_gmt":"2021-05-07T03:41:31","guid":{"rendered":"https:\/\/www.milosnicylasu.olsztyn.pl\/?p=6257"},"modified":"2021-05-07T05:42:27","modified_gmt":"2021-05-07T03:42:27","slug":"biale-dywany","status":"publish","type":"post","link":"https:\/\/www.milosnicylasu.olsztyn.pl\/?p=6257","title":{"rendered":"Bia\u0142e dywany&#8230;&#8230;&#8230;.."},"content":{"rendered":"<p><a href=\"https:\/\/www.milosnicylasu.olsztyn.pl\/wp-content\/uploads\/2021\/05\/P5050021-www.jpg\" data-rel=\"lightbox-image-0\" data-magnific_type=\"image\" data-rl_title=\"\" data-rl_caption=\"\" title=\"\"><img loading=\"lazy\" decoding=\"async\" class=\"size-medium wp-image-6258 alignleft\" src=\"https:\/\/www.milosnicylasu.olsztyn.pl\/wp-content\/uploads\/2021\/05\/P5050021-www-300x225.jpg\" alt=\"\" width=\"300\" height=\"225\" srcset=\"https:\/\/www.milosnicylasu.olsztyn.pl\/wp-content\/uploads\/2021\/05\/P5050021-www-300x225.jpg 300w, https:\/\/www.milosnicylasu.olsztyn.pl\/wp-content\/uploads\/2021\/05\/P5050021-www-768x576.jpg 768w, https:\/\/www.milosnicylasu.olsztyn.pl\/wp-content\/uploads\/2021\/05\/P5050021-www.jpg 1024w\" sizes=\"auto, (max-width: 300px) 100vw, 300px\" \/><\/a><\/p>\n<p><strong>Zakwit\u0142y zawilce. Jest ich ca\u0142e mn\u00f3stwo, pewnie wsz\u0119dzie, ale tak blisko &#8211; w lesie, przy drodze, od CEiK -u w stron\u0119 Dywit. Warto zobaczy\u0107, bo przecie\u017c za chwil\u0119 ju\u017c ich nie b\u0119dzie.<\/strong><\/p>\n<p><a href=\"https:\/\/www.milosnicylasu.olsztyn.pl\/wp-content\/uploads\/2021\/05\/P5050017-www.jpg\" data-rel=\"lightbox-image-1\" data-magnific_type=\"image\" data-rl_title=\"\" data-rl_caption=\"\" title=\"\"><img loading=\"lazy\" decoding=\"async\" class=\"size-medium wp-image-6259 alignright\" src=\"https:\/\/www.milosnicylasu.olsztyn.pl\/wp-content\/uploads\/2021\/05\/P5050017-www-300x225.jpg\" alt=\"\" width=\"300\" height=\"225\" srcset=\"https:\/\/www.milosnicylasu.olsztyn.pl\/wp-content\/uploads\/2021\/05\/P5050017-www-300x225.jpg 300w, https:\/\/www.milosnicylasu.olsztyn.pl\/wp-content\/uploads\/2021\/05\/P5050017-www-768x576.jpg 768w, https:\/\/www.milosnicylasu.olsztyn.pl\/wp-content\/uploads\/2021\/05\/P5050017-www.jpg 1024w\" sizes=\"auto, (max-width: 300px) 100vw, 300px\" \/><\/a><\/p>\n<p><strong>A zawilec \u2013 rodzaj ro\u015blin z rodziny jaskrowatych licz\u0105cy oko\u0142o 144\u2013159 gatunk\u00f3w. Wyst\u0119puj\u0105 niemal na ca\u0142ym \u015bwiecie, g\u0142\u00f3wnie w strefie klimatu ch\u0142odnego i arktycznego p\u00f3\u0142kuli p\u00f3\u0142nocnej, w strefie mi\u0119dzyzwrotnikowej na obszarach g\u00f3rskich. Zasiedlaj\u0105 g\u0142\u00f3wnie lasy, zaro\u015bla, \u0142\u0105ki g\u00f3rskie i suche murawy.<\/strong><\/p>\n<p><em><strong>W internecie znalaz\u0142am uroczy wierszyk Zbyszka \/tak si\u0119 podpisa\u0142\/<\/strong><\/em><\/p>\n<p><strong>\u00a0Spa\u0142 smacznie pod buczyn\u0105<\/strong><br \/>\n<strong>wtulony w jej korzenie<\/strong><br \/>\n<strong>\u015bni\u0142a mu si\u0119 przylaszczka<\/strong><br \/>\n<strong>romantyczne zdarzenie.<a href=\"https:\/\/www.milosnicylasu.olsztyn.pl\/wp-content\/uploads\/2021\/05\/P5050016-www.jpg\" data-rel=\"lightbox-image-2\" data-magnific_type=\"image\" data-rl_title=\"\" data-rl_caption=\"\" title=\"\"><img loading=\"lazy\" decoding=\"async\" class=\"size-medium wp-image-6260 alignleft\" src=\"https:\/\/www.milosnicylasu.olsztyn.pl\/wp-content\/uploads\/2021\/05\/P5050016-www-300x225.jpg\" alt=\"\" width=\"300\" height=\"225\" srcset=\"https:\/\/www.milosnicylasu.olsztyn.pl\/wp-content\/uploads\/2021\/05\/P5050016-www-300x225.jpg 300w, https:\/\/www.milosnicylasu.olsztyn.pl\/wp-content\/uploads\/2021\/05\/P5050016-www-768x576.jpg 768w, https:\/\/www.milosnicylasu.olsztyn.pl\/wp-content\/uploads\/2021\/05\/P5050016-www.jpg 1024w\" sizes=\"auto, (max-width: 300px) 100vw, 300px\" \/><\/a><\/strong><\/p>\n<p><strong>I pewnie spa\u0142by dalej<\/strong><br \/>\n<strong>b\u0142ogie snuj\u0105c marzenia<\/strong><br \/>\n<strong>ale obok przebi\u015bnieg<\/strong><br \/>\n<strong>zbudzi\u0142 go z odr\u0119twienia.<\/strong><\/p>\n<p><strong>Dok\u0105d p\u0119dzisz wariacie<\/strong><br \/>\n<strong>ziewn\u0105\u0142 sennie zawilec<\/strong><br \/>\n<strong>wiosna krzykn\u0105\u0142 przebi\u015bnieg<\/strong><br \/>\n<strong>trzeba spod ziemi wylec.<\/strong><\/p>\n","protected":false},"excerpt":{"rendered":"<p>Zakwit\u0142y zawilce. Jest ich ca\u0142e mn\u00f3stwo, pewnie wsz\u0119dzie, ale tak blisko &#8211; w lesie, przy drodze, od CEiK -u w stron\u0119 Dywit. Warto zobaczy\u0107, bo przecie\u017c za chwil\u0119 ju\u017c ich nie b\u0119dzie. A zawilec \u2013 rodzaj ro\u015blin z rodziny jaskrowatych licz\u0105cy oko\u0142o 144\u2013159 gatunk\u00f3w. Wyst\u0119puj\u0105 niemal na ca\u0142ym \u015bwiecie, g\u0142\u00f3wnie w strefie klimatu ch\u0142odnego i [&hellip;]<\/p>\n","protected":false},"author":2,"featured_media":0,"comment_status":"open","ping_status":"open","sticky":false,"template":"","format":"standard","meta":{"footnotes":""},"categories":[1,9],"tags":[],"class_list":["post-6257","post","type-post","status-publish","format-standard","hentry","category-bez-kategorii","category-ciekawostki"],"_links":{"self":[{"href":"https:\/\/www.milosnicylasu.olsztyn.pl\/index.php?rest_route=\/wp\/v2\/posts\/6257","targetHints":{"allow":["GET"]}}],"collection":[{"href":"https:\/\/www.milosnicylasu.olsztyn.pl\/index.php?rest_route=\/wp\/v2\/posts"}],"about":[{"href":"https:\/\/www.milosnicylasu.olsztyn.pl\/index.php?rest_route=\/wp\/v2\/types\/post"}],"author":[{"embeddable":true,"href":"https:\/\/www.milosnicylasu.olsztyn.pl\/index.php?rest_route=\/wp\/v2\/users\/2"}],"replies":[{"embeddable":true,"href":"https:\/\/www.milosnicylasu.olsztyn.pl\/index.php?rest_route=%2Fwp%2Fv2%2Fcomments&post=6257"}],"version-history":[{"count":2,"href":"https:\/\/www.milosnicylasu.olsztyn.pl\/index.php?rest_route=\/wp\/v2\/posts\/6257\/revisions"}],"predecessor-version":[{"id":6262,"href":"https:\/\/www.milosnicylasu.olsztyn.pl\/index.php?rest_route=\/wp\/v2\/posts\/6257\/revisions\/6262"}],"wp:attachment":[{"href":"https:\/\/www.milosnicylasu.olsztyn.pl\/index.php?rest_route=%2Fwp%2Fv2%2Fmedia&parent=6257"}],"wp:term":[{"taxonomy":"category","embeddable":true,"href":"https:\/\/www.milosnicylasu.olsztyn.pl\/index.php?rest_route=%2Fwp%2Fv2%2Fcategories&post=6257"},{"taxonomy":"post_tag","embeddable":true,"href":"https:\/\/www.milosnicylasu.olsztyn.pl\/index.php?rest_route=%2Fwp%2Fv2%2Ftags&post=6257"}],"curies":[{"name":"wp","href":"https:\/\/api.w.org\/{rel}","templated":true}]}}