{"id":6272,"date":"2021-05-14T18:06:43","date_gmt":"2021-05-14T16:06:43","guid":{"rendered":"https:\/\/www.milosnicylasu.olsztyn.pl\/?p=6272"},"modified":"2021-05-14T18:06:43","modified_gmt":"2021-05-14T16:06:43","slug":"dzien-polskiej-niezapominajki","status":"publish","type":"post","link":"https:\/\/www.milosnicylasu.olsztyn.pl\/?p=6272","title":{"rendered":"Dzie\u0144 Polskiej Niezapominajki"},"content":{"rendered":"<div class=\"SzZmKb\">\n<div class=\"K20DDe otrRac R9GLFb JXFbbc LtKgIf a1vOw BY2RHc\" lang=\"pl-PL\" data-hveid=\"CCYQAA\" data-ved=\"2ahUKEwjT4vDF8MjwAhXkpIsKHcg6AHMQxPoBegQIJhAA\">\n<div class=\"Hhmu2e wDYxhc NFQFxe viOShc LKPcQc\" lang=\"pl-PL\" data-md=\"16\" data-hveid=\"CCsQAA\" data-ved=\"2ahUKEwjT4vDF8MjwAhXkpIsKHcg6AHMQhygwGnoECCsQAA\">\n<div class=\"Ftghae VgfJld iirjIb\">\n<div class=\"SPZz6b\">\n<h2 class=\"qrShPb kno-ecr-pt PZPZlf mfMhoc hNKfZe\" data-local-attribute=\"d3bn\" data-attrid=\"title\" data-ved=\"2ahUKEwjT4vDF8MjwAhXkpIsKHcg6AHMQ3B0oATAaegQIKxAL\">Dzie\u0144 Polskiej Niezapominajki \/tak dla przypomnienia\/<\/h2>\n<\/div>\n<\/div>\n<\/div>\n<\/div>\n<\/div>\n<p><a href=\"https:\/\/www.milosnicylasu.olsztyn.pl\/wp-content\/uploads\/2020\/05\/DSCN5370-www.jpg\" data-rel=\"lightbox-image-0\" data-magnific_type=\"image\" data-rl_title=\"\" data-rl_caption=\"\" title=\"\"><img loading=\"lazy\" decoding=\"async\" class=\"size-medium wp-image-5502 alignleft\" src=\"https:\/\/www.milosnicylasu.olsztyn.pl\/wp-content\/uploads\/2020\/05\/DSCN5370-www-300x169.jpg\" alt=\"\" width=\"300\" height=\"169\" srcset=\"https:\/\/www.milosnicylasu.olsztyn.pl\/wp-content\/uploads\/2020\/05\/DSCN5370-www-300x169.jpg 300w, https:\/\/www.milosnicylasu.olsztyn.pl\/wp-content\/uploads\/2020\/05\/DSCN5370-www-768x432.jpg 768w, https:\/\/www.milosnicylasu.olsztyn.pl\/wp-content\/uploads\/2020\/05\/DSCN5370-www-730x410.jpg 730w, https:\/\/www.milosnicylasu.olsztyn.pl\/wp-content\/uploads\/2020\/05\/DSCN5370-www.jpg 1024w\" sizes=\"auto, (max-width: 300px) 100vw, 300px\" \/><\/a><\/p>\n<p>&nbsp;<\/p>\n<p><strong>Dzie\u0144 Polskiej Niezapominajki \u2013 \u015bwi\u0119to przyrody obchodzone corocznie 15 maja, maj\u0105ce na celu promowanie jej walor\u00f3w, sta\u0142e przypominanie o ochronie \u015brodowiska i zachowaniu r\u00f3\u017cnorodno\u015bci biologicznej Polski. \u015awi\u0119to ma r\u00f3wnie\u017c na celu zachowanie od zapomnienia wa\u017cnych chwil w \u017cyciu, os\u00f3b, miejsc, sytuacji&#8230;&#8230;&#8230;.a wi\u0119c po\u015bwi\u0119camy 15 maja na przypominanie&#8230;&#8230;&#8230;&#8230;<br \/>\n<\/strong><\/p>\n<p><strong>ale tylko tych mi\u0142ych os\u00f3b , miejsc, sytuacji&#8230;&#8230;&#8230;<\/strong><\/p>\n","protected":false},"excerpt":{"rendered":"<p>Dzie\u0144 Polskiej Niezapominajki \/tak dla przypomnienia\/ &nbsp; Dzie\u0144 Polskiej Niezapominajki \u2013 \u015bwi\u0119to przyrody obchodzone corocznie 15 maja, maj\u0105ce na celu promowanie jej walor\u00f3w, sta\u0142e przypominanie o ochronie \u015brodowiska i zachowaniu r\u00f3\u017cnorodno\u015bci biologicznej Polski. \u015awi\u0119to ma r\u00f3wnie\u017c na celu zachowanie od zapomnienia wa\u017cnych chwil w \u017cyciu, os\u00f3b, miejsc, sytuacji&#8230;&#8230;&#8230;.a wi\u0119c po\u015bwi\u0119camy 15 maja na przypominanie&#8230;&#8230;&#8230;&#8230; ale [&hellip;]<\/p>\n","protected":false},"author":2,"featured_media":0,"comment_status":"open","ping_status":"open","sticky":false,"template":"","format":"standard","meta":{"footnotes":""},"categories":[1,9,17],"tags":[],"class_list":["post-6272","post","type-post","status-publish","format-standard","hentry","category-bez-kategorii","category-ciekawostki","category-edukacja-w-terenie"],"_links":{"self":[{"href":"https:\/\/www.milosnicylasu.olsztyn.pl\/index.php?rest_route=\/wp\/v2\/posts\/6272","targetHints":{"allow":["GET"]}}],"collection":[{"href":"https:\/\/www.milosnicylasu.olsztyn.pl\/index.php?rest_route=\/wp\/v2\/posts"}],"about":[{"href":"https:\/\/www.milosnicylasu.olsztyn.pl\/index.php?rest_route=\/wp\/v2\/types\/post"}],"author":[{"embeddable":true,"href":"https:\/\/www.milosnicylasu.olsztyn.pl\/index.php?rest_route=\/wp\/v2\/users\/2"}],"replies":[{"embeddable":true,"href":"https:\/\/www.milosnicylasu.olsztyn.pl\/index.php?rest_route=%2Fwp%2Fv2%2Fcomments&post=6272"}],"version-history":[{"count":1,"href":"https:\/\/www.milosnicylasu.olsztyn.pl\/index.php?rest_route=\/wp\/v2\/posts\/6272\/revisions"}],"predecessor-version":[{"id":6273,"href":"https:\/\/www.milosnicylasu.olsztyn.pl\/index.php?rest_route=\/wp\/v2\/posts\/6272\/revisions\/6273"}],"wp:attachment":[{"href":"https:\/\/www.milosnicylasu.olsztyn.pl\/index.php?rest_route=%2Fwp%2Fv2%2Fmedia&parent=6272"}],"wp:term":[{"taxonomy":"category","embeddable":true,"href":"https:\/\/www.milosnicylasu.olsztyn.pl\/index.php?rest_route=%2Fwp%2Fv2%2Fcategories&post=6272"},{"taxonomy":"post_tag","embeddable":true,"href":"https:\/\/www.milosnicylasu.olsztyn.pl\/index.php?rest_route=%2Fwp%2Fv2%2Ftags&post=6272"}],"curies":[{"name":"wp","href":"https:\/\/api.w.org\/{rel}","templated":true}]}}