{"id":6297,"date":"2021-05-25T06:54:54","date_gmt":"2021-05-25T04:54:54","guid":{"rendered":"https:\/\/www.milosnicylasu.olsztyn.pl\/?p=6297"},"modified":"2021-05-25T07:04:02","modified_gmt":"2021-05-25T05:04:02","slug":"czarne-tulipany","status":"publish","type":"post","link":"https:\/\/www.milosnicylasu.olsztyn.pl\/?p=6297","title":{"rendered":"Czarne tulipany"},"content":{"rendered":"<p><a href=\"https:\/\/www.milosnicylasu.olsztyn.pl\/wp-content\/uploads\/2021\/05\/P524000www.jpg\" data-rel=\"lightbox-image-0\" data-magnific_type=\"image\" data-rl_title=\"\" data-rl_caption=\"\" title=\"\"><img loading=\"lazy\" decoding=\"async\" class=\"size-medium wp-image-6298 alignleft\" src=\"https:\/\/www.milosnicylasu.olsztyn.pl\/wp-content\/uploads\/2021\/05\/P524000www-300x225.jpg\" alt=\"\" width=\"300\" height=\"225\" srcset=\"https:\/\/www.milosnicylasu.olsztyn.pl\/wp-content\/uploads\/2021\/05\/P524000www-300x225.jpg 300w, https:\/\/www.milosnicylasu.olsztyn.pl\/wp-content\/uploads\/2021\/05\/P524000www-768x576.jpg 768w, https:\/\/www.milosnicylasu.olsztyn.pl\/wp-content\/uploads\/2021\/05\/P524000www.jpg 1024w\" sizes=\"auto, (max-width: 300px) 100vw, 300px\" \/><\/a><\/p>\n<p><strong>Czarne tulipany, a w\u0142a\u015bciwie bordowo-fioletowe rosn\u0105 w naszym ogrodzie od lat. Pozostaje tajemnic\u0105 czemu tak zosta\u0142y nazwane, ale s\u0105 pi\u0119kne, mimo, \u017ce tak naprawd\u0119 nie s\u0105 czarne. Nie s\u0105 wymagaj\u0105ce. Cebulki nie s\u0105 wykopywane po przekwitni\u0119ciu, przesuszane, ponownie wsadzane we wrze\u015bniu. Rozmna\u017caj\u0105 si\u0119, czasem wiosn\u0105 ich kwiaty znajdujemy w r\u00f3\u017cnych\u00a0 miejscach w ogrodzie. Nie choruj\u0105&#8230;&#8230;. bo tulipany te\u017c choruj\u0105. Mamy takie przyk\u0142ady. Czerwono-\u017c\u00f3\u0142ty tulipan nale\u017ca\u0142oby wykopa\u0107 i nie nadaje si\u0119 nawet na kompost. Nie wyrzucamy, kwitnie u nas samotnie ju\u017c wiele sezon\u00f3w. Nie ma cebulek przyrostowych, widocznie wirusy, kt\u00f3re go zaatakowa\u0142y, uniemo\u017cliwiaj\u0105 rozmna\u017canie. <a href=\"https:\/\/www.milosnicylasu.olsztyn.pl\/wp-content\/uploads\/2021\/05\/DSCN7356-www.jpg\" data-rel=\"lightbox-image-1\" data-magnific_type=\"image\" data-rl_title=\"\" data-rl_caption=\"\" title=\"\"><img loading=\"lazy\" decoding=\"async\" class=\"size-medium wp-image-6299 alignright\" src=\"https:\/\/www.milosnicylasu.olsztyn.pl\/wp-content\/uploads\/2021\/05\/DSCN7356-www-300x225.jpg\" alt=\"\" width=\"300\" height=\"225\" srcset=\"https:\/\/www.milosnicylasu.olsztyn.pl\/wp-content\/uploads\/2021\/05\/DSCN7356-www-300x225.jpg 300w, https:\/\/www.milosnicylasu.olsztyn.pl\/wp-content\/uploads\/2021\/05\/DSCN7356-www-768x576.jpg 768w, https:\/\/www.milosnicylasu.olsztyn.pl\/wp-content\/uploads\/2021\/05\/DSCN7356-www.jpg 1024w\" sizes=\"auto, (max-width: 300px) 100vw, 300px\" \/><\/a><\/strong><\/p>\n<p><strong>Tulipany zacz\u0119to uprawia\u0107 prawdopodobnie w Persji w X wieku n.e. Uprawiane by\u0142y w XVI wieku w Imperium Osma\u0144skim. Su\u0142tan Ahmed III mia\u0142 wielki ogr\u00f3d, w kt\u00f3rym uprawiano wiele gatunk\u00f3w tulipan\u00f3w, nie tylko rodzimych dla Turcji, ale tak\u017ce sprowadzonych z Iranu i Azji \u015arodkowej. Czasy Imperium Osma\u0144skiego cz\u0119sto nazywane s\u0105 epok\u0105 tulipan\u00f3w. Tulipan symbolizowa\u0142 w\u00f3wczas obfito\u015b\u0107,wyrozumia\u0142o\u015b\u0107 i raj na ziemi. W Holandii natomiast tulipan symbolizowa\u0142 kr\u00f3tko\u015b\u0107 i przemijanie \u017cycia ludzkiego.<\/strong><\/p>\n<p><strong>Uwa\u017ca si\u0119, \u017ce do Europy Zachodniej tulipany zosta\u0142y sprowadzone w\u00a0 1554 roku.<\/strong><\/p>\n<p><strong>Pod koniec drugiej po\u0142owy XVI wieku zachodni\u0105 Europ\u0119 (przede wszystkim Holandi\u0119) ogarn\u0119\u0142o tulipanowe szale\u0144stwo. Poniewa\u017c ich ceny gwa\u0142townie ros\u0142y, zacz\u0119to je skupywa\u0107 w nadziei jeszcze dro\u017cszego odsprzedania. W 1637 roku tulipan &#8217;<a href=\"https:\/\/pl.wikipedia.org\/wiki\/Pstro%C5%9B%C4%87_tulipana\">Semper Augustus<\/a>&#8217; zosta\u0142 sprzedany za astronomiczn\u0105 wtedy kwot\u0119 13 tysi\u0119cy gulden\u00f3w. Niekt\u00f3re z cebulek by\u0142y warte kamienicy w Amsterdamie . Zakupy cebulek za tak wyg\u00f3rowane ceny nie op\u0142aci\u0142y si\u0119 i doprowadzi\u0142y do ruiny finansowej niekt\u00f3rych kupc\u00f3w..<\/strong><\/p>\n<p>&nbsp;<\/p>\n<p>o.<\/p>\n","protected":false},"excerpt":{"rendered":"<p>Czarne tulipany, a w\u0142a\u015bciwie bordowo-fioletowe rosn\u0105 w naszym ogrodzie od lat. Pozostaje tajemnic\u0105 czemu tak zosta\u0142y nazwane, ale s\u0105 pi\u0119kne, mimo, \u017ce tak naprawd\u0119 nie s\u0105 czarne. Nie s\u0105 wymagaj\u0105ce. Cebulki nie s\u0105 wykopywane po przekwitni\u0119ciu, przesuszane, ponownie wsadzane we wrze\u015bniu. Rozmna\u017caj\u0105 si\u0119, czasem wiosn\u0105 ich kwiaty znajdujemy w r\u00f3\u017cnych\u00a0 miejscach w ogrodzie. Nie choruj\u0105&#8230;&#8230;. [&hellip;]<\/p>\n","protected":false},"author":2,"featured_media":0,"comment_status":"open","ping_status":"open","sticky":false,"template":"","format":"standard","meta":{"footnotes":""},"categories":[1,9,17],"tags":[],"class_list":["post-6297","post","type-post","status-publish","format-standard","hentry","category-bez-kategorii","category-ciekawostki","category-edukacja-w-terenie"],"_links":{"self":[{"href":"https:\/\/www.milosnicylasu.olsztyn.pl\/index.php?rest_route=\/wp\/v2\/posts\/6297","targetHints":{"allow":["GET"]}}],"collection":[{"href":"https:\/\/www.milosnicylasu.olsztyn.pl\/index.php?rest_route=\/wp\/v2\/posts"}],"about":[{"href":"https:\/\/www.milosnicylasu.olsztyn.pl\/index.php?rest_route=\/wp\/v2\/types\/post"}],"author":[{"embeddable":true,"href":"https:\/\/www.milosnicylasu.olsztyn.pl\/index.php?rest_route=\/wp\/v2\/users\/2"}],"replies":[{"embeddable":true,"href":"https:\/\/www.milosnicylasu.olsztyn.pl\/index.php?rest_route=%2Fwp%2Fv2%2Fcomments&post=6297"}],"version-history":[{"count":5,"href":"https:\/\/www.milosnicylasu.olsztyn.pl\/index.php?rest_route=\/wp\/v2\/posts\/6297\/revisions"}],"predecessor-version":[{"id":6304,"href":"https:\/\/www.milosnicylasu.olsztyn.pl\/index.php?rest_route=\/wp\/v2\/posts\/6297\/revisions\/6304"}],"wp:attachment":[{"href":"https:\/\/www.milosnicylasu.olsztyn.pl\/index.php?rest_route=%2Fwp%2Fv2%2Fmedia&parent=6297"}],"wp:term":[{"taxonomy":"category","embeddable":true,"href":"https:\/\/www.milosnicylasu.olsztyn.pl\/index.php?rest_route=%2Fwp%2Fv2%2Fcategories&post=6297"},{"taxonomy":"post_tag","embeddable":true,"href":"https:\/\/www.milosnicylasu.olsztyn.pl\/index.php?rest_route=%2Fwp%2Fv2%2Ftags&post=6297"}],"curies":[{"name":"wp","href":"https:\/\/api.w.org\/{rel}","templated":true}]}}